{"id":353531,"date":"2022-07-15T16:35:06","date_gmt":"2022-07-15T16:35:06","guid":{"rendered":"https:\/\/dimensionturistica.com\/es\/?p=353531"},"modified":"2022-07-15T16:35:06","modified_gmt":"2022-07-15T16:35:06","slug":"el-modo-exhibira-desde-adentro-obras-de-pacientes-psiquiatricos-en-reclusion","status":"publish","type":"post","link":"https:\/\/dimensionturistica.com\/es\/el-modo-exhibira-desde-adentro-obras-de-pacientes-psiquiatricos-en-reclusion\/","title":{"rendered":"El MODO exhibir\u00e1 DESDE ADENTRO, obras de pacientes psiqui\u00e1tricos en reclusi\u00f3n"},"content":{"rendered":"<p><img decoding=\"async\" class=\"size-medium wp-image-353532 alignright\" src=\"https:\/\/dimensionturistica.com\/es\/wp-content\/uploads\/2022\/07\/Daniela_Para-Daniel_2021-300x219.jpg\" alt=\"\" width=\"300\" height=\"219\" srcset=\"https:\/\/dimensionturistica.com\/es\/wp-content\/uploads\/2022\/07\/Daniela_Para-Daniel_2021-300x219.jpg 300w, https:\/\/dimensionturistica.com\/es\/wp-content\/uploads\/2022\/07\/Daniela_Para-Daniel_2021-768x561.jpg 768w, https:\/\/dimensionturistica.com\/es\/wp-content\/uploads\/2022\/07\/Daniela_Para-Daniel_2021-750x548.jpg 750w, https:\/\/dimensionturistica.com\/es\/wp-content\/uploads\/2022\/07\/Daniela_Para-Daniel_2021.jpg 904w\" sizes=\"(max-width: 300px) 100vw, 300px\" \/> Compuesta de obras realizadas por pacientes psiqui\u00e1tricos del Sistema Penitenciario de la CDMX, Desde Adentro abrir\u00e1 sus puertas en el Museo del Objeto del Objeto, MODO, del 12 de julio al 18 de septiembre. La muestra que se empez\u00f3 a gestar en 2016, es el resultado de una iniciativa conducida por el artista visual Ricardo Caballero en colaboraci\u00f3n con el MODO.<br \/>\nDurante seis a\u00f1os de trabajo en conjunto y a trav\u00e9s de talleres llevados a cabo dos veces por semana, se ha creado un n\u00famero considerable de piezas y propuestas que reflejan diversas inquietudes por parte de las personas privadas de su libertad. Estos trabajos a su vez han sido motivados por distintos temas, y a su vez han establecido una conexi\u00f3n muy precisa con los objetos del acervo del MODO; de esta manera han logrado una multiplicidad de hallazgos interpretativos.<br \/>\nLas diferentes manifestaciones art\u00edsticas como pinturas, dibujos, collages y textiles que integran la exposici\u00f3n fueron creadas por 54 interno-pacientes, hacen una reflexi\u00f3n en torno a numerosos<img decoding=\"async\" class=\"size-medium wp-image-353533 alignright\" src=\"https:\/\/dimensionturistica.com\/es\/wp-content\/uploads\/2022\/07\/Enrique_El-mundo-de-Eruc_2021-250x300.jpg\" alt=\"\" width=\"250\" height=\"300\" srcset=\"https:\/\/dimensionturistica.com\/es\/wp-content\/uploads\/2022\/07\/Enrique_El-mundo-de-Eruc_2021-250x300.jpg 250w, https:\/\/dimensionturistica.com\/es\/wp-content\/uploads\/2022\/07\/Enrique_El-mundo-de-Eruc_2021-750x899.jpg 750w, https:\/\/dimensionturistica.com\/es\/wp-content\/uploads\/2022\/07\/Enrique_El-mundo-de-Eruc_2021.jpg 763w\" sizes=\"(max-width: 250px) 100vw, 250px\" \/> temas tan importantes como la salud mental, el medicamento administrado y regulado, los espacios que se habitan o lugares donde se reside, entendidos estos como la vivienda, el hogar o el refugio.<br \/>\nA trav\u00e9s del trabajo constante dentro de los penales, hemos establecido un v\u00ednculo muy estrecho con la poblaci\u00f3n considerada psiqui\u00e1trica de estas instituciones. Este v\u00ednculo se ha fortalecido con el paso del tiempo, ha abierto puentes de comunicaci\u00f3n desde adentro hacia el exterior, y nos ha brindado oportunidades para comprender a un sector de la poblaci\u00f3n penitenciaria que rara vez tiene posibilidades para expresarse, comenta el artista Ricardo Caballero.<br \/>\nDe esta manera, las obras llevadas a cabo por las y los internos del Penal Femenil de Tepepan y del Centro Varonil de Rehabilitaci\u00f3n Psicosocial (CEVAREPSI), logran traspasar las paredes de las c\u00e1rceles y llegar ante los visitantes del museo, haciendo evidente, a trav\u00e9s de ellas, la vida y visiones de sus autores, as\u00ed como sus interpretaciones y reciprocidades simb\u00f3licas.<br \/>\nTodo esto se conjunta en el nombre de la muestra: Desde Adentro.<img decoding=\"async\" class=\"size-medium wp-image-353534 alignright\" src=\"https:\/\/dimensionturistica.com\/es\/wp-content\/uploads\/2022\/07\/Esmeralda_Ulcera_2021-300x219.jpg\" alt=\"\" width=\"300\" height=\"219\" srcset=\"https:\/\/dimensionturistica.com\/es\/wp-content\/uploads\/2022\/07\/Esmeralda_Ulcera_2021-300x219.jpg 300w, https:\/\/dimensionturistica.com\/es\/wp-content\/uploads\/2022\/07\/Esmeralda_Ulcera_2021-768x561.jpg 768w, https:\/\/dimensionturistica.com\/es\/wp-content\/uploads\/2022\/07\/Esmeralda_Ulcera_2021-750x548.jpg 750w, https:\/\/dimensionturistica.com\/es\/wp-content\/uploads\/2022\/07\/Esmeralda_Ulcera_2021.jpg 901w\" sizes=\"(max-width: 300px) 100vw, 300px\" \/><br \/>\nLa exposici\u00f3n est\u00e1 compuesta por 52 obras, la mayor\u00eda individuales y otras colectivas, divididas en dos secciones. La primera secci\u00f3n, llamada El informe de s\u00ed, consta de obra reciente, generada en su mayor\u00eda, durante la pandemia en ambos penales. La segunda parte es una retrospectiva de estos a\u00f1os de trabajo y se complementa con la proyecci\u00f3n de un video que muestra la explicaci\u00f3n <img decoding=\"async\" class=\"size-medium wp-image-353536 alignleft\" src=\"https:\/\/dimensionturistica.com\/es\/wp-content\/uploads\/2022\/07\/Marco_Cronicas-Biograficas_2020-221x300.jpg\" alt=\"\" width=\"221\" height=\"300\" srcset=\"https:\/\/dimensionturistica.com\/es\/wp-content\/uploads\/2022\/07\/Marco_Cronicas-Biograficas_2020-221x300.jpg 221w, https:\/\/dimensionturistica.com\/es\/wp-content\/uploads\/2022\/07\/Marco_Cronicas-Biograficas_2020.jpg 729w\" sizes=\"(max-width: 221px) 100vw, 221px\" \/>de algunos artistas acerca de su obra. Las obras se acompa\u00f1an de 490 objetos de la colecci\u00f3n del MODO, con los cuales se establece un di\u00e1logo y que en muchos casos inspiraron su creaci\u00f3n.<br \/>\nCon el objetivo de dar visibilidad a un grupo que se encuentra en una gran situaci\u00f3n de vulnerabilidad, la presente exposici\u00f3n abarca m\u00e1s de cinco a\u00f1os de colaboraci\u00f3n en la b\u00fasqueda art\u00edstica de personas que, desde dentro de los muros, tienen mucho que compartir con el p\u00fablico del exterior para expresar su mundo interior&amp;quot;, comenta Paulina Newman, Directora del MODO.<br \/>\nLa muestra estar\u00e1 en el MODO del 12 de julio al 18 de septiembre de 2022, en un horario de martes a domingo de 10:00 am a 6:00 pm.<\/p>\n","protected":false},"excerpt":{"rendered":"<p>Compuesta de obras realizadas por pacientes psiqui\u00e1tricos del Sistema Penitenciario de la CDMX, Desde Adentro abrir\u00e1 sus puertas en el Museo del Objeto del Objeto, MODO, del 12 de julio al 18 de septiembre. La muestra que se empez\u00f3 a gestar en 2016, es el resultado de una iniciativa conducida por el artista visual Ricardo [&hellip;]<\/p>\n","protected":false},"author":1,"featured_media":353535,"comment_status":"open","ping_status":"closed","sticky":false,"template":"","format":"standard","meta":{"om_disable_all_campaigns":false,"jnews-multi-image_gallery":[],"jnews_single_post":{"source_name":"","source_url":"","via_name":"","via_url":"","override_template":"0","override":[{"template":"1","single_blog_custom":"","parallax":"1","fullscreen":"1","layout":"right-sidebar","sidebar":"default-sidebar","second_sidebar":"default-sidebar","sticky_sidebar":"1","share_position":"top","share_float_style":"share-monocrhome","show_share_counter":"1","show_view_counter":"1","show_featured":"1","show_post_meta":"1","show_post_author":"1","show_post_author_image":"1","show_post_date":"1","post_date_format":"default","post_date_format_custom":"Y\/m\/d","show_post_category":"1","show_post_reading_time":"0","post_reading_time_wpm":"300","show_zoom_button":"0","zoom_button_out_step":"2","zoom_button_in_step":"3","show_post_tag":"1","show_prev_next_post":"1","show_popup_post":"1","number_popup_post":"1","show_author_box":"0","show_post_related":"0","show_inline_post_related":"0"}],"override_image_size":"0","image_override":[{"single_post_thumbnail_size":"crop-500","single_post_gallery_size":"crop-500"}],"trending_post":"0","trending_post_position":"meta","trending_post_label":"Trending","sponsored_post":"0","sponsored_post_label":"Sponsored by","sponsored_post_name":"","sponsored_post_url":"","sponsored_post_logo_enable":"0","sponsored_post_logo":"","sponsored_post_desc":"","disable_ad":"0"},"jnews_primary_category":{"id":""},"jnews_social_meta":{"fb_title":"","fb_description":"","fb_image":"","twitter_title":"","twitter_description":"","twitter_image":""},"footnotes":""},"categories":[40],"tags":[],"class_list":["post-353531","post","type-post","status-publish","format-standard","has-post-thumbnail","hentry","category-industria"],"_links":{"self":[{"href":"https:\/\/dimensionturistica.com\/es\/wp-json\/wp\/v2\/posts\/353531","targetHints":{"allow":["GET"]}}],"collection":[{"href":"https:\/\/dimensionturistica.com\/es\/wp-json\/wp\/v2\/posts"}],"about":[{"href":"https:\/\/dimensionturistica.com\/es\/wp-json\/wp\/v2\/types\/post"}],"author":[{"embeddable":true,"href":"https:\/\/dimensionturistica.com\/es\/wp-json\/wp\/v2\/users\/1"}],"replies":[{"embeddable":true,"href":"https:\/\/dimensionturistica.com\/es\/wp-json\/wp\/v2\/comments?post=353531"}],"version-history":[{"count":0,"href":"https:\/\/dimensionturistica.com\/es\/wp-json\/wp\/v2\/posts\/353531\/revisions"}],"wp:featuredmedia":[{"embeddable":true,"href":"https:\/\/dimensionturistica.com\/es\/wp-json\/wp\/v2\/media\/353535"}],"wp:attachment":[{"href":"https:\/\/dimensionturistica.com\/es\/wp-json\/wp\/v2\/media?parent=353531"}],"wp:term":[{"taxonomy":"category","embeddable":true,"href":"https:\/\/dimensionturistica.com\/es\/wp-json\/wp\/v2\/categories?post=353531"},{"taxonomy":"post_tag","embeddable":true,"href":"https:\/\/dimensionturistica.com\/es\/wp-json\/wp\/v2\/tags?post=353531"}],"curies":[{"name":"wp","href":"https:\/\/api.w.org\/{rel}","templated":true}]}}