{"id":353523,"date":"2022-07-15T16:12:10","date_gmt":"2022-07-15T16:12:10","guid":{"rendered":"https:\/\/dimensionturistica.com\/es\/?p=353523"},"modified":"2022-07-15T16:12:10","modified_gmt":"2022-07-15T16:12:10","slug":"esta-de-regreso-la-guelaguetza-y-con-ella-una-amplia-oferta-de-actividades-en-oaxaca","status":"publish","type":"post","link":"https:\/\/dimensionturistica.com\/es\/esta-de-regreso-la-guelaguetza-y-con-ella-una-amplia-oferta-de-actividades-en-oaxaca\/","title":{"rendered":"Esta de regreso La Guelaguetza y con ella, una amplia oferta de actividades en Oaxaca"},"content":{"rendered":"<p>&nbsp;<\/p>\n<p><img decoding=\"async\" class=\"size-medium wp-image-353524 alignright\" src=\"https:\/\/dimensionturistica.com\/es\/wp-content\/uploads\/2022\/07\/primer-desfile-guelaguetza-2019-58-200x300.jpg\" alt=\"\" width=\"200\" height=\"300\" srcset=\"https:\/\/dimensionturistica.com\/es\/wp-content\/uploads\/2022\/07\/primer-desfile-guelaguetza-2019-58-200x300.jpg 200w, https:\/\/dimensionturistica.com\/es\/wp-content\/uploads\/2022\/07\/primer-desfile-guelaguetza-2019-58-684x1024.jpg 684w, https:\/\/dimensionturistica.com\/es\/wp-content\/uploads\/2022\/07\/primer-desfile-guelaguetza-2019-58.jpg 721w\" sizes=\"(max-width: 200px) 100vw, 200px\" \/>alles y poblados de Oaxaca se llenan de vida con diversas actividades que tienen lugar en diferentes municipios del estado, en el marco de la fiesta m\u00e1s grande de Latinoam\u00e9rica, la Guelaguetza:<br \/>\nEn esas fechas, en la comunidad de San Antonino Castillo Velasco se realizar\u00e1 la Feria Artesanal y Cultural a las 16 horas.<br \/>\nEl 1\u00b0 de agosto en la comunidad de Santo Tom\u00e1s Jalieza se llevar\u00e1 a cabo la Guelaguetza en el Paraje Piedra de Sal a las 16 horas.<br \/>\nEn el municipio de San Mart\u00edn Tilcajete, del 15 de julio al 7 de agosto se realizar\u00e1 la Expo Feria Artesanal-Cultural-Guelaguetza, en un horario de 9 a 18 horas.<br \/>\nOcotl\u00e1n de Morelos ofrece 24, 25 de julio y el 1\u00b0 de agosto, la Feria Artesanal-Cultural-Guelaguetza, de 9 a 18 horas.<br \/>\nDel 30 de julio al 1\u00b0 de agosto, se realizar\u00e1 en la comunidad de Zimatl\u00e1n de \u00c1lvarez, eventos gastron\u00f3micos, culturales y deportivos en un horario de 10 a 19 horas.<br \/>\nEn el municipio de Zaachila, el 1\u00b0 de agosto, se llevar\u00e1 a cabo la celebraci\u00f3n de la Guelaguetza en la zona arqueol\u00f3gica a las 13 horas.<br \/>\nDel 22 al 27 de julio, en la comunidad de Santiago Matatl\u00e1n, se realizar\u00e1n eventos gastron\u00f3micos, catas y exposiciones en un horario de 12 a 20 horas.<br \/>\nSan Bartolom\u00e9 Quialana ofrecer\u00e1 eventos gastron\u00f3micos y culturales, del 23 al 29 de agosto en un horario de 10 a 18 horas.<br \/>\nEn San Jos\u00e9 del Progreso, del 22 de julio al 3 de agosto se llevar\u00e1 a cabo una Expo Venta en Santo Domingo (Oaxaca), de 10 a 17 horas, as\u00ed como en San Pedro Ap\u00f3stol, el 25 de julio se realizar\u00e1n<img decoding=\"async\" class=\"size-medium wp-image-353525 alignright\" src=\"https:\/\/dimensionturistica.com\/es\/wp-content\/uploads\/2022\/07\/aa3d96ea7110dfef3c7c2a8ff6eb2902-240x300.jpg\" alt=\"\" width=\"240\" height=\"300\" srcset=\"https:\/\/dimensionturistica.com\/es\/wp-content\/uploads\/2022\/07\/aa3d96ea7110dfef3c7c2a8ff6eb2902-240x300.jpg 240w, https:\/\/dimensionturistica.com\/es\/wp-content\/uploads\/2022\/07\/aa3d96ea7110dfef3c7c2a8ff6eb2902.jpg 640w\" sizes=\"(max-width: 240px) 100vw, 240px\" \/> eventos culturales-gastron\u00f3micos y Guelaguetza a las 16 horas.<br \/>\nAsimismo, en Mitla, del 22 al 31 de julio se desarrollar\u00e1n eventos culturales-gastron\u00f3micos y la celebraci\u00f3n de la Guelaguetza en un horario de 13 a 20 horas.<br \/>\nLa 1\u00aa Feria de las Artesan\u00edas Centro Hist\u00f3rico, se llevar\u00e1 a cabo en la comunidad de Tlacolula de Matamoros los d\u00edas 23, 24, 30 y 31 de julio, de 9 a 18 horas.<br \/>\nCuilapam de Guerrero invita a la celebraci\u00f3n de la Guelaguetza en la Unidad Deportiva, el 25 de julio las 16 horas y la comunidad de Huajuapan de Le\u00f3n realizar\u00e1 actividades deportivas, art\u00edsticas y culturales de 9 a 20 horas.<br \/>\nA trav\u00e9s de estas celebraciones en el marco de la m\u00e1gica festividad de la Guelaguetza, se pretende incentivar la reactivaci\u00f3n econ\u00f3mica de la regi\u00f3n, as\u00ed como detonar el desarrollo de las comunidades que componen al estado de Oaxaca.<\/p>\n","protected":false},"excerpt":{"rendered":"<p>&nbsp; alles y poblados de Oaxaca se llenan de vida con diversas actividades que tienen lugar en diferentes municipios del estado, en el marco de la fiesta m\u00e1s grande de Latinoam\u00e9rica, la Guelaguetza: En esas fechas, en la comunidad de San Antonino Castillo Velasco se realizar\u00e1 la Feria Artesanal y Cultural a las 16 horas. [&hellip;]<\/p>\n","protected":false},"author":1,"featured_media":353527,"comment_status":"open","ping_status":"closed","sticky":false,"template":"","format":"standard","meta":{"om_disable_all_campaigns":false,"jnews-multi-image_gallery":[],"jnews_single_post":{"source_name":"","source_url":"","via_name":"","via_url":"","override_template":"0","override":[{"template":"1","single_blog_custom":"","parallax":"1","fullscreen":"1","layout":"right-sidebar","sidebar":"default-sidebar","second_sidebar":"default-sidebar","sticky_sidebar":"1","share_position":"top","share_float_style":"share-monocrhome","show_share_counter":"1","show_view_counter":"1","show_featured":"1","show_post_meta":"1","show_post_author":"1","show_post_author_image":"1","show_post_date":"1","post_date_format":"default","post_date_format_custom":"Y\/m\/d","show_post_category":"1","show_post_reading_time":"0","post_reading_time_wpm":"300","show_zoom_button":"0","zoom_button_out_step":"2","zoom_button_in_step":"3","show_post_tag":"1","show_prev_next_post":"1","show_popup_post":"1","number_popup_post":"1","show_author_box":"0","show_post_related":"0","show_inline_post_related":"0"}],"override_image_size":"0","image_override":[{"single_post_thumbnail_size":"crop-500","single_post_gallery_size":"crop-500"}],"trending_post":"0","trending_post_position":"meta","trending_post_label":"Trending","sponsored_post":"0","sponsored_post_label":"Sponsored by","sponsored_post_name":"","sponsored_post_url":"","sponsored_post_logo_enable":"0","sponsored_post_logo":"","sponsored_post_desc":"","disable_ad":"0"},"jnews_primary_category":{"id":""},"jnews_social_meta":{"fb_title":"","fb_description":"","fb_image":"","twitter_title":"","twitter_description":"","twitter_image":""},"footnotes":""},"categories":[39],"tags":[],"class_list":["post-353523","post","type-post","status-publish","format-standard","has-post-thumbnail","hentry","category-viajes"],"_links":{"self":[{"href":"https:\/\/dimensionturistica.com\/es\/wp-json\/wp\/v2\/posts\/353523","targetHints":{"allow":["GET"]}}],"collection":[{"href":"https:\/\/dimensionturistica.com\/es\/wp-json\/wp\/v2\/posts"}],"about":[{"href":"https:\/\/dimensionturistica.com\/es\/wp-json\/wp\/v2\/types\/post"}],"author":[{"embeddable":true,"href":"https:\/\/dimensionturistica.com\/es\/wp-json\/wp\/v2\/users\/1"}],"replies":[{"embeddable":true,"href":"https:\/\/dimensionturistica.com\/es\/wp-json\/wp\/v2\/comments?post=353523"}],"version-history":[{"count":0,"href":"https:\/\/dimensionturistica.com\/es\/wp-json\/wp\/v2\/posts\/353523\/revisions"}],"wp:featuredmedia":[{"embeddable":true,"href":"https:\/\/dimensionturistica.com\/es\/wp-json\/wp\/v2\/media\/353527"}],"wp:attachment":[{"href":"https:\/\/dimensionturistica.com\/es\/wp-json\/wp\/v2\/media?parent=353523"}],"wp:term":[{"taxonomy":"category","embeddable":true,"href":"https:\/\/dimensionturistica.com\/es\/wp-json\/wp\/v2\/categories?post=353523"},{"taxonomy":"post_tag","embeddable":true,"href":"https:\/\/dimensionturistica.com\/es\/wp-json\/wp\/v2\/tags?post=353523"}],"curies":[{"name":"wp","href":"https:\/\/api.w.org\/{rel}","templated":true}]}}