{"id":353503,"date":"2022-07-15T15:42:57","date_gmt":"2022-07-15T15:42:57","guid":{"rendered":"https:\/\/dimensionturistica.com\/es\/?p=353503"},"modified":"2022-07-15T15:42:57","modified_gmt":"2022-07-15T15:42:57","slug":"celebra-mayakoba-esfuerzos-por-la-conservacion-del-arrecife-de-coral-con-la-segunda-edicion-anual-de-reef-week","status":"publish","type":"post","link":"https:\/\/dimensionturistica.com\/es\/celebra-mayakoba-esfuerzos-por-la-conservacion-del-arrecife-de-coral-con-la-segunda-edicion-anual-de-reef-week\/","title":{"rendered":"Celebra Mayakoba esfuerzos por la conservaci\u00f3n del arrecife de coral con la segunda edici\u00f3n anual de \u00abReef Week\u00bb"},"content":{"rendered":"<figure id=\"attachment_353516\" aria-describedby=\"caption-attachment-353516\" style=\"width: 300px\" class=\"wp-caption alignright\"><img decoding=\"async\" class=\"size-medium wp-image-353516\" src=\"https:\/\/dimensionturistica.com\/es\/wp-content\/uploads\/2022\/07\/Base-de-coral-300x225.jpg\" alt=\"\" width=\"300\" height=\"225\" srcset=\"https:\/\/dimensionturistica.com\/es\/wp-content\/uploads\/2022\/07\/Base-de-coral-300x225.jpg 300w, https:\/\/dimensionturistica.com\/es\/wp-content\/uploads\/2022\/07\/Base-de-coral-1024x768.jpg 1024w, https:\/\/dimensionturistica.com\/es\/wp-content\/uploads\/2022\/07\/Base-de-coral-768x576.jpg 768w, https:\/\/dimensionturistica.com\/es\/wp-content\/uploads\/2022\/07\/Base-de-coral-750x563.jpg 750w, https:\/\/dimensionturistica.com\/es\/wp-content\/uploads\/2022\/07\/Base-de-coral-1140x855.jpg 1140w, https:\/\/dimensionturistica.com\/es\/wp-content\/uploads\/2022\/07\/Base-de-coral.jpg 1440w\" sizes=\"(max-width: 300px) 100vw, 300px\" \/><figcaption id=\"caption-attachment-353516\" class=\"wp-caption-text\">DCIM116GOPRO<\/figcaption><\/figure>\n<p>Durante julio Mayakoba, un destino de 250hect\u00e1reas l\u00edder en la vigilancia y gesti\u00f3n ambiental que ofrece una gran diversidad ecol\u00f3gica en la Riviera Maya, ser\u00e1 sede de la segunda edici\u00f3n de Reef Week, un evento con duraci\u00f3n de cuatro d\u00edas dedicado a la celebraci\u00f3n del compromiso con el medio ambiente y a elevar la conciencia sobre los efectos negativos del cambio clim\u00e1tico global y su impacto en el ecosistema arrecifal.<br \/>\nA lo largo de la semana, los hu\u00e9spedes del destino podr\u00e1n participar en una serie de eventos y actividades educativas, tales como realizar esn\u00f3rquel con bi\u00f3logos marinos para aprender de primera mano los procedimientos de la restauraci\u00f3n de coral, la decoraci\u00f3n artesanal de las bases que se utilizan para el cultivo y trasplante de nuevas colonias de coral, yoga y meditaci\u00f3n en la playa e incluso disfrutar de noches de cine al aire libre como parte de esta maravillosa experiencia.<br \/>\nPara la clausura del evento Mayakoba ofrecer\u00e1 una cena en colaboraci\u00f3n con COMEPESCA, el Consejo Mexicano para la Promoci\u00f3n de los Productos Pesqueros y Acu\u00edcolas, que se llevar\u00e1 a cabo<img decoding=\"async\" class=\"size-medium wp-image-353517 alignright\" src=\"https:\/\/dimensionturistica.com\/es\/wp-content\/uploads\/2022\/07\/Arrecife-300x225.jpg\" alt=\"\" width=\"300\" height=\"225\" srcset=\"https:\/\/dimensionturistica.com\/es\/wp-content\/uploads\/2022\/07\/Arrecife-300x225.jpg 300w, https:\/\/dimensionturistica.com\/es\/wp-content\/uploads\/2022\/07\/Arrecife.jpg 480w\" sizes=\"(max-width: 300px) 100vw, 300px\" \/> el 17 de julio en El Pueblito de Mayakoba. En 2017, COMEPESCA lanz\u00f3 la campa\u00f1a \u201cPesca Con Futuro\u201d que enfoca sus esfuerzos en la promoci\u00f3n de la pesca responsable y sustentable para mantener la sana conservaci\u00f3n de las especies y evitar la sobre explotaci\u00f3n. La cena, que representa la tercera instalaci\u00f3n del concepto \u201cAmigos del Mar\u201d ofrecer\u00e1 un evento liderado por el Chef Juan Pablo Loza, VP de operaciones culinarias de Rosewood Mayakoba, de la mano de m\u00e1s 20 chefs reconocidos en la regi\u00f3n. El acceso a la cena tiene un costo de $150 USD. y se ofrecer\u00e1 un precio especial para las personas locales y los j\u00f3venes de 13 a 17 a\u00f1os, y para menores de 13 a\u00f1os el acceso es libre. Hay que hacer previa reservaci\u00f3n y est\u00e1 sujeto a disponibilidad.<br \/>\nPara reservar puede ser v\u00eda correo electr\u00f3nico a donate@sancusfoundation.org o por tel\u00e9fono al 984 265 9507.<br \/>\n\u201cEn Mayakoba la conservaci\u00f3n ambiental ha sido un pilar clave desde sus inicios, hace m\u00e1s de 15 a\u00f1os, y se mantiene como una acci\u00f3n primordial en todas nuestras iniciativas.<br \/>\nNuestro primer Reef Week tuvo tanto \u00e9xito el a\u00f1o pasado entre los hu\u00e9spedes, que estamos muy entusiasmados de poder traer nuevamente esta iniciativa a Mayakoba, para aumentar la conciencia sobre el cuidado y protecci\u00f3n de los arrecifes de coral\u201d comenta Kappner Clark, directora de mercadotecnia de RLH Properties.<br \/>\nLa importancia de los arrecifes.<br \/>\nEl arrecife de coral sufre de mucha degradaci\u00f3n a nivel global como resultado de una serie de<img decoding=\"async\" class=\"size-medium wp-image-353518 alignright\" src=\"https:\/\/dimensionturistica.com\/es\/wp-content\/uploads\/2022\/07\/Mayakobaxx-300x225.jpg\" alt=\"\" width=\"300\" height=\"225\" srcset=\"https:\/\/dimensionturistica.com\/es\/wp-content\/uploads\/2022\/07\/Mayakobaxx-300x225.jpg 300w, https:\/\/dimensionturistica.com\/es\/wp-content\/uploads\/2022\/07\/Mayakobaxx.jpg 450w\" sizes=\"(max-width: 300px) 100vw, 300px\" \/> factores, entre ellos el cambio clim\u00e1tico que ocasiona el incremento de la temperatura del oc\u00e9ano y es el origen del emblanquecimiento del coral, los da\u00f1os por las tempestades, www.mayakoba.com<br \/>\nlas malas pr\u00e1cticas de pesca y el efecto del desarrollo tur\u00edstico irresponsable. En los \u00faltimos 30 a\u00f1os se han extinguido cerca de la mitad de los arrecifes a nivel mundial, lo que representa un tremendo impacto al considerar que solo el 1% de los oc\u00e9anos est\u00e1n cubiertos por coral y pone en riesgo a una cuarta parte de las especies marinas que su supervivencia depende del alimento y el h\u00e1bitat que proveen los arrecifes.<br \/>\nReef Week es uno de los mayores compromisos de Mayakoba para proteger y restaurar parte del Sistema Arrecifal Mesoamericano, que se localiza frente a la Riviera Maya y es el segundo sistema arrecifal m\u00e1s grande del mundo. Con acciones educativas entre sus hu\u00e9spedes, programas interactivos liderados por un equipo de bi\u00f3logos y colaboraciones con asociaciones civiles enfocadas en la preservaci\u00f3n ambiental, es como se ha logrado continuar con el desarrollo y crecimiento de esta iniciativa.<br \/>\nCompromiso con el medio ambiente.<br \/>\nEn colaboraci\u00f3n con Sancus Foundation y Oceanus A.C., Mayakoba est\u00e1 comprometido con un programa a cinco a\u00f1os de restauraci\u00f3n de arrecifes, en el cual, por medio de la creaci\u00f3n de nuevos viveros de coral y esfuerzos de plantaci\u00f3n de colonias, el destino tiene el prop\u00f3sito de rescatar y reconectar zonas de arrecife dentro del Sistema Arrecifal Mesoamericano que han sido da\u00f1adas. Los esfuerzos de restauraci\u00f3n incluyen la creaci\u00f3n de nuevos sitios de vivero de coral en el entorno de Mayakoba y el monitoreo de estas colonias de manera regular por bi\u00f3logos expertos, plantando nuevas colonias de coral que est\u00e9n vivas, sanas, y gen\u00e9ticamente diversas con la meta de plantar m\u00e1s de 5,000 colonias durante el periodo de colaboraci\u00f3n. El programa de restauraci\u00f3n de arrecifes de Mayakoba actualmente opera en cinco sitios distintos: Parque Nacional Arrecife de Cozumel, Arrecife en el \u00e1rea de Mayakoba, Reserva de la Biosfera de Siaan Ka\u2019an, Parque Nacional Puerto Morelos y Punta Maroma.<br \/>\nAdem\u00e1s de Reef Week, los hu\u00e9spedes de Mayakoba tienen oportunidad a lo largo del a\u00f1o para participar en restauraci\u00f3n de arrecifes. La experiencia inicia con un tour de snorkel a uno de los tres viveros colocados por Mayakoba en el Parque Nacional Puerto Morelos. Los hu\u00e9spedes reciben una explicaci\u00f3n de c\u00f3mo se obtienen fragmentos sanos de los corales que est\u00e1n creciendo en los viveros y son transferidos al sitio de restauraci\u00f3n. El fragmento de coral es colocado en una base, que puede ser decorada por los hu\u00e9spedes de Mayakoba, y que ser\u00e1 fijada en el fondo del mar para continuar con su crecimiento natural.<br \/>\nAdicional a los esfuerzos de restauraci\u00f3n de arrecifes, Mayakoba ha sido reconocido por su compromiso al desarrollo sustentable y el cuidado al medio ambiente desde sus inicios en 2006. Mayakoba hace un gran esfuerzo para proteger su entorno natural, el manglar y la vida silvestre. Un equipo compuesto por arquitectos, bi\u00f3logos, ge\u00f3logos e ingenieros protegen la vida, la riqueza y la belleza natural dentro de Mayakoba que es hogar de m\u00e1s de 55 hect\u00e1reas de manglar nativo y 300 especies de flora y fauna.<br \/>\nLas iniciativas de sostenibilidad del destino tambi\u00e9n incluyen un proyecto de recuperaci\u00f3n de playa implementado en el 2017 para reconstruir la duna costera, creando barreras protectoras para bloquear la erosi\u00f3n y atenuando el oleaje, recuperando as\u00ed la arena en playa, esto en adici\u00f3n al Campamento Tortuguero de Mayakoba, un programa que trabaja www.mayakoba.com de la mano con los comit\u00e9s locales de Tortuga Marina y el Comit\u00e9 Estatal de Conservaci\u00f3n y Manejo de Tortugas Marinas en Quintana Roo para proteger la poblaci\u00f3n de tortugas en la Riviera Maya.<br \/>\nPara aprender m\u00e1s sobre Mayakoba como destino, visita www.mayakoba.com.<br \/>\nPara hu\u00e9spedes interesados en reservar la experiencia del programa de restauraci\u00f3n, experiences@mayakoba.com o al tel\u00e9fono +1 887 316 2715.<\/p>\n","protected":false},"excerpt":{"rendered":"<p>Durante julio Mayakoba, un destino de 250hect\u00e1reas l\u00edder en la vigilancia y gesti\u00f3n ambiental que ofrece una gran diversidad ecol\u00f3gica en la Riviera Maya, ser\u00e1 sede de la segunda edici\u00f3n de Reef Week, un evento con duraci\u00f3n de cuatro d\u00edas dedicado a la celebraci\u00f3n del compromiso con el medio ambiente y a elevar la conciencia [&hellip;]<\/p>\n","protected":false},"author":1,"featured_media":353519,"comment_status":"open","ping_status":"closed","sticky":false,"template":"","format":"standard","meta":{"om_disable_all_campaigns":false,"jnews-multi-image_gallery":[],"jnews_single_post":{"source_name":"","source_url":"","via_name":"","via_url":"","override_template":"0","override":[{"template":"1","single_blog_custom":"","parallax":"1","fullscreen":"1","layout":"right-sidebar","sidebar":"default-sidebar","second_sidebar":"default-sidebar","sticky_sidebar":"1","share_position":"top","share_float_style":"share-monocrhome","show_share_counter":"1","show_view_counter":"1","show_featured":"1","show_post_meta":"1","show_post_author":"1","show_post_author_image":"1","show_post_date":"1","post_date_format":"default","post_date_format_custom":"Y\/m\/d","show_post_category":"1","show_post_reading_time":"0","post_reading_time_wpm":"300","show_zoom_button":"0","zoom_button_out_step":"2","zoom_button_in_step":"3","show_post_tag":"1","show_prev_next_post":"1","show_popup_post":"1","number_popup_post":"1","show_author_box":"0","show_post_related":"0","show_inline_post_related":"0"}],"override_image_size":"0","image_override":[{"single_post_thumbnail_size":"crop-500","single_post_gallery_size":"crop-500"}],"trending_post":"0","trending_post_position":"meta","trending_post_label":"Trending","sponsored_post":"0","sponsored_post_label":"Sponsored by","sponsored_post_name":"","sponsored_post_url":"","sponsored_post_logo_enable":"0","sponsored_post_logo":"","sponsored_post_desc":"","disable_ad":"0"},"jnews_primary_category":{"id":""},"jnews_social_meta":{"fb_title":"","fb_description":"","fb_image":"","twitter_title":"","twitter_description":"","twitter_image":""},"footnotes":""},"categories":[39],"tags":[],"class_list":["post-353503","post","type-post","status-publish","format-standard","has-post-thumbnail","hentry","category-viajes"],"_links":{"self":[{"href":"https:\/\/dimensionturistica.com\/es\/wp-json\/wp\/v2\/posts\/353503","targetHints":{"allow":["GET"]}}],"collection":[{"href":"https:\/\/dimensionturistica.com\/es\/wp-json\/wp\/v2\/posts"}],"about":[{"href":"https:\/\/dimensionturistica.com\/es\/wp-json\/wp\/v2\/types\/post"}],"author":[{"embeddable":true,"href":"https:\/\/dimensionturistica.com\/es\/wp-json\/wp\/v2\/users\/1"}],"replies":[{"embeddable":true,"href":"https:\/\/dimensionturistica.com\/es\/wp-json\/wp\/v2\/comments?post=353503"}],"version-history":[{"count":0,"href":"https:\/\/dimensionturistica.com\/es\/wp-json\/wp\/v2\/posts\/353503\/revisions"}],"wp:featuredmedia":[{"embeddable":true,"href":"https:\/\/dimensionturistica.com\/es\/wp-json\/wp\/v2\/media\/353519"}],"wp:attachment":[{"href":"https:\/\/dimensionturistica.com\/es\/wp-json\/wp\/v2\/media?parent=353503"}],"wp:term":[{"taxonomy":"category","embeddable":true,"href":"https:\/\/dimensionturistica.com\/es\/wp-json\/wp\/v2\/categories?post=353503"},{"taxonomy":"post_tag","embeddable":true,"href":"https:\/\/dimensionturistica.com\/es\/wp-json\/wp\/v2\/tags?post=353503"}],"curies":[{"name":"wp","href":"https:\/\/api.w.org\/{rel}","templated":true}]}}