{"id":353481,"date":"2022-07-15T14:42:04","date_gmt":"2022-07-15T14:42:04","guid":{"rendered":"https:\/\/dimensionturistica.com\/es\/?p=353481"},"modified":"2022-07-15T14:42:04","modified_gmt":"2022-07-15T14:42:04","slug":"apuesta-guanajuato-por-un-turismo-accesible-e-inclusivo-para-adultos-mayores-recibidos","status":"publish","type":"post","link":"https:\/\/dimensionturistica.com\/es\/apuesta-guanajuato-por-un-turismo-accesible-e-inclusivo-para-adultos-mayores-recibidos\/","title":{"rendered":"Apuesta Guanajuato por un turismo accesible e inclusivo para adultos mayores Recibidos"},"content":{"rendered":"<p><img decoding=\"async\" class=\"size-medium wp-image-353482 alignright\" src=\"https:\/\/dimensionturistica.com\/es\/wp-content\/uploads\/2022\/07\/2a745983-4c81-423d-8c42-3231cbd7c210-300x169.jpg\" alt=\"\" width=\"300\" height=\"169\" srcset=\"https:\/\/dimensionturistica.com\/es\/wp-content\/uploads\/2022\/07\/2a745983-4c81-423d-8c42-3231cbd7c210-300x169.jpg 300w, https:\/\/dimensionturistica.com\/es\/wp-content\/uploads\/2022\/07\/2a745983-4c81-423d-8c42-3231cbd7c210-1024x576.jpg 1024w, https:\/\/dimensionturistica.com\/es\/wp-content\/uploads\/2022\/07\/2a745983-4c81-423d-8c42-3231cbd7c210-768x432.jpg 768w, https:\/\/dimensionturistica.com\/es\/wp-content\/uploads\/2022\/07\/2a745983-4c81-423d-8c42-3231cbd7c210-1536x864.jpg 1536w, https:\/\/dimensionturistica.com\/es\/wp-content\/uploads\/2022\/07\/2a745983-4c81-423d-8c42-3231cbd7c210-750x422.jpg 750w, https:\/\/dimensionturistica.com\/es\/wp-content\/uploads\/2022\/07\/2a745983-4c81-423d-8c42-3231cbd7c210-1140x641.jpg 1140w, https:\/\/dimensionturistica.com\/es\/wp-content\/uploads\/2022\/07\/2a745983-4c81-423d-8c42-3231cbd7c210.jpg 1600w\" sizes=\"(max-width: 300px) 100vw, 300px\" \/>La Secretar\u00eda de Turismo del Estado de Guanajuato, mediante la Direcci\u00f3n de Turismo Social, capacit\u00f3 y sensibiliz\u00f3 a m\u00e1s de 70 prestadores de servicios y Direcciones Municipales de Turismo en atenci\u00f3n al viajero adulto mayor.<br \/>\nHoy se realiz\u00f3 con \u00e9xito la 2da. Jornada de Turismo Social con el lema \u201cAcceso a Viajes para Adultos Mayores\u201d, en el municipio de Silao, el cual tiene el objetivo de ampliar el conocimiento al sector tur\u00edstico para que genere productos y servicios de inclusi\u00f3n para dicha poblaci\u00f3n de 60 y m\u00e1s.<br \/>\nEn representaci\u00f3n de Juan Jos\u00e9 \u00c1lvarez Brunel, secretario de Turismo de Guanajuato, Mar\u00eda<img decoding=\"async\" class=\"size-medium wp-image-353484 alignright\" src=\"https:\/\/dimensionturistica.com\/es\/wp-content\/uploads\/2022\/07\/5fb0fd3c-3295-4629-8f70-8c29d5f6a1b9-300x200.jpg\" alt=\"\" width=\"300\" height=\"200\" srcset=\"https:\/\/dimensionturistica.com\/es\/wp-content\/uploads\/2022\/07\/5fb0fd3c-3295-4629-8f70-8c29d5f6a1b9-300x200.jpg 300w, https:\/\/dimensionturistica.com\/es\/wp-content\/uploads\/2022\/07\/5fb0fd3c-3295-4629-8f70-8c29d5f6a1b9-1024x683.jpg 1024w, https:\/\/dimensionturistica.com\/es\/wp-content\/uploads\/2022\/07\/5fb0fd3c-3295-4629-8f70-8c29d5f6a1b9-768x512.jpg 768w, https:\/\/dimensionturistica.com\/es\/wp-content\/uploads\/2022\/07\/5fb0fd3c-3295-4629-8f70-8c29d5f6a1b9-750x500.jpg 750w, https:\/\/dimensionturistica.com\/es\/wp-content\/uploads\/2022\/07\/5fb0fd3c-3295-4629-8f70-8c29d5f6a1b9-1140x760.jpg 1140w, https:\/\/dimensionturistica.com\/es\/wp-content\/uploads\/2022\/07\/5fb0fd3c-3295-4629-8f70-8c29d5f6a1b9.jpg 1296w\" sizes=\"(max-width: 300px) 100vw, 300px\" \/> Guadalupe Robles Le\u00f3n, subsecretaria de Promoci\u00f3n Tur\u00edstica, inaugur\u00f3 la Jornada en compa\u00f1\u00eda de Vanessa Ram\u00edrez L\u00f3pez, encargada del departamento de Turismo de Silao; Ana Laura Moguel Solache, directora de Atenci\u00f3n a Personas Adultas Mayores del DIF Estatal; y Arturo Vega Irabien, director Comercial Festival Adulto Mayor.<br \/>\nEn este interesante evento que se llev\u00f3 a cabo de 11:00 de la ma\u00f1ana a 6 de la tarde, se concientiz\u00f3 que, a las personas adultas mayores, como al resto de la poblaci\u00f3n, les gusta viajar, practicar deportes, estar en contacto con la naturaleza, descansar en el hotel, probar la gastronom\u00eda de los destinos, caminar y disfrutar de los paisajes urbanos.<br \/>\nSin embargo, este grupo de personas buscan realizar estas actividades que conjunten servicios<img decoding=\"async\" class=\"size-medium wp-image-353485 alignright\" src=\"https:\/\/dimensionturistica.com\/es\/wp-content\/uploads\/2022\/07\/60d94d18-8fc2-4a81-9aa5-00ce2298cfe7-300x169.jpg\" alt=\"\" width=\"300\" height=\"169\" srcset=\"https:\/\/dimensionturistica.com\/es\/wp-content\/uploads\/2022\/07\/60d94d18-8fc2-4a81-9aa5-00ce2298cfe7-300x169.jpg 300w, https:\/\/dimensionturistica.com\/es\/wp-content\/uploads\/2022\/07\/60d94d18-8fc2-4a81-9aa5-00ce2298cfe7-1024x576.jpg 1024w, https:\/\/dimensionturistica.com\/es\/wp-content\/uploads\/2022\/07\/60d94d18-8fc2-4a81-9aa5-00ce2298cfe7-768x432.jpg 768w, https:\/\/dimensionturistica.com\/es\/wp-content\/uploads\/2022\/07\/60d94d18-8fc2-4a81-9aa5-00ce2298cfe7-1536x864.jpg 1536w, https:\/\/dimensionturistica.com\/es\/wp-content\/uploads\/2022\/07\/60d94d18-8fc2-4a81-9aa5-00ce2298cfe7-750x422.jpg 750w, https:\/\/dimensionturistica.com\/es\/wp-content\/uploads\/2022\/07\/60d94d18-8fc2-4a81-9aa5-00ce2298cfe7-1140x641.jpg 1140w, https:\/\/dimensionturistica.com\/es\/wp-content\/uploads\/2022\/07\/60d94d18-8fc2-4a81-9aa5-00ce2298cfe7.jpg 1600w\" sizes=\"(max-width: 300px) 100vw, 300px\" \/> c\u00f3modos y espaciosos, ritmo tranquilo en recorridos, desaf\u00edo f\u00edsico ligero, trato preferencial, valoraci\u00f3n est\u00e9tica, aprendizaje y precios especiales.<br \/>\nPara lograr estos requerimientos, la Direcci\u00f3n de Turismo Social de la SECTUR prepar\u00f3 un programa completo en conjunto con el Sistema para el Desarrollo Integral de la Familia (DIF), Organizaci\u00f3n Internacional del Turismo Social (ISTO), Adventure Travel Mexico (ATMEX) y el Instituto Iberoamericano de Turismo Inclusivo (OITI) a fin de que los municipios tur\u00edsticos de la entidad migren a ser destinos amigables con el adulto mayor.<br \/>\nEn M\u00e9xico existen m\u00e1s de 12 millones de adultos mayores (60 y m\u00e1s), de los cuales, m\u00e1s de 600 mil<img decoding=\"async\" class=\"size-medium wp-image-353486 alignright\" src=\"https:\/\/dimensionturistica.com\/es\/wp-content\/uploads\/2022\/07\/74ba2eb9-0be8-4f70-8d00-3ba51cf24ad4-300x200.jpg\" alt=\"\" width=\"300\" height=\"200\" srcset=\"https:\/\/dimensionturistica.com\/es\/wp-content\/uploads\/2022\/07\/74ba2eb9-0be8-4f70-8d00-3ba51cf24ad4-300x200.jpg 300w, https:\/\/dimensionturistica.com\/es\/wp-content\/uploads\/2022\/07\/74ba2eb9-0be8-4f70-8d00-3ba51cf24ad4-1024x682.jpg 1024w, https:\/\/dimensionturistica.com\/es\/wp-content\/uploads\/2022\/07\/74ba2eb9-0be8-4f70-8d00-3ba51cf24ad4-768x512.jpg 768w, https:\/\/dimensionturistica.com\/es\/wp-content\/uploads\/2022\/07\/74ba2eb9-0be8-4f70-8d00-3ba51cf24ad4-750x500.jpg 750w, https:\/\/dimensionturistica.com\/es\/wp-content\/uploads\/2022\/07\/74ba2eb9-0be8-4f70-8d00-3ba51cf24ad4-1140x760.jpg 1140w, https:\/\/dimensionturistica.com\/es\/wp-content\/uploads\/2022\/07\/74ba2eb9-0be8-4f70-8d00-3ba51cf24ad4.jpg 1280w\" sizes=\"(max-width: 300px) 100vw, 300px\" \/> viven en el estado de Guanajuato. El 30% de esta poblaci\u00f3n es econ\u00f3micamente activa, otro 30% cuenta con una pensi\u00f3n y el resto son vulnerables, de acuerdo con cifras de ISTO y DIF Estatal, respectivamente.<br \/>\nLas personas adultas mayores activas tienden viajar en grupos organizados, por asociaciones, por su cuenta y en familia, y prefieren viajar fuera de temporada vacacional.<br \/>\nAntes de ofrecer un viaje, actividades y\/o experiencias, es importante que el sector tur\u00edstico conozca a sus clientes, saber la personalidad, el motivo o prop\u00f3sito de viaje, la actitud de la persona, su estilo de vida, su ingreso, (\u2026), y para ello es importante la gerontolog\u00eda; adem\u00e1s, hay que conocer la accesibilidad de los municipios para saber que recomendar, apunt\u00f3 el OITI.<img decoding=\"async\" class=\"size-medium wp-image-353487 alignright\" src=\"https:\/\/dimensionturistica.com\/es\/wp-content\/uploads\/2022\/07\/96e621b4-9911-4770-882d-5d14adc9fa2b-300x169.jpg\" alt=\"\" width=\"300\" height=\"169\" srcset=\"https:\/\/dimensionturistica.com\/es\/wp-content\/uploads\/2022\/07\/96e621b4-9911-4770-882d-5d14adc9fa2b-300x169.jpg 300w, https:\/\/dimensionturistica.com\/es\/wp-content\/uploads\/2022\/07\/96e621b4-9911-4770-882d-5d14adc9fa2b-1024x576.jpg 1024w, https:\/\/dimensionturistica.com\/es\/wp-content\/uploads\/2022\/07\/96e621b4-9911-4770-882d-5d14adc9fa2b-768x432.jpg 768w, https:\/\/dimensionturistica.com\/es\/wp-content\/uploads\/2022\/07\/96e621b4-9911-4770-882d-5d14adc9fa2b-1536x864.jpg 1536w, https:\/\/dimensionturistica.com\/es\/wp-content\/uploads\/2022\/07\/96e621b4-9911-4770-882d-5d14adc9fa2b-750x422.jpg 750w, https:\/\/dimensionturistica.com\/es\/wp-content\/uploads\/2022\/07\/96e621b4-9911-4770-882d-5d14adc9fa2b-1140x641.jpg 1140w, https:\/\/dimensionturistica.com\/es\/wp-content\/uploads\/2022\/07\/96e621b4-9911-4770-882d-5d14adc9fa2b.jpg 1600w\" sizes=\"(max-width: 300px) 100vw, 300px\" \/><br \/>\nLos expertos reflexionaron en que iniciativa privada y p\u00fablica deben trabajar en conjunto por un turismo realmente para todos, para los que tienen posibilidad econ\u00f3mica y para los que no tienen recurso, as\u00ed como estrategias que apunten a llevar experiencias a toda la poblaci\u00f3n.<br \/>\nA trav\u00e9s de la Direcci\u00f3n de Turismo Social se busca el fortalecimiento e impulso al Turismo Social con diferentes acciones, sensibilizaci\u00f3n, acciones de acuerdos con el sector privado buscando siempre el beneficio para el sector tur\u00edstico y los diferentes grupos de la poblaci\u00f3n como es adultos mayores, familias, estudiantes, personas con discapacidad, entre otros.<br \/>\nClaudia Lorena Campos Delgado, directora de Turismo Social de la SECTUR, mencion\u00f3 que en esta<img decoding=\"async\" class=\"size-medium wp-image-353489 alignright\" src=\"https:\/\/dimensionturistica.com\/es\/wp-content\/uploads\/2022\/07\/767c4321-c5c1-46e5-ab6a-d59f126d6e06-300x200.jpg\" alt=\"\" width=\"300\" height=\"200\" srcset=\"https:\/\/dimensionturistica.com\/es\/wp-content\/uploads\/2022\/07\/767c4321-c5c1-46e5-ab6a-d59f126d6e06-300x200.jpg 300w, https:\/\/dimensionturistica.com\/es\/wp-content\/uploads\/2022\/07\/767c4321-c5c1-46e5-ab6a-d59f126d6e06-1024x682.jpg 1024w, https:\/\/dimensionturistica.com\/es\/wp-content\/uploads\/2022\/07\/767c4321-c5c1-46e5-ab6a-d59f126d6e06-768x512.jpg 768w, https:\/\/dimensionturistica.com\/es\/wp-content\/uploads\/2022\/07\/767c4321-c5c1-46e5-ab6a-d59f126d6e06-750x500.jpg 750w, https:\/\/dimensionturistica.com\/es\/wp-content\/uploads\/2022\/07\/767c4321-c5c1-46e5-ab6a-d59f126d6e06-1140x760.jpg 1140w, https:\/\/dimensionturistica.com\/es\/wp-content\/uploads\/2022\/07\/767c4321-c5c1-46e5-ab6a-d59f126d6e06.jpg 1280w\" sizes=\"(max-width: 300px) 100vw, 300px\" \/> 2da. Jornada se procur\u00f3 llevar a cabo acciones de inclusi\u00f3n en tema de accesibilidad, como recinto que fuese accesible para personas con discapacidad motriz, un escenario con rampa para usuario de silla de ruedas e int\u00e9rprete de lengua de se\u00f1as en las 5 ponencias que se leen a continuaci\u00f3n-<br \/>\n\u201cEl Rostro Actual de la Vejez\u2019\u2019, por Ana Laura Moguel Solache, de la Direcci\u00f3n de Atenci\u00f3n a Personas Adultas Mayores del DIF; \u2018\u2018Turismo y tercera edad: Oportunidades y Perspectivas 2030\u2019\u2019, por Sergio Rodr\u00edguez Abitia, presidente de la Organizaci\u00f3n Internacional de Turismo Social de Las Am\u00e9ricas (ISTO); ISO 21902 \u2018\u2018Nueva Norma Internacional de Turismo accesible, definiciones y aplicaci\u00f3n\u201d, por Ana Leticia Guti\u00e9rrez, especialista en temas del adulto mayor y Miembro del Observatorio Iberoamericano de Turismo Inclusivo (OITI) como experta en turismo gerontol\u00f3gico.<img decoding=\"async\" class=\"size-medium wp-image-353490 alignright\" src=\"https:\/\/dimensionturistica.com\/es\/wp-content\/uploads\/2022\/07\/d772e93b-7381-4f7c-b2ce-de2c5c8dc204-300x200.jpg\" alt=\"\" width=\"300\" height=\"200\" srcset=\"https:\/\/dimensionturistica.com\/es\/wp-content\/uploads\/2022\/07\/d772e93b-7381-4f7c-b2ce-de2c5c8dc204-300x200.jpg 300w, https:\/\/dimensionturistica.com\/es\/wp-content\/uploads\/2022\/07\/d772e93b-7381-4f7c-b2ce-de2c5c8dc204-1024x683.jpg 1024w, https:\/\/dimensionturistica.com\/es\/wp-content\/uploads\/2022\/07\/d772e93b-7381-4f7c-b2ce-de2c5c8dc204-768x512.jpg 768w, https:\/\/dimensionturistica.com\/es\/wp-content\/uploads\/2022\/07\/d772e93b-7381-4f7c-b2ce-de2c5c8dc204-750x500.jpg 750w, https:\/\/dimensionturistica.com\/es\/wp-content\/uploads\/2022\/07\/d772e93b-7381-4f7c-b2ce-de2c5c8dc204-1140x760.jpg 1140w, https:\/\/dimensionturistica.com\/es\/wp-content\/uploads\/2022\/07\/d772e93b-7381-4f7c-b2ce-de2c5c8dc204.jpg 1296w\" sizes=\"(max-width: 300px) 100vw, 300px\" \/><br \/>\nAs\u00ed como \u2018\u2018Turismo de Naturaleza Inclusivo y Accesible\u2019\u2019, por Antonio del Rosal, cofundador y Coordinador de ATMEX; y \u2018\u2018Tendencias Tur\u00edsticas Adulto Mayor \u00bfQu\u00e9 productos desarrollar de acuerdo con los segmentos y vocaciones del destino?\u2019\u2019, por Diana Margarita Mart\u00ednez Jasso, directora del Instituto Iberoamericano de Turismo Inclusivo (OITI) como experta en el turismo gerontol\u00f3gico.<br \/>\nLa SECTUR contin\u00faa trabajando y haciendo alianzas con el sector p\u00fablico, social y privado para realizar los mejores acuerdos para la poblaci\u00f3n y acceso al turismo para todos.<\/p>\n","protected":false},"excerpt":{"rendered":"<p>La Secretar\u00eda de Turismo del Estado de Guanajuato, mediante la Direcci\u00f3n de Turismo Social, capacit\u00f3 y sensibiliz\u00f3 a m\u00e1s de 70 prestadores de servicios y Direcciones Municipales de Turismo en atenci\u00f3n al viajero adulto mayor. Hoy se realiz\u00f3 con \u00e9xito la 2da. Jornada de Turismo Social con el lema \u201cAcceso a Viajes para Adultos Mayores\u201d, [&hellip;]<\/p>\n","protected":false},"author":1,"featured_media":353488,"comment_status":"open","ping_status":"closed","sticky":false,"template":"","format":"standard","meta":{"om_disable_all_campaigns":false,"jnews-multi-image_gallery":[],"jnews_single_post":{"source_name":"","source_url":"","via_name":"","via_url":"","override_template":"0","override":[{"template":"1","single_blog_custom":"","parallax":"1","fullscreen":"1","layout":"right-sidebar","sidebar":"default-sidebar","second_sidebar":"default-sidebar","sticky_sidebar":"1","share_position":"top","share_float_style":"share-monocrhome","show_share_counter":"1","show_view_counter":"1","show_featured":"1","show_post_meta":"1","show_post_author":"1","show_post_author_image":"1","show_post_date":"1","post_date_format":"default","post_date_format_custom":"Y\/m\/d","show_post_category":"1","show_post_reading_time":"0","post_reading_time_wpm":"300","show_zoom_button":"0","zoom_button_out_step":"2","zoom_button_in_step":"3","show_post_tag":"1","show_prev_next_post":"1","show_popup_post":"1","number_popup_post":"1","show_author_box":"0","show_post_related":"0","show_inline_post_related":"0"}],"override_image_size":"0","image_override":[{"single_post_thumbnail_size":"crop-500","single_post_gallery_size":"crop-500"}],"trending_post":"0","trending_post_position":"meta","trending_post_label":"Trending","sponsored_post":"0","sponsored_post_label":"Sponsored by","sponsored_post_name":"","sponsored_post_url":"","sponsored_post_logo_enable":"0","sponsored_post_logo":"","sponsored_post_desc":"","disable_ad":"0"},"jnews_primary_category":{"id":""},"jnews_social_meta":{"fb_title":"","fb_description":"","fb_image":"","twitter_title":"","twitter_description":"","twitter_image":""},"footnotes":""},"categories":[39],"tags":[],"class_list":["post-353481","post","type-post","status-publish","format-standard","has-post-thumbnail","hentry","category-viajes"],"_links":{"self":[{"href":"https:\/\/dimensionturistica.com\/es\/wp-json\/wp\/v2\/posts\/353481","targetHints":{"allow":["GET"]}}],"collection":[{"href":"https:\/\/dimensionturistica.com\/es\/wp-json\/wp\/v2\/posts"}],"about":[{"href":"https:\/\/dimensionturistica.com\/es\/wp-json\/wp\/v2\/types\/post"}],"author":[{"embeddable":true,"href":"https:\/\/dimensionturistica.com\/es\/wp-json\/wp\/v2\/users\/1"}],"replies":[{"embeddable":true,"href":"https:\/\/dimensionturistica.com\/es\/wp-json\/wp\/v2\/comments?post=353481"}],"version-history":[{"count":0,"href":"https:\/\/dimensionturistica.com\/es\/wp-json\/wp\/v2\/posts\/353481\/revisions"}],"wp:featuredmedia":[{"embeddable":true,"href":"https:\/\/dimensionturistica.com\/es\/wp-json\/wp\/v2\/media\/353488"}],"wp:attachment":[{"href":"https:\/\/dimensionturistica.com\/es\/wp-json\/wp\/v2\/media?parent=353481"}],"wp:term":[{"taxonomy":"category","embeddable":true,"href":"https:\/\/dimensionturistica.com\/es\/wp-json\/wp\/v2\/categories?post=353481"},{"taxonomy":"post_tag","embeddable":true,"href":"https:\/\/dimensionturistica.com\/es\/wp-json\/wp\/v2\/tags?post=353481"}],"curies":[{"name":"wp","href":"https:\/\/api.w.org\/{rel}","templated":true}]}}