{"id":353045,"date":"2022-07-14T21:08:27","date_gmt":"2022-07-14T21:08:27","guid":{"rendered":"https:\/\/dimensionturistica.com\/es\/?p=353045"},"modified":"2022-07-14T21:08:27","modified_gmt":"2022-07-14T21:08:27","slug":"los-chefs-diego-nino-y-gabriela-ruiz-uniran-su-talento-en-la-table-krug","status":"publish","type":"post","link":"https:\/\/dimensionturistica.com\/es\/los-chefs-diego-nino-y-gabriela-ruiz-uniran-su-talento-en-la-table-krug\/","title":{"rendered":"Los chefs Diego Ni\u00f1o y Gabriela Ruiz unir\u00e1n su talento en La Table Krug"},"content":{"rendered":"<p><img decoding=\"async\" class=\"size-medium wp-image-353049 alignright\" src=\"https:\/\/dimensionturistica.com\/es\/wp-content\/uploads\/2022\/07\/Copia-de-Diego-Nino-300x225.jpeg\" alt=\"\" width=\"300\" height=\"225\" srcset=\"https:\/\/dimensionturistica.com\/es\/wp-content\/uploads\/2022\/07\/Copia-de-Diego-Nino-300x225.jpeg 300w, https:\/\/dimensionturistica.com\/es\/wp-content\/uploads\/2022\/07\/Copia-de-Diego-Nino-1024x768.jpeg 1024w, https:\/\/dimensionturistica.com\/es\/wp-content\/uploads\/2022\/07\/Copia-de-Diego-Nino-768x576.jpeg 768w, https:\/\/dimensionturistica.com\/es\/wp-content\/uploads\/2022\/07\/Copia-de-Diego-Nino-750x563.jpeg 750w, https:\/\/dimensionturistica.com\/es\/wp-content\/uploads\/2022\/07\/Copia-de-Diego-Nino-1140x855.jpeg 1140w, https:\/\/dimensionturistica.com\/es\/wp-content\/uploads\/2022\/07\/Copia-de-Diego-Nino.jpeg 1280w\" sizes=\"(max-width: 300px) 100vw, 300px\" \/>The St. Regis Mexico City y Krug Champagne, celebran al arroz, el single ingredient del 2022 en La Table Krug, el recinto gastron\u00f3mico m\u00e1s \u00edntimo de M\u00e9xico. Ser\u00e1 en julio cuando el chef de especialidades de la Casa Astor, Diego Ni\u00f1o, comparta su cocina con la talentosa chef Gaby Ruiz, quien adem\u00e1s de ser galardonada como mejor chef de M\u00e9xico en 2019 por la gu\u00eda de los 120 restaurantes del pa\u00eds M\u00e9xico Gastron\u00f3mico, es reconocida por su sinestesia para cocinar. La experiencia sensorial promete un viaje culinario \u00fanico en el que los sabores, las texturas, aromas y los playlists curados por la Maison Krug para acompa\u00f1ar cada edici\u00f3n del champagne, ser\u00e1n los protagonistas.<\/p>\n<p>La traves\u00eda culinaria de 8 tiempos, que este a\u00f1o tendr\u00e1 al arroz como ingrediente inspiraci\u00f3n, se realizar\u00e1 el pr\u00f3ximo 28 de julio en La Table Krug, el secreto mejor guardado de los amantes de la gastronom\u00eda y experiencias sensoriales. Cada a\u00f1o, Krug Champagne elige un ingrediente que marca la pauta para enaltecer la creatividad de los chefs alrededor del mundo y as\u00ed maridar la<img decoding=\"async\" class=\"size-medium wp-image-353050 alignright\" src=\"https:\/\/dimensionturistica.com\/es\/wp-content\/uploads\/2022\/07\/Diego-2-225x300.jpeg\" alt=\"\" width=\"225\" height=\"300\" srcset=\"https:\/\/dimensionturistica.com\/es\/wp-content\/uploads\/2022\/07\/Diego-2-225x300.jpeg 225w, https:\/\/dimensionturistica.com\/es\/wp-content\/uploads\/2022\/07\/Diego-2-768x1024.jpeg 768w, https:\/\/dimensionturistica.com\/es\/wp-content\/uploads\/2022\/07\/Diego-2-1152x1536.jpeg 1152w, https:\/\/dimensionturistica.com\/es\/wp-content\/uploads\/2022\/07\/Diego-2-750x1000.jpeg 750w, https:\/\/dimensionturistica.com\/es\/wp-content\/uploads\/2022\/07\/Diego-2-1140x1520.jpeg 1140w, https:\/\/dimensionturistica.com\/es\/wp-content\/uploads\/2022\/07\/Diego-2.jpeg 1200w\" sizes=\"(max-width: 225px) 100vw, 225px\" \/> edici\u00f3n m\u00e1s reciente de Krug. La Table Krug como embajada de este champagne excepcional mantendr\u00e1 la tradici\u00f3n y retar\u00e1 a los chefs a crear sus sofisticados platillos en torno al famoso cereal consumido en casi todo el mundo desde tiempos remotos, que ser\u00e1n perfectamente maridados con la ic\u00f3nica Krug Champagne.<br \/>\nEl extraordinario y sorprendente viaje gastron\u00f3mico orquestado por el Chef Diego Ni\u00f1o, quien con un sello inspirado en la comida mexicana contempor\u00e1nea y haciendo uso de los mejores ingredientes, mostrar\u00e1 su creatividad en todo su esplendor al compartir los fogones con la extraordinaria Gaby Ruiz, chef con el talento especial de sinestesia lo que le permite la capacidad \u00fanica de percibir est\u00edmulos de su entorno como se\u00f1ales que interpreta con los sentidos, ella huele notas musicales, ve sabores y siente ingredientes, logrando crear men\u00fas que son como un concierto bien dirigido en el que su cocina canta. Este d\u00fao de talentos ofrecer\u00e1 una experiencia \u00fanica e irrepetible para todos los sentidos dentro de este oasis gastron\u00f3mico en The St. Regis Mexico City.<br \/>\n\u201cLlevar la gastronom\u00eda a nuevos horizontes ofreciendo una experiencia epic\u00farea multi-sensorial en un ambiente \u00fanico para 12 comensales ha sido el objetivo de La Table Krug desde su apertura. Con esta experiencia gastron\u00f3mica en conjunto con la talentosa chef Ruiz vamos a jugar en la cocina y divertirnos con el arroz, creando platillos dulces y salados que sorprender\u00e1n por la exquisita sinergia entre lo sencillo y la m\u00e1s alta sofisticaci\u00f3n del maridaje con champagne\u201d, asegur\u00f3 Diego<img decoding=\"async\" class=\"size-medium wp-image-353054 alignleft\" src=\"https:\/\/dimensionturistica.com\/es\/wp-content\/uploads\/2022\/07\/4Q1A0915-300x200.jpeg\" alt=\"\" width=\"300\" height=\"200\" srcset=\"https:\/\/dimensionturistica.com\/es\/wp-content\/uploads\/2022\/07\/4Q1A0915-300x200.jpeg 300w, https:\/\/dimensionturistica.com\/es\/wp-content\/uploads\/2022\/07\/4Q1A0915-1024x683.jpeg 1024w, https:\/\/dimensionturistica.com\/es\/wp-content\/uploads\/2022\/07\/4Q1A0915-768x512.jpeg 768w, https:\/\/dimensionturistica.com\/es\/wp-content\/uploads\/2022\/07\/4Q1A0915-1536x1024.jpeg 1536w, https:\/\/dimensionturistica.com\/es\/wp-content\/uploads\/2022\/07\/4Q1A0915-2048x1366.jpeg 2048w, https:\/\/dimensionturistica.com\/es\/wp-content\/uploads\/2022\/07\/4Q1A0915-750x500.jpeg 750w, https:\/\/dimensionturistica.com\/es\/wp-content\/uploads\/2022\/07\/4Q1A0915-1140x760.jpeg 1140w\" sizes=\"(max-width: 300px) 100vw, 300px\" \/> Ni\u00f1o, chef de especialidades en The St. Regis Mexico City. \u201cAdem\u00e1s, poder contar con el gran talento de Gaby y su sinestesia garantiza un momento Epicuro sin precedentes en La Table Krug\u201d<br \/>\nCon el inicio de la temporada 2022 de La Table Krug, los foodies del pa\u00eds podr\u00e1n disfrutar de una noche llena de burbujas y del men\u00fa de los chefs Ni\u00f1o y Ruiz que estar\u00e1 disponible exclusivamente el 28 de julio en horario de comida y cena.<img decoding=\"async\" class=\"size-medium wp-image-353056 alignright\" src=\"https:\/\/dimensionturistica.com\/es\/wp-content\/uploads\/2022\/07\/SEASONS-300x200.jpg\" alt=\"\" width=\"300\" height=\"200\" srcset=\"https:\/\/dimensionturistica.com\/es\/wp-content\/uploads\/2022\/07\/SEASONS-300x200.jpg 300w, https:\/\/dimensionturistica.com\/es\/wp-content\/uploads\/2022\/07\/SEASONS.jpg 450w\" sizes=\"(max-width: 300px) 100vw, 300px\" \/><br \/>\nMuy pronto el 6 de septiembre, Diego Ni\u00f1o y La Table Krug recibir\u00e1n al chef Jonatan G\u00f3mez Luna en una nueva interpretaci\u00f3n del arroz, single ingredient de este a\u00f1o. G\u00f3mez Luna es chef del restaurante Le Chique galardonado en los Latin America\u2019s 50 Best Restaurantes en el a\u00f1o 2019.<br \/>\nLa Table Krug en el hotel The St. Regis Mexico City, invita a vivir una experiencia sensorial con el \u00fanico objetivo de disfrutar del placer del vino, la gastronom\u00eda y del Joie de Vivre. Para mayores informes o reservaciones por favor contactar a La Table Krug en 5552281809 o al correo aridane.sicilia@stregis.com<br \/>\nPara m\u00e1s informaci\u00f3n visita: The-st-regis-mexico-city<\/p>\n<p>&nbsp;<\/p>\n","protected":false},"excerpt":{"rendered":"<p>The St. Regis Mexico City y Krug Champagne, celebran al arroz, el single ingredient del 2022 en La Table Krug, el recinto gastron\u00f3mico m\u00e1s \u00edntimo de M\u00e9xico. Ser\u00e1 en julio cuando el chef de especialidades de la Casa Astor, Diego Ni\u00f1o, comparta su cocina con la talentosa chef Gaby Ruiz, quien adem\u00e1s de ser galardonada [&hellip;]<\/p>\n","protected":false},"author":1,"featured_media":353055,"comment_status":"open","ping_status":"closed","sticky":false,"template":"","format":"standard","meta":{"om_disable_all_campaigns":false,"jnews-multi-image_gallery":[],"jnews_single_post":{"source_name":"","source_url":"","via_name":"","via_url":"","override_template":"0","override":[{"template":"1","single_blog_custom":"","parallax":"1","fullscreen":"1","layout":"right-sidebar","sidebar":"default-sidebar","second_sidebar":"default-sidebar","sticky_sidebar":"1","share_position":"top","share_float_style":"share-monocrhome","show_share_counter":"1","show_view_counter":"1","show_featured":"1","show_post_meta":"1","show_post_author":"1","show_post_author_image":"1","show_post_date":"1","post_date_format":"default","post_date_format_custom":"Y\/m\/d","show_post_category":"1","show_post_reading_time":"0","post_reading_time_wpm":"300","show_zoom_button":"0","zoom_button_out_step":"2","zoom_button_in_step":"3","show_post_tag":"1","show_prev_next_post":"1","show_popup_post":"1","number_popup_post":"1","show_author_box":"0","show_post_related":"0","show_inline_post_related":"0"}],"override_image_size":"0","image_override":[{"single_post_thumbnail_size":"crop-500","single_post_gallery_size":"crop-500"}],"trending_post":"0","trending_post_position":"meta","trending_post_label":"Trending","sponsored_post":"0","sponsored_post_label":"Sponsored by","sponsored_post_name":"","sponsored_post_url":"","sponsored_post_logo_enable":"0","sponsored_post_logo":"","sponsored_post_desc":"","disable_ad":"0"},"jnews_primary_category":{"id":""},"jnews_social_meta":{"fb_title":"","fb_description":"","fb_image":"","twitter_title":"","twitter_description":"","twitter_image":""},"footnotes":""},"categories":[43],"tags":[],"class_list":["post-353045","post","type-post","status-publish","format-standard","has-post-thumbnail","hentry","category-gourmet"],"_links":{"self":[{"href":"https:\/\/dimensionturistica.com\/es\/wp-json\/wp\/v2\/posts\/353045","targetHints":{"allow":["GET"]}}],"collection":[{"href":"https:\/\/dimensionturistica.com\/es\/wp-json\/wp\/v2\/posts"}],"about":[{"href":"https:\/\/dimensionturistica.com\/es\/wp-json\/wp\/v2\/types\/post"}],"author":[{"embeddable":true,"href":"https:\/\/dimensionturistica.com\/es\/wp-json\/wp\/v2\/users\/1"}],"replies":[{"embeddable":true,"href":"https:\/\/dimensionturistica.com\/es\/wp-json\/wp\/v2\/comments?post=353045"}],"version-history":[{"count":0,"href":"https:\/\/dimensionturistica.com\/es\/wp-json\/wp\/v2\/posts\/353045\/revisions"}],"wp:featuredmedia":[{"embeddable":true,"href":"https:\/\/dimensionturistica.com\/es\/wp-json\/wp\/v2\/media\/353055"}],"wp:attachment":[{"href":"https:\/\/dimensionturistica.com\/es\/wp-json\/wp\/v2\/media?parent=353045"}],"wp:term":[{"taxonomy":"category","embeddable":true,"href":"https:\/\/dimensionturistica.com\/es\/wp-json\/wp\/v2\/categories?post=353045"},{"taxonomy":"post_tag","embeddable":true,"href":"https:\/\/dimensionturistica.com\/es\/wp-json\/wp\/v2\/tags?post=353045"}],"curies":[{"name":"wp","href":"https:\/\/api.w.org\/{rel}","templated":true}]}}