{"id":353042,"date":"2022-07-14T21:00:30","date_gmt":"2022-07-14T21:00:30","guid":{"rendered":"https:\/\/dimensionturistica.com\/es\/?p=353042"},"modified":"2022-07-14T21:00:30","modified_gmt":"2022-07-14T21:00:30","slug":"como-afecta-el-mundo-de-los-viajes","status":"publish","type":"post","link":"https:\/\/dimensionturistica.com\/es\/como-afecta-el-mundo-de-los-viajes\/","title":{"rendered":"c\u00f3mo afecta el mundo de los viajes"},"content":{"rendered":"<p> <br \/>\n<\/p>\n<div>\n<p>Esta es una palabra que habr\u00e1s escuchado en m\u00e1s de una ocasi\u00f3n pero aunque es com\u00fan en<strong> vocabulario<\/strong> cuando las cosas no van del todo bien a nivel econ\u00f3mico, no hay demasiada claridad respecto a todo lo que implica la<strong> recesi\u00f3n<\/strong>.<\/p>\n<p>La <strong>econom\u00eda international <\/strong>depende en la actualidad de un gran gran cantidad de elementos que van desde el mercado del petrolero, las <strong>fluctuaciones del mercado financiero,\u00a0<\/strong>las bolsas\u00a0 de valores\u00a0hasta de las condiciones climatol\u00f3gicas y pol\u00edticas.<\/p>\n<p>Te puede interesar: <a rel=\"nofollow noopener\" target=\"_blank\" href=\"https:\/\/www.soynomada.news\/viajes\/Cuales-son-los-nuevos-requisitos-para-viajar-a-Estados-Unidos-si-eres-mexicano-20220704-0010.html\">Cu\u00e1les son los nuevos requisitos para viajar a Estados Unidos si eres mexicano<\/a><\/p>\n<p>Analistas de mercado han mencionado que el<strong> 2022<\/strong> y el <strong>2023<\/strong> ser\u00e1n a\u00f1os duros a nivel international y es posible que una de las naciones m\u00e1s relevantes a nivel financiero, econ\u00f3mico y productivo sufra de <strong>recesi\u00f3n<\/strong>, pero \u00bfqu\u00e9 significa esto? y \u00bfqu\u00e9 relaci\u00f3n e implicaci\u00f3n tiene con el <a rel=\"nofollow noopener\" target=\"_blank\" href=\"https:\/\/www.soynomada.news\/seccion\/noticias\/\">mundo de los viajes<\/a>?, te explicamos.<\/p>\n<h2>\u00bfQu\u00e9 es la recesi\u00f3n?<\/h2>\n<p>La recesi\u00f3n es un conceptp relativo a la <strong>econom\u00eda international<\/strong>, se habla de recesi\u00f3n cuando en una regi\u00f3n, pa\u00eds o demarcaci\u00f3n espec\u00edfica hay <strong>disminuci\u00f3n<\/strong> y<strong> perdida generalizada<\/strong> dentro de las <strong>actividades econ\u00f3micas<\/strong> que contribuyen con el Producto Inside Bruto.<\/p>\n<p>Esta baja afecta diversos <strong>sectores productivos<\/strong>, sobre los relativos a la bienes, servicios, consumo, inversi\u00f3n, empleo, sector empresarial-tur\u00edstico. La recesi\u00f3n en <a rel=\"nofollow noopener\" target=\"_blank\" href=\"https:\/\/www.soynomada.news\/seccion\/tips\/\">Estados Unidos<\/a> para este 2022 y 2023 se prev\u00e9\u00a0como una consecuencia directa de la pandemia por COVID-19, la especulaci\u00f3n severa en el mercado y la corrupci\u00f3n empresarial, si la recesi\u00f3n se agrave se habla ya de<strong> depresi\u00f3n<\/strong>.<\/p>\n<h2>\u00bfC\u00f3mo afecta la recesi\u00f3n de Estados Unidos al mundo de los viajes?<\/h2>\n<p>Hay que considerar la premisa\u00a0de que la recesi\u00f3n <strong>es una baja en la econom\u00eda de un pa\u00eds<\/strong>, es decir, en este caso, Estados Unidos presentar\u00e1 una disminuci\u00f3n en el crecimiento de su econom\u00eda, al momento, expertos analistas de\u00a0<strong>Franklin Templeton M\u00e9xico<\/strong>\u00a0de acuerdo al Financiero vislumbran una <strong>recesi\u00f3n leve en USA<\/strong> que afectar\u00e1 de forma suave a la econom\u00eda de M\u00e9xico, la cual se impulsa del mercado exterior y de las alianzas comerciales con el pa\u00eds vecino del norte.<\/p>\n<p>Te puede interesar: <a rel=\"nofollow noopener\" target=\"_blank\" href=\"https:\/\/www.soynomada.news\/noticias\/Anuncia-Segob-que-Estados-Unidos-dara-150.000-mil-visas-de-trabajo-a-mexicanos-20220624-0008.html\">Anuncia Segob que Estados Unidos dar\u00e1 150.000 visas de trabajos a mexicanos<\/a><\/p>\n<p>Al ser un fen\u00f3meno que atraviesa a diferentes sectores, la <strong>recesi\u00f3n puede afectar a los viajes <\/strong>pues a grandes rasgos, se entiende que hay <strong>menos dinero circulando en la econom\u00eda<\/strong>, lo que se traduce en menos empleos y salarios m\u00e1s bajos, al existir estas condiciones econ\u00f3micas, las personas usan su dinero para subsistir e intentar ahorrar para <strong>no gastar el capital existe<\/strong>.<\/p>\n<p>Lo que provoca que haya <strong>menos demanda en viajes de recreaci\u00f3n<\/strong> y turismo, aunque, la recesi\u00f3n no eleva directamente los precios de avi\u00f3n, destinos y m\u00e1s ya que a menos demanda-menos producci\u00f3n, s\u00ed que puede afectar en<strong> cu\u00e1nto dinero se destina a estas actividades<\/strong>, considerando la disminuci\u00f3n econ\u00f3mica\u00a0que se espera en la recesi\u00f3n precise,\u00a0los panoramas actuales no son desalentadores pero s\u00ed implican atenci\u00f3n de las econom\u00edas globales.<\/p>\n<\/div>\n\n<p><em> &#8221; Fuentes www.soynomada.news &#8221; <\/em><\/p>\n","protected":false},"excerpt":{"rendered":"<p>Esta es una palabra que habr\u00e1s escuchado en m\u00e1s de una ocasi\u00f3n pero aunque es com\u00fan en vocabulario cuando las cosas no van del todo bien a nivel econ\u00f3mico, no hay demasiada claridad respecto a todo lo que implica la recesi\u00f3n. La econom\u00eda international depende en la actualidad de un gran gran cantidad de elementos [&hellip;]<\/p>\n","protected":false},"author":4,"featured_media":353043,"comment_status":"open","ping_status":"closed","sticky":false,"template":"","format":"standard","meta":{"om_disable_all_campaigns":false,"jnews-multi-image_gallery":[],"jnews_single_post":[],"jnews_primary_category":[],"jnews_social_meta":[],"footnotes":""},"categories":[39],"tags":[2542,1423],"class_list":["post-353042","post","type-post","status-publish","format-standard","has-post-thumbnail","hentry","category-viajes","tag-curiosidades","tag-viajes-internacionales"],"_links":{"self":[{"href":"https:\/\/dimensionturistica.com\/es\/wp-json\/wp\/v2\/posts\/353042","targetHints":{"allow":["GET"]}}],"collection":[{"href":"https:\/\/dimensionturistica.com\/es\/wp-json\/wp\/v2\/posts"}],"about":[{"href":"https:\/\/dimensionturistica.com\/es\/wp-json\/wp\/v2\/types\/post"}],"author":[{"embeddable":true,"href":"https:\/\/dimensionturistica.com\/es\/wp-json\/wp\/v2\/users\/4"}],"replies":[{"embeddable":true,"href":"https:\/\/dimensionturistica.com\/es\/wp-json\/wp\/v2\/comments?post=353042"}],"version-history":[{"count":0,"href":"https:\/\/dimensionturistica.com\/es\/wp-json\/wp\/v2\/posts\/353042\/revisions"}],"wp:featuredmedia":[{"embeddable":true,"href":"https:\/\/dimensionturistica.com\/es\/wp-json\/wp\/v2\/media\/353043"}],"wp:attachment":[{"href":"https:\/\/dimensionturistica.com\/es\/wp-json\/wp\/v2\/media?parent=353042"}],"wp:term":[{"taxonomy":"category","embeddable":true,"href":"https:\/\/dimensionturistica.com\/es\/wp-json\/wp\/v2\/categories?post=353042"},{"taxonomy":"post_tag","embeddable":true,"href":"https:\/\/dimensionturistica.com\/es\/wp-json\/wp\/v2\/tags?post=353042"}],"curies":[{"name":"wp","href":"https:\/\/api.w.org\/{rel}","templated":true}]}}