{"id":352955,"date":"2022-07-14T18:39:48","date_gmt":"2022-07-14T18:39:48","guid":{"rendered":"https:\/\/dimensionturistica.com\/es\/?p=352955"},"modified":"2022-07-14T18:39:48","modified_gmt":"2022-07-14T18:39:48","slug":"autoridades-de-los-tres-ordenes-de-gobierno-establecen-mecanismos-para-impulsar-el-turismo-en-mexico","status":"publish","type":"post","link":"https:\/\/dimensionturistica.com\/es\/autoridades-de-los-tres-ordenes-de-gobierno-establecen-mecanismos-para-impulsar-el-turismo-en-mexico\/","title":{"rendered":"Autoridades de los tres \u00f3rdenes de gobierno establecen mecanismos para impulsar el turismo en M\u00e9xico"},"content":{"rendered":"<p>El secretario de Turismo del Gobierno de M\u00e9xico, Miguel Torruco Marqu\u00e9s, encabez\u00f3 la Primera Sesi\u00f3n Ordinaria 2022 de la Conferencia Nacional De Secretarios De Turismo Y Funcionarios Tur\u00edsticos, mecanismo de coordinaci\u00f3n mediante el cual, los tres \u00f3rdenes de gobierno establecen las bases para la pol\u00edtica, planeaci\u00f3n, programaci\u00f3n y desarrollo de la actividad tur\u00edstica de M\u00e9xico.<br \/>\nCon la participaci\u00f3n de los secretarios y representantes de las Secretar\u00edas de Turismo de las 32 entidades del pa\u00eds, en formato virtual, el titular de la Secretar\u00eda de Turismo (Sectur) destac\u00f3 la importancia del trabajo conjunto para impulsar la diversificaci\u00f3n de la actividad tur\u00edstica para que sus beneficios lleguen a m\u00e1s comunidades del pa\u00eds, y hacer del turismo una herramienta de<img decoding=\"async\" class=\"size-medium wp-image-352963 alignright\" src=\"https:\/\/dimensionturistica.com\/es\/wp-content\/uploads\/2022\/07\/Conferencia-Nacional-de-Turismo-2-300x170.jpeg\" alt=\"\" width=\"300\" height=\"170\" srcset=\"https:\/\/dimensionturistica.com\/es\/wp-content\/uploads\/2022\/07\/Conferencia-Nacional-de-Turismo-2-300x170.jpeg 300w, https:\/\/dimensionturistica.com\/es\/wp-content\/uploads\/2022\/07\/Conferencia-Nacional-de-Turismo-2-1024x581.jpeg 1024w, https:\/\/dimensionturistica.com\/es\/wp-content\/uploads\/2022\/07\/Conferencia-Nacional-de-Turismo-2-768x436.jpeg 768w, https:\/\/dimensionturistica.com\/es\/wp-content\/uploads\/2022\/07\/Conferencia-Nacional-de-Turismo-2-1536x872.jpeg 1536w, https:\/\/dimensionturistica.com\/es\/wp-content\/uploads\/2022\/07\/Conferencia-Nacional-de-Turismo-2-750x426.jpeg 750w, https:\/\/dimensionturistica.com\/es\/wp-content\/uploads\/2022\/07\/Conferencia-Nacional-de-Turismo-2-1140x647.jpeg 1140w, https:\/\/dimensionturistica.com\/es\/wp-content\/uploads\/2022\/07\/Conferencia-Nacional-de-Turismo-2.jpeg 1600w\" sizes=\"(max-width: 300px) 100vw, 300px\" \/> reconciliaci\u00f3n social.<br \/>\n\u201cNos reunimos para presentar nuevos temas que consideramos de gran relevancia para el fortalecimiento de la actividad tur\u00edstica, mismos en los que requerimos su importante contribuci\u00f3n\u201d, coment\u00f3 Torruco Marqu\u00e9s.<br \/>\nDurante la Conferencia Nacional de Turismo, se expuso el Programa Regional del Proyecto Tren Maya, elaborado bajo el liderazgo de Sectur, el apoyo del Fondo Nacional de Fomento al Turismo (Fonatur), la participaci\u00f3n de 37 dependencias y entidades de la administraci\u00f3n p\u00fablica federal, para trabajar estrechamente con las autoridades de Yucat\u00e1n, Quintana Roo, Campeche, Tabasco y Chiapas, y as\u00ed generar un impacto multisectorial en el sureste del pa\u00eds en favor del progreso y bienestar de su poblaci\u00f3n.<br \/>\nEl secretario de Turismo reiter\u00f3 que esta obra tendr\u00e1 una extensi\u00f3n de 1,525 kil\u00f3metros de v\u00eda f\u00e9rrea, contar\u00e1 con 20 estaciones y un potencial de 190 atractivos tur\u00edsticos de alto impacto.<br \/>\nComo segundo punto, se presentaron los alcances de los convenios de coordinaci\u00f3n que permitan llevar a cabo acciones de verificaci\u00f3n en materia tur\u00edstica, de tal manera que se pueda elevar la calidad de los servicios y el turista goce de seguridad jur\u00eddica.<br \/>\nEn este sentido, se acord\u00f3 un acompa\u00f1amiento por parte de Sectur para que las Secretar\u00edas de Turismo estatales se re\u00fanan con los representantes de las empresas de alojamiento a trav\u00e9s de plataformas digitales para sumarlos a la base tributaria de las entidades, como en su oportunidad se hizo con las instancias federales que dio como resultado que estas empresas paguen IVA e ISR.<br \/>\nLos asistentes a la Conferencia Nacional de Turismo tambi\u00e9n analizaron el Registro Nacional de Inversi\u00f3n Tur\u00edstica, instrumento con el cual se pretende generar informaci\u00f3n estad\u00edstica a nivel municipal, estatal, regional y nacional, respecto al monto de inversi\u00f3n privada en el sector.<br \/>\nAl hablar de la importancia de los Pueblos M\u00e1gicos como detonante de la diversificaci\u00f3n tur\u00edstica y de la econom\u00eda de las comunidades, Torruco Marqu\u00e9s precis\u00f3 que en diciembre pasado, Sectur realiz\u00f3 el primer estudio econ\u00f3mico sobre las 132 localidades que tienen este nombramiento, a<img decoding=\"async\" class=\"size-medium wp-image-352964 alignright\" src=\"https:\/\/dimensionturistica.com\/es\/wp-content\/uploads\/2022\/07\/Conferencia-Nacional-de-Turismo-4-300x171.jpeg\" alt=\"\" width=\"300\" height=\"171\" srcset=\"https:\/\/dimensionturistica.com\/es\/wp-content\/uploads\/2022\/07\/Conferencia-Nacional-de-Turismo-4-300x171.jpeg 300w, https:\/\/dimensionturistica.com\/es\/wp-content\/uploads\/2022\/07\/Conferencia-Nacional-de-Turismo-4-768x437.jpeg 768w, https:\/\/dimensionturistica.com\/es\/wp-content\/uploads\/2022\/07\/Conferencia-Nacional-de-Turismo-4-750x426.jpeg 750w, https:\/\/dimensionturistica.com\/es\/wp-content\/uploads\/2022\/07\/Conferencia-Nacional-de-Turismo-4.jpeg 1024w\" sizes=\"(max-width: 300px) 100vw, 300px\" \/> trav\u00e9s del cual se ha podido determinar la importancia de estos destinos para el turismo interno, as\u00ed como su trascendencia en la econom\u00eda local, estatal, regional y nacional, ya que cuenta con datos de empleo, Valor Agregado Censal, PIB Tur\u00edstico, entre otros indicadores.<br \/>\nAgreg\u00f3 que los Pueblos M\u00e1gicos se est\u00e1n viendo favorecidos por la puesta en marcha del Centro de Geointeligencia \u201cAlfonso Garc\u00eda Gonz\u00e1lez\u201d, mediante el cual se est\u00e1 potencializando los servicios integrales que prestan los \u00c1ngeles Verdes a los turistas que transitan por carretera.<br \/>\nCon el prop\u00f3sito de conocer las caracter\u00edsticas y directrices a seguir en la regulaci\u00f3n del territorio de los tres \u00f3rdenes de gobierno, en los \u00e1mbitos cultural, social, econ\u00f3mico y ambiental, en la Conferencia Nacional de Turismo tambi\u00e9n se plante\u00f3 la Cultura del Ordenamiento Tur\u00edstico del Territorio.<br \/>\nLos secretarios y funcionarios de las Secretar\u00edas de Turismo estatales tambi\u00e9n recibieron la actualizaci\u00f3n sobre las \u00faltimas acciones de promoci\u00f3n tur\u00edstica que lleva a cabo Sectur, mediante programas como la Operaci\u00f3n Toca Puertas y Reencuentro con mis Ra\u00edces; la participaci\u00f3n en las principales Ferias de Turismo internacionales, as\u00ed como el Observatorio Tur\u00edstico Permanente,<img decoding=\"async\" class=\"size-medium wp-image-352965 alignright\" src=\"https:\/\/dimensionturistica.com\/es\/wp-content\/uploads\/2022\/07\/Conferencia-Nacional-de-Turismo-1-300x173.jpeg\" alt=\"\" width=\"300\" height=\"173\" srcset=\"https:\/\/dimensionturistica.com\/es\/wp-content\/uploads\/2022\/07\/Conferencia-Nacional-de-Turismo-1-300x173.jpeg 300w, https:\/\/dimensionturistica.com\/es\/wp-content\/uploads\/2022\/07\/Conferencia-Nacional-de-Turismo-1-768x443.jpeg 768w, https:\/\/dimensionturistica.com\/es\/wp-content\/uploads\/2022\/07\/Conferencia-Nacional-de-Turismo-1-750x433.jpeg 750w, https:\/\/dimensionturistica.com\/es\/wp-content\/uploads\/2022\/07\/Conferencia-Nacional-de-Turismo-1.jpeg 1024w\" sizes=\"(max-width: 300px) 100vw, 300px\" \/> herramienta que concentra estas acciones estrat\u00e9gicas.<br \/>\nEl \u00faltimo punto tratado fue sobre la cancelaci\u00f3n de los seis Fideicomisos Mixtos de Promoci\u00f3n Tur\u00edstica que se encuentran vigentes pero no reportan actividad, y para lo cual se requiere el apoyo de los gobiernos estatales.<br \/>\nLos asistentes a la reuni\u00f3n virtual intercambiaron sus experiencias, inquietudes y buenas pr\u00e1cticas en los temas tratados, con el objetivo de encontrar coincidencias e impulsar, de manera colaborativa, acciones que abonen al desarrollo del turismo en M\u00e9xico.<\/p>\n<p>La reuni\u00f3n tambi\u00e9n cont\u00f3 con la participaci\u00f3n de Judith Guerra, presidenta del Grupo Mexicano de Agencias de Viajes y Empresas Tur\u00edsticas (GMA), quien extern\u00f3 sus comentarios en representaci\u00f3n del sector empresarial, y reiter\u00f3 el compromiso de las asociaciones que integran el grupo que preside para encontrar mecanismos que faciliten la actividad tur\u00edstica en los diferentes destinos del pa\u00eds.<\/p>\n<p>El secretario de Turismo subray\u00f3 que la Conferencia Nacional de Secretarios de Turismo y Funcionarios Tur\u00edsticos es una herramienta normativa, institucional, eficiente y de car\u00e1cter vinculante, capaz de establecer las bases para la pol\u00edtica, planeaci\u00f3n y programaci\u00f3n de la actividad tur\u00edstica en todo el territorio nacional.<br \/>\nEn el evento participaron el subsecretario de Turismo, Humberto Hern\u00e1ndez Haddad; el titular de la Unidad de Informaci\u00f3n y Seguimiento de Sectur, Alejandro Aguilera G\u00f3mez; el director general de Inversi\u00f3n Tur\u00edstica, Eduardo Eugenio Rold\u00e1n Acosta; la directora general de Gesti\u00f3n Social de Destinos, Jessica Islem Lugo; el director general de Sustentabilidad Tur\u00edstica, Marco Antonio Espinosa Maga\u00f1a; el director general de Promoci\u00f3n y Asuntos Internacionales, Emmanuel Rey; el director general de Desarrollo Regional y Fomento Tur\u00edstico, Nicol\u00e1s Cano Ibarra; entre otros.<br \/>\nDurante la Conferencia Nacional de Turismo tambi\u00e9n se cont\u00f3 con la participaci\u00f3n de los secretarios de Turismo de: Guerrero, Santos Ram\u00edrez Cuevas; del Estado de M\u00e9xico, Marcela Gonz\u00e1lez Salas; de Hidalgo, Eduardo Javier Ba\u00f1os G\u00f3mez; de Baja California Sur, Rosa Maribel Collins; de Quer\u00e9taro, Mariela Mor\u00e1n Ocampo; de Nayarit, Juan Enrique Su\u00e1rez del Real Tostado; de Sonora, Celida L\u00f3pez C\u00e1rdenas; as\u00ed como de los subsecretarios de Turismo Jos\u00e9 de Jes\u00fas Qui\u00f1\u00f3nez Ram\u00edrez, de Baja California; y Andr\u00e9s Aguilar, de Quintana Roo; entre otros funcionarios del sector turismo.<\/p>\n","protected":false},"excerpt":{"rendered":"<p>El secretario de Turismo del Gobierno de M\u00e9xico, Miguel Torruco Marqu\u00e9s, encabez\u00f3 la Primera Sesi\u00f3n Ordinaria 2022 de la Conferencia Nacional De Secretarios De Turismo Y Funcionarios Tur\u00edsticos, mecanismo de coordinaci\u00f3n mediante el cual, los tres \u00f3rdenes de gobierno establecen las bases para la pol\u00edtica, planeaci\u00f3n, programaci\u00f3n y desarrollo de la actividad tur\u00edstica de M\u00e9xico. [&hellip;]<\/p>\n","protected":false},"author":1,"featured_media":352962,"comment_status":"open","ping_status":"closed","sticky":false,"template":"","format":"standard","meta":{"om_disable_all_campaigns":false,"jnews-multi-image_gallery":[],"jnews_single_post":{"source_name":"","source_url":"","via_name":"","via_url":"","override_template":"0","override":[{"template":"1","single_blog_custom":"","parallax":"1","fullscreen":"1","layout":"right-sidebar","sidebar":"default-sidebar","second_sidebar":"default-sidebar","sticky_sidebar":"1","share_position":"top","share_float_style":"share-monocrhome","show_share_counter":"1","show_view_counter":"1","show_featured":"1","show_post_meta":"1","show_post_author":"1","show_post_author_image":"1","show_post_date":"1","post_date_format":"default","post_date_format_custom":"Y\/m\/d","show_post_category":"1","show_post_reading_time":"0","post_reading_time_wpm":"300","show_zoom_button":"0","zoom_button_out_step":"2","zoom_button_in_step":"3","show_post_tag":"1","show_prev_next_post":"1","show_popup_post":"1","number_popup_post":"1","show_author_box":"0","show_post_related":"0","show_inline_post_related":"0"}],"override_image_size":"0","image_override":[{"single_post_thumbnail_size":"crop-500","single_post_gallery_size":"crop-500"}],"trending_post":"0","trending_post_position":"meta","trending_post_label":"Trending","sponsored_post":"0","sponsored_post_label":"Sponsored by","sponsored_post_name":"","sponsored_post_url":"","sponsored_post_logo_enable":"0","sponsored_post_logo":"","sponsored_post_desc":"","disable_ad":"0"},"jnews_primary_category":{"id":""},"jnews_social_meta":{"fb_title":"","fb_description":"","fb_image":"","twitter_title":"","twitter_description":"","twitter_image":""},"footnotes":""},"categories":[39],"tags":[],"class_list":["post-352955","post","type-post","status-publish","format-standard","has-post-thumbnail","hentry","category-viajes"],"_links":{"self":[{"href":"https:\/\/dimensionturistica.com\/es\/wp-json\/wp\/v2\/posts\/352955","targetHints":{"allow":["GET"]}}],"collection":[{"href":"https:\/\/dimensionturistica.com\/es\/wp-json\/wp\/v2\/posts"}],"about":[{"href":"https:\/\/dimensionturistica.com\/es\/wp-json\/wp\/v2\/types\/post"}],"author":[{"embeddable":true,"href":"https:\/\/dimensionturistica.com\/es\/wp-json\/wp\/v2\/users\/1"}],"replies":[{"embeddable":true,"href":"https:\/\/dimensionturistica.com\/es\/wp-json\/wp\/v2\/comments?post=352955"}],"version-history":[{"count":0,"href":"https:\/\/dimensionturistica.com\/es\/wp-json\/wp\/v2\/posts\/352955\/revisions"}],"wp:featuredmedia":[{"embeddable":true,"href":"https:\/\/dimensionturistica.com\/es\/wp-json\/wp\/v2\/media\/352962"}],"wp:attachment":[{"href":"https:\/\/dimensionturistica.com\/es\/wp-json\/wp\/v2\/media?parent=352955"}],"wp:term":[{"taxonomy":"category","embeddable":true,"href":"https:\/\/dimensionturistica.com\/es\/wp-json\/wp\/v2\/categories?post=352955"},{"taxonomy":"post_tag","embeddable":true,"href":"https:\/\/dimensionturistica.com\/es\/wp-json\/wp\/v2\/tags?post=352955"}],"curies":[{"name":"wp","href":"https:\/\/api.w.org\/{rel}","templated":true}]}}