{"id":352942,"date":"2022-07-14T18:27:55","date_gmt":"2022-07-14T18:27:55","guid":{"rendered":"https:\/\/dimensionturistica.com\/es\/?p=352942"},"modified":"2022-07-14T18:27:55","modified_gmt":"2022-07-14T18:27:55","slug":"anuncian-pilotos-semana-de-la-aviacion","status":"publish","type":"post","link":"https:\/\/dimensionturistica.com\/es\/anuncian-pilotos-semana-de-la-aviacion\/","title":{"rendered":"Anuncian pilotos Semana de la Aviaci\u00f3n"},"content":{"rendered":"<p>El Colegio de Pilotos Aviadores de M\u00e9xico (CPAM) anunci\u00f3 la celebraci\u00f3n de la Semana de la Aviaci\u00f3n del 11 al 13 de julio, en la que, en conjunto con la Secretar\u00eda de Infraestructura, Comunicaciones y Transportes (SICT) y expertos de la industria discutir\u00e1n la seguridad en la navegaci\u00f3n a\u00e9rea remota, los retos en la formaci\u00f3n de pilotos y la necesidad de implementar una normativa que garantice la cultura justa en la aviaci\u00f3n.<img decoding=\"async\" class=\"size-medium wp-image-352945 alignright\" src=\"https:\/\/dimensionturistica.com\/es\/wp-content\/uploads\/2022\/07\/WhatsApp-Image-2022-06-15-at-10.10.30-PM-300x187.jpeg\" alt=\"\" width=\"300\" height=\"187\" srcset=\"https:\/\/dimensionturistica.com\/es\/wp-content\/uploads\/2022\/07\/WhatsApp-Image-2022-06-15-at-10.10.30-PM-300x187.jpeg 300w, https:\/\/dimensionturistica.com\/es\/wp-content\/uploads\/2022\/07\/WhatsApp-Image-2022-06-15-at-10.10.30-PM-768x479.jpeg 768w, https:\/\/dimensionturistica.com\/es\/wp-content\/uploads\/2022\/07\/WhatsApp-Image-2022-06-15-at-10.10.30-PM-750x468.jpeg 750w, https:\/\/dimensionturistica.com\/es\/wp-content\/uploads\/2022\/07\/WhatsApp-Image-2022-06-15-at-10.10.30-PM.jpeg 770w\" sizes=\"(max-width: 300px) 100vw, 300px\" \/><br \/>\nEl organismo se pronunci\u00f3 respecto a la situaci\u00f3n actual de la aviaci\u00f3n mexicana destacando que la autoridad aeron\u00e1utica, hoy cristalizada en la Agencia Federal de Aviaci\u00f3n Civil (AFAC) no es a\u00fan la instituci\u00f3n que requiere el pa\u00eds, empezando porque no cuenta con recursos suficientes, ni siquiera los que genera por s\u00ed misma.<br \/>\n\u201cLa AFAC genera alrededor de 2 mil 200 millones de pesos anuales, y trabajo solo con 500 mil que le asigna la Secretaria de Hacienda. Es indispensable que la AFAC cuente con recursos econ\u00f3micos suficientes, que le permitan a su vez fortalecer su plantilla de personal especializado y con alta profesionalizaci\u00f3n, con servicio civil de carrera para que quienes inician ah\u00ed su vida profesional puedan convertirse en los t\u00e9cnicos y directivos especializados que le den solidez a esta instituci\u00f3n\u201d, declar\u00f3 \u00c1ngel Dom\u00ednguez Catz\u00edn, presidente electo del CPAM.<br \/>\nDe acuerdo con los expertos, las bases del crecimiento sostenido tienen que ver con una pol\u00edtica p\u00fablica de Estado, fraguada en el consenso de todo el sector, las empresas, los gremios, los Colegios Profesionales, el gobierno, las<br \/>\ninstituciones educativas y la sociedad civil.<br \/>\n\u201cHoy queremos empezar a construir de forma colaborativa y tomando como base las normativas<img decoding=\"async\" class=\"size-medium wp-image-352951 alignright\" src=\"https:\/\/dimensionturistica.com\/es\/wp-content\/uploads\/2022\/07\/darle-mantenimiento-al-aicm-ser-el-principal-reto-para-la-nueva-administraci-n-dicen-expertos-1545221663234486273-300x187.webp\" alt=\"\" width=\"300\" height=\"187\" srcset=\"https:\/\/dimensionturistica.com\/es\/wp-content\/uploads\/2022\/07\/darle-mantenimiento-al-aicm-ser-el-principal-reto-para-la-nueva-administraci-n-dicen-expertos-1545221663234486273-300x187.webp 300w, https:\/\/dimensionturistica.com\/es\/wp-content\/uploads\/2022\/07\/darle-mantenimiento-al-aicm-ser-el-principal-reto-para-la-nueva-administraci-n-dicen-expertos-1545221663234486273-1024x637.webp 1024w, https:\/\/dimensionturistica.com\/es\/wp-content\/uploads\/2022\/07\/darle-mantenimiento-al-aicm-ser-el-principal-reto-para-la-nueva-administraci-n-dicen-expertos-1545221663234486273-768x478.webp 768w, https:\/\/dimensionturistica.com\/es\/wp-content\/uploads\/2022\/07\/darle-mantenimiento-al-aicm-ser-el-principal-reto-para-la-nueva-administraci-n-dicen-expertos-1545221663234486273-750x466.webp 750w, https:\/\/dimensionturistica.com\/es\/wp-content\/uploads\/2022\/07\/darle-mantenimiento-al-aicm-ser-el-principal-reto-para-la-nueva-administraci-n-dicen-expertos-1545221663234486273-1140x709.webp 1140w, https:\/\/dimensionturistica.com\/es\/wp-content\/uploads\/2022\/07\/darle-mantenimiento-al-aicm-ser-el-principal-reto-para-la-nueva-administraci-n-dicen-expertos-1545221663234486273.webp 1280w\" sizes=\"(max-width: 300px) 100vw, 300px\" \/> que M\u00e9xico ha asumido como parte de su compromiso con la Organizaci\u00f3n de Aviaci\u00f3n Civil Internacional y sus anexos\u201d, agreg\u00f3 \u00c1ngel Dom\u00ednguez.<br \/>\nExpertos y autoridades de la industria como Rogelio Jim\u00e9nez Pons, subsecretario de la SICT, Melvin Cintron, director regional de la Organizaci\u00f3n de Aviaci\u00f3n Civil Internacional, Humberto Gual, representante del gremio de pilotos (ASPA e IFALPA), as\u00ed como representantes de AFAC, Seneam, IATA, Aerom\u00e9xico, Volaris, Viva Aerobus, entre otros.<br \/>\nEn la conferencia de prensa donde dieron a conocer detalles de la Semana de la Aviaci\u00f3n, los expertos y t\u00e9cnicos de aviaci\u00f3n, se\u00f1alaron que una regulaci\u00f3n sobre cultura justa en la aviaci\u00f3n es impostergable, ya que en una cultura justa no se castiga al operador, ni al piloto, controlador, mec\u00e1nico de aviaci\u00f3n, sobrecargo, agente de tr\u00e1fico u oficial de operaciones. \u201cSi como piloto cometo un error involuntario y me acerco a la autoridad puedo explicar en qu\u00e9 me equivoqu\u00e9 y de esta manera se podr\u00e1 acceder a informaci\u00f3n y as\u00ed mitigar riesgos que de otra manera no se podr\u00eda\u201d, explic\u00f3 Dom\u00ednguez Catz\u00edn.<br \/>\n\u201cCreemos que es muy importante la protecci\u00f3n de quien levanta la mano para se\u00f1alar algo que no est\u00e1 funcionando dentro del sistema, y tambi\u00e9n consideramos que as\u00ed podemos recuperar a una autoridad fuerte; entre mayor informaci\u00f3n pueda tener la agencia (AFAC), mejor trabajo de vigilancia podr\u00e1 desempe\u00f1ar\u201d, declar\u00f3.<br \/>\nT\u00e9cnicamente, un sistema de reporte regulado por la cultura justa se vuelve predictivo, es decir, se puede predecir lo que suceder\u00e1 en el sistema a trav\u00e9s de la generaci\u00f3n de data y del an\u00e1lisis para la mitigaci\u00f3n de riesgos.<br \/>\nLos directivos del CPAM se\u00f1alaron que otro tema prioritario para la industria es la seguridad en la navegaci\u00f3n a\u00e9rea remota, es decir, donde no es sencillo el acceso a los servicios de navegaci\u00f3n aeroportuaria, por ejemplo, cerca de los poblados o cuando las aeronaves cruzan el atl\u00e1ntico o pacifico, y la navegaci\u00f3n se realiza b\u00e1sicamente a trav\u00e9s del PBN.<br \/>\nOtro de los temas relevantes en cuesti\u00f3n de normatividad, son los retos que tienen las escuelas de aviaci\u00f3n en el sentido de que requieren adecuarse a las nuevas tecnolog\u00edas para capacitar a las nuevas generaciones.<br \/>\n\u201cHay muchas \u00e1reas de oportunidad para que las escuelas se adecuen a lo nuevo y no lo pueden hacer si la legislaci\u00f3n no est\u00e1 adecuada\u201d, agreg\u00f3 \u00c1ngel Dom\u00ednguez.<\/p>\n","protected":false},"excerpt":{"rendered":"<p>El Colegio de Pilotos Aviadores de M\u00e9xico (CPAM) anunci\u00f3 la celebraci\u00f3n de la Semana de la Aviaci\u00f3n del 11 al 13 de julio, en la que, en conjunto con la Secretar\u00eda de Infraestructura, Comunicaciones y Transportes (SICT) y expertos de la industria discutir\u00e1n la seguridad en la navegaci\u00f3n a\u00e9rea remota, los retos en la formaci\u00f3n [&hellip;]<\/p>\n","protected":false},"author":1,"featured_media":352947,"comment_status":"open","ping_status":"closed","sticky":false,"template":"","format":"standard","meta":{"om_disable_all_campaigns":false,"jnews-multi-image_gallery":[],"jnews_single_post":{"source_name":"","source_url":"","via_name":"","via_url":"","override_template":"0","override":[{"template":"1","single_blog_custom":"","parallax":"1","fullscreen":"1","layout":"right-sidebar","sidebar":"default-sidebar","second_sidebar":"default-sidebar","sticky_sidebar":"1","share_position":"top","share_float_style":"share-monocrhome","show_share_counter":"1","show_view_counter":"1","show_featured":"1","show_post_meta":"1","show_post_author":"1","show_post_author_image":"1","show_post_date":"1","post_date_format":"default","post_date_format_custom":"Y\/m\/d","show_post_category":"1","show_post_reading_time":"0","post_reading_time_wpm":"300","show_zoom_button":"0","zoom_button_out_step":"2","zoom_button_in_step":"3","show_post_tag":"1","show_prev_next_post":"1","show_popup_post":"1","number_popup_post":"1","show_author_box":"0","show_post_related":"0","show_inline_post_related":"0"}],"override_image_size":"0","image_override":[{"single_post_thumbnail_size":"crop-500","single_post_gallery_size":"crop-500"}],"trending_post":"0","trending_post_position":"meta","trending_post_label":"Trending","sponsored_post":"0","sponsored_post_label":"Sponsored by","sponsored_post_name":"","sponsored_post_url":"","sponsored_post_logo_enable":"0","sponsored_post_logo":"","sponsored_post_desc":"","disable_ad":"0"},"jnews_primary_category":{"id":""},"jnews_social_meta":{"fb_title":"","fb_description":"","fb_image":"","twitter_title":"","twitter_description":"","twitter_image":""},"footnotes":""},"categories":[40],"tags":[],"class_list":["post-352942","post","type-post","status-publish","format-standard","has-post-thumbnail","hentry","category-industria"],"_links":{"self":[{"href":"https:\/\/dimensionturistica.com\/es\/wp-json\/wp\/v2\/posts\/352942","targetHints":{"allow":["GET"]}}],"collection":[{"href":"https:\/\/dimensionturistica.com\/es\/wp-json\/wp\/v2\/posts"}],"about":[{"href":"https:\/\/dimensionturistica.com\/es\/wp-json\/wp\/v2\/types\/post"}],"author":[{"embeddable":true,"href":"https:\/\/dimensionturistica.com\/es\/wp-json\/wp\/v2\/users\/1"}],"replies":[{"embeddable":true,"href":"https:\/\/dimensionturistica.com\/es\/wp-json\/wp\/v2\/comments?post=352942"}],"version-history":[{"count":0,"href":"https:\/\/dimensionturistica.com\/es\/wp-json\/wp\/v2\/posts\/352942\/revisions"}],"wp:featuredmedia":[{"embeddable":true,"href":"https:\/\/dimensionturistica.com\/es\/wp-json\/wp\/v2\/media\/352947"}],"wp:attachment":[{"href":"https:\/\/dimensionturistica.com\/es\/wp-json\/wp\/v2\/media?parent=352942"}],"wp:term":[{"taxonomy":"category","embeddable":true,"href":"https:\/\/dimensionturistica.com\/es\/wp-json\/wp\/v2\/categories?post=352942"},{"taxonomy":"post_tag","embeddable":true,"href":"https:\/\/dimensionturistica.com\/es\/wp-json\/wp\/v2\/tags?post=352942"}],"curies":[{"name":"wp","href":"https:\/\/api.w.org\/{rel}","templated":true}]}}