{"id":352899,"date":"2022-07-14T17:41:04","date_gmt":"2022-07-14T17:41:04","guid":{"rendered":"https:\/\/dimensionturistica.com\/es\/?p=352899"},"modified":"2022-07-14T17:41:04","modified_gmt":"2022-07-14T17:41:04","slug":"felix-hernandez-callejas-ebro-foods-aflora-una-participacion-del-52-en-grupo-insur","status":"publish","type":"post","link":"https:\/\/dimensionturistica.com\/es\/felix-hernandez-callejas-ebro-foods-aflora-una-participacion-del-52-en-grupo-insur\/","title":{"rendered":"F\u00e9lix Hern\u00e1ndez Callejas (Ebro Foods) aflora una participaci\u00f3n del 5,2% en Grupo Insur"},"content":{"rendered":"<p> <br \/>\n<\/p>\n<div id=\"CuerpoNoticiav2\" itemprop=\"articleBody\">\n<p>MADRID, 14 Jul. (EUROPA PRESS) &#8211; <\/p>\n<p>   F\u00e9lix Hern\u00e1ndez Callejas, consejero ejecutivo y miembro de la familia fundadora de Ebro Meals, due\u00f1a del arroz SOS, ha irrumpido en el capital de la compa\u00f1\u00eda inmobiliaria Grupo Insur con una nueva participaci\u00f3n del 5,2%.<\/p>\n<p>   Seg\u00fan los registros de la Comisi\u00f3n Nacional del Mercado de Valores (CNMV), Hern\u00e1ndez Callejas adquiri\u00f3 el pasado martes, a trav\u00e9s de su sociedad Hercalianz Investing, un primer paquete por el 3,2% de la compa\u00f1\u00eda y, un d\u00eda m\u00e1s tarde, lo increment\u00f3 hasta el 5,2%.<\/p>\n<p>   En whole, cuanta con 970.814 t\u00edtulos de forma directa que, a precios actuales de mercado, tendr\u00eda un valor de cerca de 7,7 millones de euros, a raz\u00f3n de 7,9 euros por acci\u00f3n, precio al que cotiza actualmente Insur.<\/p>\n<p>   Hercalianz se incorpora as\u00ed a la lista de accionistas significativos de la compa\u00f1\u00eda, en la que tambi\u00e9n figuran distintos miembros de la familia Pumar y sociedades como Bon Natura, Increcisa, Inverfasur o Menezpla, entre otros.<\/p>\n<\/div>\n\n<p><em> \u2018 The preceding article may include information circulated by third parties \u2019 <\/em><\/p>\n<p><em> \u2018 Some details of this article were extracted from the following source www.europapress.es \u2019 <\/em><\/p>\n","protected":false},"excerpt":{"rendered":"<p>MADRID, 14 Jul. (EUROPA PRESS) &#8211; F\u00e9lix Hern\u00e1ndez Callejas, consejero ejecutivo y miembro de la familia fundadora de Ebro Meals, due\u00f1a del arroz SOS, ha irrumpido en el capital de la compa\u00f1\u00eda inmobiliaria Grupo Insur con una nueva participaci\u00f3n del 5,2%. Seg\u00fan los registros de la Comisi\u00f3n Nacional del Mercado de Valores (CNMV), Hern\u00e1ndez Callejas [&hellip;]<\/p>\n","protected":false},"author":2,"featured_media":352900,"comment_status":"open","ping_status":"closed","sticky":false,"template":"","format":"standard","meta":{"om_disable_all_campaigns":false,"jnews-multi-image_gallery":[],"jnews_single_post":[],"jnews_primary_category":[],"jnews_social_meta":[],"footnotes":""},"categories":[43],"tags":[],"class_list":["post-352899","post","type-post","status-publish","format-standard","has-post-thumbnail","hentry","category-gourmet"],"_links":{"self":[{"href":"https:\/\/dimensionturistica.com\/es\/wp-json\/wp\/v2\/posts\/352899","targetHints":{"allow":["GET"]}}],"collection":[{"href":"https:\/\/dimensionturistica.com\/es\/wp-json\/wp\/v2\/posts"}],"about":[{"href":"https:\/\/dimensionturistica.com\/es\/wp-json\/wp\/v2\/types\/post"}],"author":[{"embeddable":true,"href":"https:\/\/dimensionturistica.com\/es\/wp-json\/wp\/v2\/users\/2"}],"replies":[{"embeddable":true,"href":"https:\/\/dimensionturistica.com\/es\/wp-json\/wp\/v2\/comments?post=352899"}],"version-history":[{"count":0,"href":"https:\/\/dimensionturistica.com\/es\/wp-json\/wp\/v2\/posts\/352899\/revisions"}],"wp:featuredmedia":[{"embeddable":true,"href":"https:\/\/dimensionturistica.com\/es\/wp-json\/wp\/v2\/media\/352900"}],"wp:attachment":[{"href":"https:\/\/dimensionturistica.com\/es\/wp-json\/wp\/v2\/media?parent=352899"}],"wp:term":[{"taxonomy":"category","embeddable":true,"href":"https:\/\/dimensionturistica.com\/es\/wp-json\/wp\/v2\/categories?post=352899"},{"taxonomy":"post_tag","embeddable":true,"href":"https:\/\/dimensionturistica.com\/es\/wp-json\/wp\/v2\/tags?post=352899"}],"curies":[{"name":"wp","href":"https:\/\/api.w.org\/{rel}","templated":true}]}}