{"id":352831,"date":"2022-07-14T17:44:21","date_gmt":"2022-07-14T17:44:21","guid":{"rendered":"https:\/\/dimensionturistica.com\/es\/?p=352831"},"modified":"2022-07-14T17:44:21","modified_gmt":"2022-07-14T17:44:21","slug":"belize-realizara-el-primer-festival-internacional-de-musica-y-gastronomia","status":"publish","type":"post","link":"https:\/\/dimensionturistica.com\/es\/belize-realizara-el-primer-festival-internacional-de-musica-y-gastronomia\/","title":{"rendered":"Belize realizara el Primer Festival Internacional de M\u00fasica y Gastronom\u00eda"},"content":{"rendered":"<p><img decoding=\"async\" class=\" wp-image-352903 alignright\" src=\"https:\/\/dimensionturistica.com\/es\/wp-content\/uploads\/2022\/07\/unnamed-13-300x300.jpg\" alt=\"\" width=\"336\" height=\"336\" srcset=\"https:\/\/dimensionturistica.com\/es\/wp-content\/uploads\/2022\/07\/unnamed-13-300x300.jpg 300w, https:\/\/dimensionturistica.com\/es\/wp-content\/uploads\/2022\/07\/unnamed-13-1024x1024.jpg 1024w, https:\/\/dimensionturistica.com\/es\/wp-content\/uploads\/2022\/07\/unnamed-13-150x150.jpg 150w, https:\/\/dimensionturistica.com\/es\/wp-content\/uploads\/2022\/07\/unnamed-13-768x768.jpg 768w, https:\/\/dimensionturistica.com\/es\/wp-content\/uploads\/2022\/07\/unnamed-13-75x75.jpg 75w, https:\/\/dimensionturistica.com\/es\/wp-content\/uploads\/2022\/07\/unnamed-13-350x350.jpg 350w, https:\/\/dimensionturistica.com\/es\/wp-content\/uploads\/2022\/07\/unnamed-13-750x750.jpg 750w, https:\/\/dimensionturistica.com\/es\/wp-content\/uploads\/2022\/07\/unnamed-13.jpg 1080w\" sizes=\"(max-width: 336px) 100vw, 336px\" \/>En videoconferencia de prensa, la Junta de Turismo de Belize (BTB) present\u00f3 los detalles del lanzamiento de su primer Festival Internacional de M\u00fasica y Gastronom\u00eda, que se realizar\u00e1 el 30 y 31 de julio en el estadio Saca Chispas en San Pedro, en Ambergris Caye.<br \/>\nEl objetivo del festival es exhibir a artistas musicales locales e internacionales, as\u00ed como la deliciosa gastronom\u00eda de Belize. Se presentar\u00e1n diferentes g\u00e9neros musicales belice\u00f1os e internacionales que van desde Reggae, Afro-Beats, Dancehall, Soca, Punta y ritmos latinos.<br \/>\n<img decoding=\"async\" class=\"size-medium wp-image-352907 alignleft\" src=\"https:\/\/dimensionturistica.com\/es\/wp-content\/uploads\/2022\/07\/unnamed-1-5-300x300.jpg\" alt=\"\" width=\"300\" height=\"300\" srcset=\"https:\/\/dimensionturistica.com\/es\/wp-content\/uploads\/2022\/07\/unnamed-1-5-300x300.jpg 300w, https:\/\/dimensionturistica.com\/es\/wp-content\/uploads\/2022\/07\/unnamed-1-5-1024x1024.jpg 1024w, https:\/\/dimensionturistica.com\/es\/wp-content\/uploads\/2022\/07\/unnamed-1-5-150x150.jpg 150w, https:\/\/dimensionturistica.com\/es\/wp-content\/uploads\/2022\/07\/unnamed-1-5-768x768.jpg 768w, https:\/\/dimensionturistica.com\/es\/wp-content\/uploads\/2022\/07\/unnamed-1-5-75x75.jpg 75w, https:\/\/dimensionturistica.com\/es\/wp-content\/uploads\/2022\/07\/unnamed-1-5-350x350.jpg 350w, https:\/\/dimensionturistica.com\/es\/wp-content\/uploads\/2022\/07\/unnamed-1-5-750x750.jpg 750w, https:\/\/dimensionturistica.com\/es\/wp-content\/uploads\/2022\/07\/unnamed-1-5.jpg 1080w\" sizes=\"(max-width: 300px) 100vw, 300px\" \/>De acuerdo con Josue Carballo, director de Desarrollo de Industria en BTB, \u201cel festival se realizar\u00e1 en la Isla Bonita, en San Pedro, una extensi\u00f3n excepcional del Caribe. Ser\u00e1 casi una docena de artistas por noche con artistas afrocaribe\u00f1os y latinos, que ofrecer\u00e1n una gran variedad de ritmos\u201d.<br \/>\nLa cartelera musical est\u00e1 conformada por Supa G, Ernestine Carballo, TR Shine, Stig da Artist, Flaco Leslie, Yas Thalia, Denise Castillo, J Cas, Dajah, King Rome, Brithney Starr, Don Doe, Den Z, Papa John, TLC Band, y Centa Stayge Sessions. Los sonidos internacionales incluir\u00e1n a Koffee, Patrice Roberts, Demarco, Timaya, Barrington Levy, Ricardo Drue, Teddyson John, Farmer Nappy, Lil Natty y Thunda, Sonora Dinamita, DJ International Stephen y DJ Supa Twitch.<br \/>\n\u201cEl segundo d\u00eda ser\u00e1 dedicado a los ritmos bailables, siendo la Sonora Dinamita uno de los grupos m\u00e1s esperados que pondr\u00e1n a bailar a los asistentes al ritmo de la cumbia\u201d, mencion\u00f3 el director de Desarrollo de Industria en BTB.<br \/>\nEn cuanto a la gastronom\u00eda, el director resalt\u00f3 que los sabores caribe\u00f1os dar\u00e1n vida a este festival a trav\u00e9s de platillos elaborados con mariscos y productos locales. \u201cChefs locales ser\u00e1n los encargados de presentar la riqueza culinaria del caribe a trav\u00e9s de los mejores sabores que Belize tiene para ofrecer\u201d, dijo.<br \/>\nPara ver mayor informaci\u00f3n del festival y compra de boletos, visite Belize International Music and Food Festival | BTB (belizetourismboard.org)<\/p>\n","protected":false},"excerpt":{"rendered":"<p>En videoconferencia de prensa, la Junta de Turismo de Belize (BTB) present\u00f3 los detalles del lanzamiento de su primer Festival Internacional de M\u00fasica y Gastronom\u00eda, que se realizar\u00e1 el 30 y 31 de julio en el estadio Saca Chispas en San Pedro, en Ambergris Caye. El objetivo del festival es exhibir a artistas musicales locales [&hellip;]<\/p>\n","protected":false},"author":1,"featured_media":352902,"comment_status":"open","ping_status":"closed","sticky":false,"template":"","format":"standard","meta":{"om_disable_all_campaigns":false,"jnews-multi-image_gallery":[],"jnews_single_post":{"source_name":"","source_url":"","via_name":"","via_url":"","override_template":"0","override":[{"template":"1","single_blog_custom":"","parallax":"1","fullscreen":"1","layout":"right-sidebar","sidebar":"default-sidebar","second_sidebar":"default-sidebar","sticky_sidebar":"1","share_position":"top","share_float_style":"share-monocrhome","show_share_counter":"1","show_view_counter":"1","show_featured":"1","show_post_meta":"1","show_post_author":"1","show_post_author_image":"1","show_post_date":"1","post_date_format":"default","post_date_format_custom":"Y\/m\/d","show_post_category":"1","show_post_reading_time":"0","post_reading_time_wpm":"300","show_zoom_button":"0","zoom_button_out_step":"2","zoom_button_in_step":"3","show_post_tag":"1","show_prev_next_post":"1","show_popup_post":"1","number_popup_post":"1","show_author_box":"0","show_post_related":"0","show_inline_post_related":"0"}],"override_image_size":"0","image_override":[{"single_post_thumbnail_size":"crop-500","single_post_gallery_size":"crop-500"}],"trending_post":"0","trending_post_position":"meta","trending_post_label":"Trending","sponsored_post":"0","sponsored_post_label":"Sponsored by","sponsored_post_name":"","sponsored_post_url":"","sponsored_post_logo_enable":"0","sponsored_post_logo":"","sponsored_post_desc":"","disable_ad":"0"},"jnews_primary_category":{"id":""},"jnews_social_meta":{"fb_title":"","fb_description":"","fb_image":"","twitter_title":"","twitter_description":"","twitter_image":""},"footnotes":""},"categories":[43],"tags":[],"class_list":["post-352831","post","type-post","status-publish","format-standard","has-post-thumbnail","hentry","category-gourmet"],"_links":{"self":[{"href":"https:\/\/dimensionturistica.com\/es\/wp-json\/wp\/v2\/posts\/352831","targetHints":{"allow":["GET"]}}],"collection":[{"href":"https:\/\/dimensionturistica.com\/es\/wp-json\/wp\/v2\/posts"}],"about":[{"href":"https:\/\/dimensionturistica.com\/es\/wp-json\/wp\/v2\/types\/post"}],"author":[{"embeddable":true,"href":"https:\/\/dimensionturistica.com\/es\/wp-json\/wp\/v2\/users\/1"}],"replies":[{"embeddable":true,"href":"https:\/\/dimensionturistica.com\/es\/wp-json\/wp\/v2\/comments?post=352831"}],"version-history":[{"count":0,"href":"https:\/\/dimensionturistica.com\/es\/wp-json\/wp\/v2\/posts\/352831\/revisions"}],"wp:featuredmedia":[{"embeddable":true,"href":"https:\/\/dimensionturistica.com\/es\/wp-json\/wp\/v2\/media\/352902"}],"wp:attachment":[{"href":"https:\/\/dimensionturistica.com\/es\/wp-json\/wp\/v2\/media?parent=352831"}],"wp:term":[{"taxonomy":"category","embeddable":true,"href":"https:\/\/dimensionturistica.com\/es\/wp-json\/wp\/v2\/categories?post=352831"},{"taxonomy":"post_tag","embeddable":true,"href":"https:\/\/dimensionturistica.com\/es\/wp-json\/wp\/v2\/tags?post=352831"}],"curies":[{"name":"wp","href":"https:\/\/api.w.org\/{rel}","templated":true}]}}