{"id":352789,"date":"2022-07-14T15:32:38","date_gmt":"2022-07-14T15:32:38","guid":{"rendered":"https:\/\/dimensionturistica.com\/es\/?p=352789"},"modified":"2022-07-14T15:32:38","modified_gmt":"2022-07-14T15:32:38","slug":"continuara-la-temporada-de-huracanes-por-encima-del-promedio-de-este-ano","status":"publish","type":"post","link":"https:\/\/dimensionturistica.com\/es\/continuara-la-temporada-de-huracanes-por-encima-del-promedio-de-este-ano\/","title":{"rendered":"Continuara la temporada de huracanes por encima del promedio de este a\u00f1o"},"content":{"rendered":"<p><img decoding=\"async\" class=\"size-medium wp-image-352790 alignright\" src=\"https:\/\/dimensionturistica.com\/es\/wp-content\/uploads\/2022\/07\/Temporada-de-Huracanes-2-300x169.jpg\" alt=\"\" width=\"300\" height=\"169\" srcset=\"https:\/\/dimensionturistica.com\/es\/wp-content\/uploads\/2022\/07\/Temporada-de-Huracanes-2-300x169.jpg 300w, https:\/\/dimensionturistica.com\/es\/wp-content\/uploads\/2022\/07\/Temporada-de-Huracanes-2-1024x576.jpg 1024w, https:\/\/dimensionturistica.com\/es\/wp-content\/uploads\/2022\/07\/Temporada-de-Huracanes-2-768x432.jpg 768w, https:\/\/dimensionturistica.com\/es\/wp-content\/uploads\/2022\/07\/Temporada-de-Huracanes-2-1536x864.jpg 1536w, https:\/\/dimensionturistica.com\/es\/wp-content\/uploads\/2022\/07\/Temporada-de-Huracanes-2-2048x1152.jpg 2048w, https:\/\/dimensionturistica.com\/es\/wp-content\/uploads\/2022\/07\/Temporada-de-Huracanes-2-750x422.jpg 750w, https:\/\/dimensionturistica.com\/es\/wp-content\/uploads\/2022\/07\/Temporada-de-Huracanes-2-1140x641.jpg 1140w\" sizes=\"(max-width: 300px) 100vw, 300px\" \/>Allianz Partners, l\u00edder mundial en servicios de asistencia e integrante de Grupo Allianz, da a conocer el an\u00e1lisis y predicciones de los expertos en riesgos del Grupo -Allianz Global Corporate &amp; Specialty (AGCS) y Allianz Re- respecto a esta temporada de huracanes en el Atl\u00e1ntico basadas en proyecciones propias y en evaluaciones de diversos institutos internacionales meteorol\u00f3gicos.<br \/>\nDestaca que las \u00faltimas seis temporadas de huracanes en el Atl\u00e1ntico se han caracterizado por una actividad superior a la media y se espera que esta tendencia al alza contin\u00fae en este 2022, incluso por encima del promedio registrado entre 1991 y 2020. Lo anterior contempla de 14 a 21 tormentas tropicales y de 6 a 10 huracanes, incluidos de tres a seis huracanes importantes.<br \/>\nEn este contexto, debe recordarse que la temporada de huracanes de 2021 ha sido la tercera temporada m\u00e1s activa, as\u00ed como la tercera m\u00e1s costosa despu\u00e9s de 2017 y 2005. En total, el a\u00f1o pasado en el Atl\u00e1ntico, se registraron 21 tormentas con nombre, de las cuales siete fueron huracanes y cuatro alcanzaron el estado de hurac\u00e1n mayor. En este sentido, sobresale que el n\u00famero de tormentas con nombre super\u00f3 con creces el promedio de 14 y el n\u00famero total de huracanes importantes tambi\u00e9n se coloc\u00f3 ligeramente por encima del promedio de tres.<br \/>\nEntre los principales factores que contribuyeron a una temporada de huracanes de esta naturaleza<img decoding=\"async\" class=\"size-medium wp-image-352796 alignright\" src=\"https:\/\/dimensionturistica.com\/es\/wp-content\/uploads\/2022\/07\/Temporada-de-Huracanes-1-1-300x205.jpg\" alt=\"\" width=\"300\" height=\"205\" srcset=\"https:\/\/dimensionturistica.com\/es\/wp-content\/uploads\/2022\/07\/Temporada-de-Huracanes-1-1-300x205.jpg 300w, https:\/\/dimensionturistica.com\/es\/wp-content\/uploads\/2022\/07\/Temporada-de-Huracanes-1-1-1024x698.jpg 1024w, https:\/\/dimensionturistica.com\/es\/wp-content\/uploads\/2022\/07\/Temporada-de-Huracanes-1-1-768x524.jpg 768w, https:\/\/dimensionturistica.com\/es\/wp-content\/uploads\/2022\/07\/Temporada-de-Huracanes-1-1-1536x1047.jpg 1536w, https:\/\/dimensionturistica.com\/es\/wp-content\/uploads\/2022\/07\/Temporada-de-Huracanes-1-1-2048x1396.jpg 2048w, https:\/\/dimensionturistica.com\/es\/wp-content\/uploads\/2022\/07\/Temporada-de-Huracanes-1-1-750x511.jpg 750w, https:\/\/dimensionturistica.com\/es\/wp-content\/uploads\/2022\/07\/Temporada-de-Huracanes-1-1-1140x777.jpg 1140w\" sizes=\"(max-width: 300px) 100vw, 300px\" \/> en el 2021, se encuentran La Ni\u00f1a y lluvias monz\u00f3nicas en \u00c1frica occidental que estuvieron por encima del promedio.<br \/>\nOtro elemento que tambi\u00e9n contribuye a la extensi\u00f3n de la actividad de tormentas estacionales son temperaturas de la superficie del mar (TSM) mucho m\u00e1s altas. Las tormentas tropicales s\u00f3lo pueden formarse y sostenerse por per\u00edodos m\u00e1s largos cuando las temperaturas del oc\u00e9ano superan los 27\u00b0C.<br \/>\nEn este sentido, el calentamiento global provocado por el hombre ha aumentado la temperatura atmosf\u00e9rica en 1.1 \u00b0C desde 1880, con la mayor parte del exceso de calor neto almacenado en los oc\u00e9anos del mundo, incluido el Atl\u00e1ntico Norte. Por consiguiente, esto ha incrementado la duraci\u00f3n de las TSM que acompa\u00f1an a los huracanes, as\u00ed como la distribuci\u00f3n geogr\u00e1fica de los lugares donde podr\u00edan ocurrir.<br \/>\nEl papel del calentamiento global<br \/>\nSi bien no existe un consenso cient\u00edfico claro sobre si el cambio clim\u00e1tico dar\u00e1 como resultado un aumento neto en la frecuencia de las tormentas tropicales; si hay mayor certeza de que las tormentas de alta intensidad ser\u00e1n m\u00e1s frecuentes, lo que indica el potencial de mayores da\u00f1os por vientos y marejadas cicl\u00f3nicas.<br \/>\nLos cient\u00edficos tambi\u00e9n creen que el cambio clim\u00e1tico har\u00e1 que los huracanes sean m\u00e1s h\u00famedos, aumentando as\u00ed el riesgo de inundaciones. Adem\u00e1s, la fuerza de una tormenta se vuelve m\u00e1s dif\u00edcil de predecir, ya que las tormentas se intensifican en un corto espacio de tiempo.<br \/>\nAnte este escenario, se recomienda que las empresas se preparen con el desarrollo y la implementaci\u00f3n de un plan integral de emergencia y, por su parte, los turistas habr\u00e1n de priorizar la adquisici\u00f3n de esquemas de protecci\u00f3n como, por ejemplo, asistencias de viaje que les respalden ante este tipo de situaciones.<br \/>\n\u201cEn Allianz Partners contamos con un amplio portafolio de asistencias de viaje que, durante esta temporada de huracanes, acompa\u00f1an a los turistas proporcion\u00e1ndoles el apoyo necesario en caso de accidentes, cancelaciones de vuelo u orientaci\u00f3n para que ellos solo se preocupen por disfrutar. Hoy m\u00e1s que nunca, nuestra oferta de valor se mantiene vigente e imprescindible para viajar de manera segura\u201c, coment\u00f3 Roberto Gonz\u00e1les Galindo, Director General de Allianz Partners M\u00e9xico.<br \/>\nEl pron\u00f3stico completo de la temporada de huracanres , elaborado por Allianz Global Corporate &amp; Specialty (AGCS) y Allianz Re ,est\u00e1 disponibe en este enlace: https:\/\/www.agcs.allianz.com\/news-and-insights\/expert-risk-articles\/atlantic-hurricane-season-outlook-2022.html<\/p>\n","protected":false},"excerpt":{"rendered":"<p>Allianz Partners, l\u00edder mundial en servicios de asistencia e integrante de Grupo Allianz, da a conocer el an\u00e1lisis y predicciones de los expertos en riesgos del Grupo -Allianz Global Corporate &amp; Specialty (AGCS) y Allianz Re- respecto a esta temporada de huracanes en el Atl\u00e1ntico basadas en proyecciones propias y en evaluaciones de diversos institutos [&hellip;]<\/p>\n","protected":false},"author":1,"featured_media":352795,"comment_status":"open","ping_status":"closed","sticky":false,"template":"","format":"standard","meta":{"om_disable_all_campaigns":false,"jnews-multi-image_gallery":[],"jnews_single_post":{"source_name":"","source_url":"","via_name":"","via_url":"","override_template":"0","override":[{"template":"1","single_blog_custom":"","parallax":"1","fullscreen":"1","layout":"right-sidebar","sidebar":"default-sidebar","second_sidebar":"default-sidebar","sticky_sidebar":"1","share_position":"top","share_float_style":"share-monocrhome","show_share_counter":"1","show_view_counter":"1","show_featured":"1","show_post_meta":"1","show_post_author":"1","show_post_author_image":"1","show_post_date":"1","post_date_format":"default","post_date_format_custom":"Y\/m\/d","show_post_category":"1","show_post_reading_time":"0","post_reading_time_wpm":"300","show_zoom_button":"0","zoom_button_out_step":"2","zoom_button_in_step":"3","show_post_tag":"1","show_prev_next_post":"1","show_popup_post":"1","number_popup_post":"1","show_author_box":"0","show_post_related":"0","show_inline_post_related":"0"}],"override_image_size":"0","image_override":[{"single_post_thumbnail_size":"crop-500","single_post_gallery_size":"crop-500"}],"trending_post":"0","trending_post_position":"meta","trending_post_label":"Trending","sponsored_post":"0","sponsored_post_label":"Sponsored by","sponsored_post_name":"","sponsored_post_url":"","sponsored_post_logo_enable":"0","sponsored_post_logo":"","sponsored_post_desc":"","disable_ad":"0"},"jnews_primary_category":{"id":""},"jnews_social_meta":{"fb_title":"","fb_description":"","fb_image":"","twitter_title":"","twitter_description":"","twitter_image":""},"footnotes":""},"categories":[39],"tags":[],"class_list":["post-352789","post","type-post","status-publish","format-standard","has-post-thumbnail","hentry","category-viajes"],"_links":{"self":[{"href":"https:\/\/dimensionturistica.com\/es\/wp-json\/wp\/v2\/posts\/352789","targetHints":{"allow":["GET"]}}],"collection":[{"href":"https:\/\/dimensionturistica.com\/es\/wp-json\/wp\/v2\/posts"}],"about":[{"href":"https:\/\/dimensionturistica.com\/es\/wp-json\/wp\/v2\/types\/post"}],"author":[{"embeddable":true,"href":"https:\/\/dimensionturistica.com\/es\/wp-json\/wp\/v2\/users\/1"}],"replies":[{"embeddable":true,"href":"https:\/\/dimensionturistica.com\/es\/wp-json\/wp\/v2\/comments?post=352789"}],"version-history":[{"count":0,"href":"https:\/\/dimensionturistica.com\/es\/wp-json\/wp\/v2\/posts\/352789\/revisions"}],"wp:featuredmedia":[{"embeddable":true,"href":"https:\/\/dimensionturistica.com\/es\/wp-json\/wp\/v2\/media\/352795"}],"wp:attachment":[{"href":"https:\/\/dimensionturistica.com\/es\/wp-json\/wp\/v2\/media?parent=352789"}],"wp:term":[{"taxonomy":"category","embeddable":true,"href":"https:\/\/dimensionturistica.com\/es\/wp-json\/wp\/v2\/categories?post=352789"},{"taxonomy":"post_tag","embeddable":true,"href":"https:\/\/dimensionturistica.com\/es\/wp-json\/wp\/v2\/tags?post=352789"}],"curies":[{"name":"wp","href":"https:\/\/api.w.org\/{rel}","templated":true}]}}