{"id":352719,"date":"2022-07-14T14:39:59","date_gmt":"2022-07-14T14:39:59","guid":{"rendered":"https:\/\/dimensionturistica.com\/es\/?p=352719"},"modified":"2022-07-14T14:41:45","modified_gmt":"2022-07-14T14:41:45","slug":"viva-aerobus-pospone-inicio-de-rutas-en-la-zmvm-por-demoras-en-entregas-de-aviones-y-componentes-de-aeronaves","status":"publish","type":"post","link":"https:\/\/dimensionturistica.com\/es\/viva-aerobus-pospone-inicio-de-rutas-en-la-zmvm-por-demoras-en-entregas-de-aviones-y-componentes-de-aeronaves\/","title":{"rendered":"Viva Aerobus, pospone inicio de rutas en la ZMVM, por demoras en entregas de aviones y componentes de aeronaves"},"content":{"rendered":"<p><img decoding=\"async\" class=\"size-medium wp-image-352733 alignright\" src=\"https:\/\/dimensionturistica.com\/es\/wp-content\/uploads\/2022\/07\/VIVAAEROBUSIK-300x170.jpg\" alt=\"\" width=\"300\" height=\"170\" srcset=\"https:\/\/dimensionturistica.com\/es\/wp-content\/uploads\/2022\/07\/VIVAAEROBUSIK-300x170.jpg 300w, https:\/\/dimensionturistica.com\/es\/wp-content\/uploads\/2022\/07\/VIVAAEROBUSIK.jpg 329w\" sizes=\"(max-width: 300px) 100vw, 300px\" \/>Viva Aerobus informa que, a ra\u00edz de un retraso en la entrega de nueve aeronaves nuevas del fabricante Airbus derivado de problemas en su cadena de suministro, as\u00ed como de componentes de aviones por proveedores clave, tales como Pratt &amp; Whitney, la aerol\u00ednea se vio en la necesidad de posponer el inicio de operaciones de determinadas rutas desde\/hacia distintos aeropuertos que integran el Sistema Aeroportuario Metropolitano.<br \/>\nEstos cambios contemplan las nuevas rutas del Aeropuerto Internacional Felipe \u00c1ngeles (AIFA) hacia Acapulco, Puerto Escondido, Oaxaca y La Habana; el reinicio de operaciones en el Aeropuerto de Toluca (AIT) con los servicios a Monterrey y Canc\u00fan; y la inauguraci\u00f3n de las nuevas rutas desde este mismo aeropuerto de Toluca a Puerto Vallarta y M\u00e9rida.<br \/>\nCabe se\u00f1alar que la nueva ruta desde el AIFA a Canc\u00fan s\u00ed comenzar\u00e1 el pr\u00f3ximo 15 de julio, como estaba previsto. Asimismo, los vuelos ya en operaci\u00f3n desde el AIFA a Guadalajara y Monterrey se mantienen sin cambio alguno.<\/p>\n<p><img decoding=\"async\" class=\"alignnone wp-image-352734\" src=\"https:\/\/dimensionturistica.com\/es\/wp-content\/uploads\/2022\/07\/HORARAIOS-300x109.jpg\" alt=\"\" width=\"817\" height=\"297\" srcset=\"https:\/\/dimensionturistica.com\/es\/wp-content\/uploads\/2022\/07\/HORARAIOS-300x109.jpg 300w, https:\/\/dimensionturistica.com\/es\/wp-content\/uploads\/2022\/07\/HORARAIOS-1024x372.jpg 1024w, https:\/\/dimensionturistica.com\/es\/wp-content\/uploads\/2022\/07\/HORARAIOS-768x279.jpg 768w, https:\/\/dimensionturistica.com\/es\/wp-content\/uploads\/2022\/07\/HORARAIOS-750x272.jpg 750w, https:\/\/dimensionturistica.com\/es\/wp-content\/uploads\/2022\/07\/HORARAIOS.jpg 1063w\" sizes=\"(max-width: 817px) 100vw, 817px\" \/><\/p>\n","protected":false},"excerpt":{"rendered":"<p>Viva Aerobus informa que, a ra\u00edz de un retraso en la entrega de nueve aeronaves nuevas del fabricante Airbus derivado de problemas en su cadena de suministro, as\u00ed como de componentes de aviones por proveedores clave, tales como Pratt &amp; Whitney, la aerol\u00ednea se vio en la necesidad de posponer el inicio de operaciones de [&hellip;]<\/p>\n","protected":false},"author":1,"featured_media":352735,"comment_status":"open","ping_status":"closed","sticky":false,"template":"","format":"standard","meta":{"om_disable_all_campaigns":false,"jnews-multi-image_gallery":[],"jnews_single_post":{"source_name":"","source_url":"","via_name":"","via_url":"","override_template":"0","override":[{"template":"1","single_blog_custom":"","parallax":"1","fullscreen":"1","layout":"right-sidebar","sidebar":"default-sidebar","second_sidebar":"default-sidebar","sticky_sidebar":"1","share_position":"top","share_float_style":"share-monocrhome","show_share_counter":"1","show_view_counter":"1","show_featured":"1","show_post_meta":"1","show_post_author":"1","show_post_author_image":"1","show_post_date":"1","post_date_format":"default","post_date_format_custom":"Y\/m\/d","show_post_category":"1","show_post_reading_time":"0","post_reading_time_wpm":"300","show_zoom_button":"0","zoom_button_out_step":"2","zoom_button_in_step":"3","show_post_tag":"1","show_prev_next_post":"1","show_popup_post":"1","number_popup_post":"1","show_author_box":"0","show_post_related":"0","show_inline_post_related":"0"}],"override_image_size":"0","image_override":[{"single_post_thumbnail_size":"crop-500","single_post_gallery_size":"crop-500"}],"trending_post":"0","trending_post_position":"meta","trending_post_label":"Trending","sponsored_post":"0","sponsored_post_label":"Sponsored by","sponsored_post_name":"","sponsored_post_url":"","sponsored_post_logo_enable":"0","sponsored_post_logo":"","sponsored_post_desc":"","disable_ad":"0"},"jnews_primary_category":{"id":""},"jnews_social_meta":{"fb_title":"","fb_description":"","fb_image":"","twitter_title":"","twitter_description":"","twitter_image":""},"footnotes":""},"categories":[40],"tags":[],"class_list":["post-352719","post","type-post","status-publish","format-standard","has-post-thumbnail","hentry","category-industria"],"_links":{"self":[{"href":"https:\/\/dimensionturistica.com\/es\/wp-json\/wp\/v2\/posts\/352719","targetHints":{"allow":["GET"]}}],"collection":[{"href":"https:\/\/dimensionturistica.com\/es\/wp-json\/wp\/v2\/posts"}],"about":[{"href":"https:\/\/dimensionturistica.com\/es\/wp-json\/wp\/v2\/types\/post"}],"author":[{"embeddable":true,"href":"https:\/\/dimensionturistica.com\/es\/wp-json\/wp\/v2\/users\/1"}],"replies":[{"embeddable":true,"href":"https:\/\/dimensionturistica.com\/es\/wp-json\/wp\/v2\/comments?post=352719"}],"version-history":[{"count":0,"href":"https:\/\/dimensionturistica.com\/es\/wp-json\/wp\/v2\/posts\/352719\/revisions"}],"wp:featuredmedia":[{"embeddable":true,"href":"https:\/\/dimensionturistica.com\/es\/wp-json\/wp\/v2\/media\/352735"}],"wp:attachment":[{"href":"https:\/\/dimensionturistica.com\/es\/wp-json\/wp\/v2\/media?parent=352719"}],"wp:term":[{"taxonomy":"category","embeddable":true,"href":"https:\/\/dimensionturistica.com\/es\/wp-json\/wp\/v2\/categories?post=352719"},{"taxonomy":"post_tag","embeddable":true,"href":"https:\/\/dimensionturistica.com\/es\/wp-json\/wp\/v2\/tags?post=352719"}],"curies":[{"name":"wp","href":"https:\/\/api.w.org\/{rel}","templated":true}]}}