{"id":351865,"date":"2022-07-13T13:48:55","date_gmt":"2022-07-13T13:48:55","guid":{"rendered":"https:\/\/dimensionturistica.com\/es\/?p=351865"},"modified":"2022-07-13T13:48:55","modified_gmt":"2022-07-13T13:48:55","slug":"multiexport-foods-cita-a-junta-extraordinaria-de-accionistas-por-aumento-de-capital","status":"publish","type":"post","link":"https:\/\/dimensionturistica.com\/es\/multiexport-foods-cita-a-junta-extraordinaria-de-accionistas-por-aumento-de-capital\/","title":{"rendered":"Multiexport Foods cita a Junta Extraordinaria de Accionistas por aumento de capital"},"content":{"rendered":"<p> <br \/>\n<\/p>\n<div id=\"article_content\">\n<div>\n<p><img decoding=\"async\" src=\"http:\/\/www.diarioestrategia.cl\/images\/showid2\/5411118?w=1200&amp;zc=4\" alt=\"Multiexport foods\" data-meta=\"{&quot;widget&quot;:&quot;simpleimage&quot;,&quot;image_id&quot;:null,&quot;floating&quot;:&quot;right&quot;}\" style=\"float: right; margin: 0px 0px 10px 10px;\"\/>Multiexport Meals inform\u00f3 en calidad de hecho esencial que en Sesi\u00f3n Extraordinaria de Directorio, celebrada el d\u00eda 11 de julio pasado, se acord\u00f3 convocar y citar a Junta Extraordinaria de Accionistas para el d\u00eda 2 de agosto de 2022, a las 10:00 horas, a celebrarse de manera presencial en el domicilio de Avenida El Golf 50, comuna de Las Condes de la ciudad de Santiago.<\/p>\n<p>La junta tendr\u00e1 por objeto tratar, entre otras materias, la aprobaci\u00f3n del Steadiness y Estados Financieros de la compa\u00f1\u00eda, al 31 de mayo de 2022, junto con el informe de la empresa de auditor\u00eda externa PwC; la distribuci\u00f3n de un dividendo eventual y\/o adicional por utilidades de ejercicios anteriores y, en su caso, del ejercicio terminado al 31 de diciembre de 2021; aumentar el capital de la compa\u00f1\u00eda, sin emisi\u00f3n de nuevas acciones, mediante la capitalizaci\u00f3n de parte de las cuentas denominadas \u201cOtras Reservas\u201d, que al 31 de mayo de 2022 alcanza la suma de US$ 218.563.006,29 seg\u00fan steadiness indicado; y disminuir el capital social en un monto equivalente al todo o parte de la capitalizaci\u00f3n referida, repartiendo dicha disminuci\u00f3n entre los accionistas.<\/p>\n<\/p><\/div>\n<p> <!-- article-content --><\/p><\/div>\n<p><script>(function(d, s, id) {\n        var js, fjs = d.getElementsByTagName(s)[0];\n        if (d.getElementById(id)) return;\n        js = d.createElement(s); js.id = id;\n        js.src = \"\/\/connect.facebook.net\/es_ES\/all.js#xfbml=1&appId=239369016074148\";\n        fjs.parentNode.insertBefore(js, fjs);\n    }(document, 'script', 'facebook-jssdk'));<\/script><br \/>\n<br \/><\/p>\n<p><em> \u2018 The preceding article may include information circulated by third parties \u2019 <\/em><\/p>\n<p><em> \u2018 Some details of this article were extracted from the following source www.diarioestrategia.cl \u2019 <\/em><\/p>\n","protected":false},"excerpt":{"rendered":"<p>Multiexport Meals inform\u00f3 en calidad de hecho esencial que en Sesi\u00f3n Extraordinaria de Directorio, celebrada el d\u00eda 11 de julio pasado, se acord\u00f3 convocar y citar a Junta Extraordinaria de Accionistas para el d\u00eda 2 de agosto de 2022, a las 10:00 horas, a celebrarse de manera presencial en el domicilio de Avenida El Golf [&hellip;]<\/p>\n","protected":false},"author":2,"featured_media":351866,"comment_status":"open","ping_status":"closed","sticky":false,"template":"","format":"standard","meta":{"om_disable_all_campaigns":false,"jnews-multi-image_gallery":[],"jnews_single_post":[],"jnews_primary_category":[],"jnews_social_meta":[],"footnotes":""},"categories":[43],"tags":[],"class_list":["post-351865","post","type-post","status-publish","format-standard","has-post-thumbnail","hentry","category-gourmet"],"_links":{"self":[{"href":"https:\/\/dimensionturistica.com\/es\/wp-json\/wp\/v2\/posts\/351865","targetHints":{"allow":["GET"]}}],"collection":[{"href":"https:\/\/dimensionturistica.com\/es\/wp-json\/wp\/v2\/posts"}],"about":[{"href":"https:\/\/dimensionturistica.com\/es\/wp-json\/wp\/v2\/types\/post"}],"author":[{"embeddable":true,"href":"https:\/\/dimensionturistica.com\/es\/wp-json\/wp\/v2\/users\/2"}],"replies":[{"embeddable":true,"href":"https:\/\/dimensionturistica.com\/es\/wp-json\/wp\/v2\/comments?post=351865"}],"version-history":[{"count":0,"href":"https:\/\/dimensionturistica.com\/es\/wp-json\/wp\/v2\/posts\/351865\/revisions"}],"wp:featuredmedia":[{"embeddable":true,"href":"https:\/\/dimensionturistica.com\/es\/wp-json\/wp\/v2\/media\/351866"}],"wp:attachment":[{"href":"https:\/\/dimensionturistica.com\/es\/wp-json\/wp\/v2\/media?parent=351865"}],"wp:term":[{"taxonomy":"category","embeddable":true,"href":"https:\/\/dimensionturistica.com\/es\/wp-json\/wp\/v2\/categories?post=351865"},{"taxonomy":"post_tag","embeddable":true,"href":"https:\/\/dimensionturistica.com\/es\/wp-json\/wp\/v2\/tags?post=351865"}],"curies":[{"name":"wp","href":"https:\/\/api.w.org\/{rel}","templated":true}]}}