{"id":351817,"date":"2022-07-13T12:26:12","date_gmt":"2022-07-13T12:26:12","guid":{"rendered":"https:\/\/dimensionturistica.com\/es\/?p=351817"},"modified":"2022-07-13T12:26:12","modified_gmt":"2022-07-13T12:26:12","slug":"los-cruceros-de-norwegian-regresan-a-canarias","status":"publish","type":"post","link":"https:\/\/dimensionturistica.com\/es\/los-cruceros-de-norwegian-regresan-a-canarias\/","title":{"rendered":"Los cruceros de Norwegian regresan a Canarias"},"content":{"rendered":"<p> <br \/>\n<\/p>\n<div>\n<p>                <span itemprop=\"articleBody\"><\/p>\n<p><strong><img decoding=\"async\" itemprop=\"image\" src=\"https:\/\/dimensionturistica.com\/es\/wp-content\/uploads\/2022\/07\/Los-cruceros-de-Norwegian-regresan-a-Canarias.webp\"\/><\/strong><\/p>\n<p>&#13;<\/p>\n<p><strong>Uno de los puestos previstos es el de Arrecife<\/strong><\/p>\n<p>&#13;<br \/>\n &#13;<\/p>\n<li class=\"texto\"><i class=\"fa fa-file-text-o\"\/>Lancelot Digital<\/li>\n<p>&#13;<\/p>\n<p>\u00a0<\/p>\n<p>&#13;<\/p>\n<p>Seg\u00fan informaci\u00f3n del portal especializado en turismo Tourinews.es, la tercera compa\u00f1\u00eda de cruceros m\u00e1s grande del mundo,<strong>\u00a0<\/strong>Norwegian Cruise Line, regresa a Canarias despu\u00e9s de cinco a\u00f1os. Para la temporada de invierno, la naviera ya hab\u00eda anunciado que\u00a0reforzar\u00e1 su actividad en Europa \u2014debido a las dificultades de operar en Asia\u2014\u00a0y esta vez ha incluido en sus planes a\u00a0cinco puertos canarios, dos de ellos nuevos,\u00a0a partir del 21 de noviembre.<\/p>\n<p>&#13;<\/p>\n<p>\u00a0<\/p>\n<p>&#13;<\/p>\n<p>Adem\u00e1s de que\u00a0Santa Cruz de Tenerife ser\u00e1 punto de embarque\u00a0para los pasajeros de Norwegian Cruise Line, otros dos puertos canarios\u00a0debutar\u00e1n\u00a0en la programaci\u00f3n de la naviera. Se trata de los puertos de\u00a0Puerto del Rosario (Fuerteventura) y San Sebasti\u00e1n de La Gomera. <strong>Adem\u00e1s, tambi\u00e9n realizar\u00e1 escalas en Las Palmas de Gran Canaria y Arrecife (Lanzarote).<\/strong><\/p>\n<p>&#13;<\/p>\n<p>\u00a0<\/p>\n<p>&#13;<\/p>\n<p>Canarias formar\u00e1 parte de los itinerarios de entre 10 y 14 d\u00edas que ofrecer\u00e1 la compa\u00f1\u00eda a bordo del\u00a0Norwegian Solar, un barco con capacidad para unos 2.000 pasajeros.<\/p>\n<p>&#13;<\/p>\n<p>\u00a0<\/p>\n<p>&#13;<\/p>\n<p>\u201cLas Canarias siempre han sido un atractivo para los viajeros de todo el mundo y ahora m\u00e1s cuando buscan disfrutar un poco del tan necesario sol de invierno\u201d, ha comentado\u00a0Harry Sommer, presidente y CEO\u00a0de Norwegian Cruise Line.<\/p>\n<p>&#13;<\/p>\n<p>\u00a0<\/p>\n<p>&#13;<\/p>\n<p>\t                    <\/span><\/p><\/div>\n<p><script src=\"https:\/\/connect.facebook.net\/es_ES\/all.js#xfbml=1\" type=\"text\/javascript\"><\/script><script type=\"text\/javascript\">\n\/\/<![CDATA[\n   \twindow.fbAsyncInit = function() {\n\t\tFB.init({ appId: '171342606239806', \n\t\t\tstatus: true, \n\t\t\tcookie: true,\n\t\t\txfbml: true,\n\t\t\toauth: true\n\t\t});\n   \t\t    \n\t  \t\t};\n    \/\/      \n    jQuery(window).load(function() {\n    \t(function(){\n    \t\tif(!document.getElementById('fb-root')) {\n    \t\t\tvar root = document.createElement('div');\n    \t\t\troot.id = 'fb-root';\n    \t\t\tdocument.getElementById('gkfb-root').appendChild(root);\n    \t\t\tvar e = document.createElement('script');\n    \t\t\te.src = document.location.protocol + '\/\/connect.facebook.net\/es_ES\/all.js';\n    \t\t\te.async = true;\n    \t\t\tdocument.getElementById('fb-root').appendChild(e);\n    \t\t}  \n    \t})();\n    });\n    \/\/]]>\n<\/script><br \/>\n<br \/><\/p>\n<p><em> &#8221; Fuentes www.lancelotdigital.com &#8221; <\/em><\/p>\n","protected":false},"excerpt":{"rendered":"<p>&#13; Uno de los puestos previstos es el de Arrecife &#13; &#13; Lancelot Digital &#13; \u00a0 &#13; Seg\u00fan informaci\u00f3n del portal especializado en turismo Tourinews.es, la tercera compa\u00f1\u00eda de cruceros m\u00e1s grande del mundo,\u00a0Norwegian Cruise Line, regresa a Canarias despu\u00e9s de cinco a\u00f1os. Para la temporada de invierno, la naviera ya hab\u00eda anunciado que\u00a0reforzar\u00e1 su [&hellip;]<\/p>\n","protected":false},"author":4,"featured_media":351818,"comment_status":"open","ping_status":"closed","sticky":false,"template":"","format":"standard","meta":{"om_disable_all_campaigns":false,"jnews-multi-image_gallery":[],"jnews_single_post":[],"jnews_primary_category":[],"jnews_social_meta":[],"footnotes":""},"categories":[41],"tags":[946],"class_list":["post-351817","post","type-post","status-publish","format-standard","has-post-thumbnail","hentry","category-cruceros","tag-lancelot-digital-noticias-lanzarote-diario-digital-periodico-canarias-sucesos-deportes-cultura-vida-social-opinion-semanario-revista"],"_links":{"self":[{"href":"https:\/\/dimensionturistica.com\/es\/wp-json\/wp\/v2\/posts\/351817","targetHints":{"allow":["GET"]}}],"collection":[{"href":"https:\/\/dimensionturistica.com\/es\/wp-json\/wp\/v2\/posts"}],"about":[{"href":"https:\/\/dimensionturistica.com\/es\/wp-json\/wp\/v2\/types\/post"}],"author":[{"embeddable":true,"href":"https:\/\/dimensionturistica.com\/es\/wp-json\/wp\/v2\/users\/4"}],"replies":[{"embeddable":true,"href":"https:\/\/dimensionturistica.com\/es\/wp-json\/wp\/v2\/comments?post=351817"}],"version-history":[{"count":0,"href":"https:\/\/dimensionturistica.com\/es\/wp-json\/wp\/v2\/posts\/351817\/revisions"}],"wp:featuredmedia":[{"embeddable":true,"href":"https:\/\/dimensionturistica.com\/es\/wp-json\/wp\/v2\/media\/351818"}],"wp:attachment":[{"href":"https:\/\/dimensionturistica.com\/es\/wp-json\/wp\/v2\/media?parent=351817"}],"wp:term":[{"taxonomy":"category","embeddable":true,"href":"https:\/\/dimensionturistica.com\/es\/wp-json\/wp\/v2\/categories?post=351817"},{"taxonomy":"post_tag","embeddable":true,"href":"https:\/\/dimensionturistica.com\/es\/wp-json\/wp\/v2\/tags?post=351817"}],"curies":[{"name":"wp","href":"https:\/\/api.w.org\/{rel}","templated":true}]}}