{"id":351797,"date":"2022-07-13T11:51:58","date_gmt":"2022-07-13T11:51:58","guid":{"rendered":"https:\/\/dimensionturistica.com\/es\/?p=351797"},"modified":"2022-07-13T11:51:58","modified_gmt":"2022-07-13T11:51:58","slug":"estos-son-los-destinos-favoritos-de-los-extranjeros-que-viajaran-a-espana-este-verano","status":"publish","type":"post","link":"https:\/\/dimensionturistica.com\/es\/estos-son-los-destinos-favoritos-de-los-extranjeros-que-viajaran-a-espana-este-verano\/","title":{"rendered":"Estos son los destinos favoritos de los extranjeros que viajar\u00e1n a Espa\u00f1a este verano"},"content":{"rendered":"<p> <br \/>\n<\/p>\n<div>\n<p><strong>Un estudio realizado por<\/strong> <a rel=\"nofollow noopener\" target=\"_blank\" href=\"https:\/\/www.visa.es\/\"><strong>Visa,<\/strong><\/a> junto a Fee Innovation Hub, en el que se ha recogido la opini\u00f3n de 1.500 turistas franceses, brit\u00e1nicos y estadounidenses, revela <strong>los destinos favoritos de los turistas internacionales<\/strong> que van a visitar <a rel=\"nofollow noopener\" target=\"_blank\" href=\"https:\/\/www.traveler.es\/articulos\/1000-ideas-para-viajar-por-espana-y-reconectar-con-la-naturaleza\">Espa\u00f1a<\/a> este verano.<\/p>\n<\/div>\n\n<p><em> &#8221; Fuentes www.traveler.es &#8221; <\/em><\/p>\n","protected":false},"excerpt":{"rendered":"<p>Un estudio realizado por Visa, junto a Fee Innovation Hub, en el que se ha recogido la opini\u00f3n de 1.500 turistas franceses, brit\u00e1nicos y estadounidenses, revela los destinos favoritos de los turistas internacionales que van a visitar Espa\u00f1a este verano. &#8221; Fuentes www.traveler.es &#8221;<\/p>\n","protected":false},"author":4,"featured_media":351798,"comment_status":"open","ping_status":"closed","sticky":false,"template":"","format":"standard","meta":{"om_disable_all_campaigns":false,"jnews-multi-image_gallery":[],"jnews_single_post":[],"jnews_primary_category":[],"jnews_social_meta":[],"footnotes":""},"categories":[39],"tags":[707,4859,2542,770],"class_list":["post-351797","post","type-post","status-publish","format-standard","has-post-thumbnail","hentry","category-viajes","tag-actualidad","tag-compras","tag-curiosidades","tag-espana"],"_links":{"self":[{"href":"https:\/\/dimensionturistica.com\/es\/wp-json\/wp\/v2\/posts\/351797","targetHints":{"allow":["GET"]}}],"collection":[{"href":"https:\/\/dimensionturistica.com\/es\/wp-json\/wp\/v2\/posts"}],"about":[{"href":"https:\/\/dimensionturistica.com\/es\/wp-json\/wp\/v2\/types\/post"}],"author":[{"embeddable":true,"href":"https:\/\/dimensionturistica.com\/es\/wp-json\/wp\/v2\/users\/4"}],"replies":[{"embeddable":true,"href":"https:\/\/dimensionturistica.com\/es\/wp-json\/wp\/v2\/comments?post=351797"}],"version-history":[{"count":0,"href":"https:\/\/dimensionturistica.com\/es\/wp-json\/wp\/v2\/posts\/351797\/revisions"}],"wp:featuredmedia":[{"embeddable":true,"href":"https:\/\/dimensionturistica.com\/es\/wp-json\/wp\/v2\/media\/351798"}],"wp:attachment":[{"href":"https:\/\/dimensionturistica.com\/es\/wp-json\/wp\/v2\/media?parent=351797"}],"wp:term":[{"taxonomy":"category","embeddable":true,"href":"https:\/\/dimensionturistica.com\/es\/wp-json\/wp\/v2\/categories?post=351797"},{"taxonomy":"post_tag","embeddable":true,"href":"https:\/\/dimensionturistica.com\/es\/wp-json\/wp\/v2\/tags?post=351797"}],"curies":[{"name":"wp","href":"https:\/\/api.w.org\/{rel}","templated":true}]}}