{"id":351537,"date":"2022-07-13T01:31:34","date_gmt":"2022-07-13T01:31:34","guid":{"rendered":"https:\/\/dimensionturistica.com\/es\/?p=351537"},"modified":"2022-07-13T01:31:35","modified_gmt":"2022-07-13T01:31:35","slug":"reinstalan-semaforo-derribado-tras-accidente-en-crucero-la-morena","status":"publish","type":"post","link":"https:\/\/dimensionturistica.com\/es\/reinstalan-semaforo-derribado-tras-accidente-en-crucero-la-morena\/","title":{"rendered":"Reinstalan sem\u00e1foro derribado tras accidente en crucero La Morena"},"content":{"rendered":"<p> <br \/>\n<\/p>\n<div id=\"cuerpo-nota\">\n<p>Autoridades municipales de <strong>Tulancingo <\/strong>reinstalaron el sem\u00e1foro ubicado en el cruce del bulevar La Morena con la carretera<strong> M\u00e9xico-Tuxpan<\/strong>, derribado por el conductor de un veh\u00edculo de carga pesada en un accidente ocurrido la semana pasada.<\/p>\n<p>La reinstalaci\u00f3n del sem\u00e1foro se hizo luego que vecinos de la zona advirtieron que realizar\u00edan un bloqueo en la carretera federal ya que la falta del sem\u00e1foro hab\u00eda provocado varios incidentes viales.<\/p>\n<p><img decoding=\"async\" alt=\"\" height=\"1024\" src=\"https:\/\/dimensionturistica.com\/es\/wp-content\/uploads\/2022\/07\/Reinstalan-semaforo-derribado-tras-accidente-en-crucero-La-Morena.jpeg\" width=\"768\"\/><img decoding=\"async\" alt=\"\" height=\"1024\" src=\"https:\/\/dimensionturistica.com\/es\/wp-content\/uploads\/2022\/07\/1657675892_482_Reinstalan-semaforo-derribado-tras-accidente-en-crucero-La-Morena.jpeg\" width=\"768\"\/><img decoding=\"async\" alt=\"\" height=\"1024\" src=\"https:\/\/dimensionturistica.com\/es\/wp-content\/uploads\/2022\/07\/1657675893_639_Reinstalan-semaforo-derribado-tras-accidente-en-crucero-La-Morena.jpeg\" width=\"768\"\/><\/p>\n<aside class=\"htmlinline\"\/>\n<p>A partir del accidente, ocurrido el pasado mi\u00e9rcoles 6 de julio, las autoridades retiraron la estructura que fue da\u00f1ada y colocaron trafitambos para delimitar el \u00e1rea donde se encontraba el sem\u00e1foro, pero estos eran quitados por las noches por automovilistas para round por la zona, lo que podr\u00eda provocar un accidente, se\u00f1alaron.<\/p>\n<p>Por ello los vecinos amenazaron con instalar un bloqueo sobre la <strong>M\u00e9xico-Tuxpan<\/strong> para ejercer presi\u00f3n para la reinstalaci\u00f3n del sem\u00e1foro, lo que ya no fue necesario pues en las primeras horas de este martes 12 de julio inici\u00f3 la colocaci\u00f3n de la infraestructura.<\/p>\n<p>Respecto al pago de las reparaciones, <strong>Rafael Guerrero G\u00f3mez<\/strong>, secretario de <strong>Seguridad Ciudadana, Tr\u00e1nsito, Movilidad y Protecci\u00f3n Civil<\/strong> municipal, se\u00f1al\u00f3 que ya establecieron contacto con la empresa propietaria del veh\u00edculo que derrib\u00f3 el sem\u00e1foro y la estructura e indic\u00f3 que asumir\u00e1 los gastos.<\/p>\n<p>Los trabajos se han complicado debido a que algunos automovilistas aprovechan la apertura por tiempos de la vialidad para pasar por la zona y evitar as\u00ed la vuelta m\u00e1s adelante, pero esto podr\u00eda provocar un accidente, advirtieron autoridades.<\/p>\n<p>Se prev\u00e9 que finalicen las labores en las pr\u00f3ximas horas y con ello entre en operaci\u00f3n el sem\u00e1foro.&#13;<br \/>\n&#13;<br \/>\n    &#13;\n    <\/p>\n<\/div>\n\n<p><em> &#8221; Fuentes www.am.com.mx &#8221; <\/em><\/p>\n","protected":false},"excerpt":{"rendered":"<p>Autoridades municipales de Tulancingo reinstalaron el sem\u00e1foro ubicado en el cruce del bulevar La Morena con la carretera M\u00e9xico-Tuxpan, derribado por el conductor de un veh\u00edculo de carga pesada en un accidente ocurrido la semana pasada. La reinstalaci\u00f3n del sem\u00e1foro se hizo luego que vecinos de la zona advirtieron que realizar\u00edan un bloqueo en la [&hellip;]<\/p>\n","protected":false},"author":4,"featured_media":351538,"comment_status":"open","ping_status":"closed","sticky":false,"template":"","format":"standard","meta":{"om_disable_all_campaigns":false,"jnews-multi-image_gallery":[],"jnews_single_post":[],"jnews_primary_category":[],"jnews_social_meta":[],"footnotes":""},"categories":[41],"tags":[2119,16432],"class_list":["post-351537","post","type-post","status-publish","format-standard","has-post-thumbnail","hentry","category-cruceros","tag-semaforo","tag-vialidad"],"_links":{"self":[{"href":"https:\/\/dimensionturistica.com\/es\/wp-json\/wp\/v2\/posts\/351537","targetHints":{"allow":["GET"]}}],"collection":[{"href":"https:\/\/dimensionturistica.com\/es\/wp-json\/wp\/v2\/posts"}],"about":[{"href":"https:\/\/dimensionturistica.com\/es\/wp-json\/wp\/v2\/types\/post"}],"author":[{"embeddable":true,"href":"https:\/\/dimensionturistica.com\/es\/wp-json\/wp\/v2\/users\/4"}],"replies":[{"embeddable":true,"href":"https:\/\/dimensionturistica.com\/es\/wp-json\/wp\/v2\/comments?post=351537"}],"version-history":[{"count":0,"href":"https:\/\/dimensionturistica.com\/es\/wp-json\/wp\/v2\/posts\/351537\/revisions"}],"wp:featuredmedia":[{"embeddable":true,"href":"https:\/\/dimensionturistica.com\/es\/wp-json\/wp\/v2\/media\/351538"}],"wp:attachment":[{"href":"https:\/\/dimensionturistica.com\/es\/wp-json\/wp\/v2\/media?parent=351537"}],"wp:term":[{"taxonomy":"category","embeddable":true,"href":"https:\/\/dimensionturistica.com\/es\/wp-json\/wp\/v2\/categories?post=351537"},{"taxonomy":"post_tag","embeddable":true,"href":"https:\/\/dimensionturistica.com\/es\/wp-json\/wp\/v2\/tags?post=351537"}],"curies":[{"name":"wp","href":"https:\/\/api.w.org\/{rel}","templated":true}]}}