{"id":351409,"date":"2022-07-12T21:57:11","date_gmt":"2022-07-12T21:57:11","guid":{"rendered":"https:\/\/dimensionturistica.com\/es\/?p=351409"},"modified":"2022-07-12T21:58:38","modified_gmt":"2022-07-12T21:58:38","slug":"anuncia-american-airlines-su-nueva-ruta-entre-nueva-york-y-la-cdmx","status":"publish","type":"post","link":"https:\/\/dimensionturistica.com\/es\/anuncia-american-airlines-su-nueva-ruta-entre-nueva-york-y-la-cdmx\/","title":{"rendered":"Anuncia American Airlines su nueva ruta entre Nueva York y La CDMX"},"content":{"rendered":"<p><img decoding=\"async\" class=\"size-medium wp-image-351410 alignright\" src=\"https:\/\/dimensionturistica.com\/es\/wp-content\/uploads\/2022\/07\/American-Airlines_Aircraft-300x225.jpg\" alt=\"\" width=\"300\" height=\"225\" srcset=\"https:\/\/dimensionturistica.com\/es\/wp-content\/uploads\/2022\/07\/American-Airlines_Aircraft-300x225.jpg 300w, https:\/\/dimensionturistica.com\/es\/wp-content\/uploads\/2022\/07\/American-Airlines_Aircraft-1024x767.jpg 1024w, https:\/\/dimensionturistica.com\/es\/wp-content\/uploads\/2022\/07\/American-Airlines_Aircraft-768x575.jpg 768w, https:\/\/dimensionturistica.com\/es\/wp-content\/uploads\/2022\/07\/American-Airlines_Aircraft-750x562.jpg 750w, https:\/\/dimensionturistica.com\/es\/wp-content\/uploads\/2022\/07\/American-Airlines_Aircraft-1140x854.jpg 1140w, https:\/\/dimensionturistica.com\/es\/wp-content\/uploads\/2022\/07\/American-Airlines_Aircraft.jpg 1280w\" sizes=\"(max-width: 300px) 100vw, 300px\" \/><\/p>\n<p>A partir del 4 de noviembre, American Airlines iniciar\u00e1 una nueva ruta diaria desde el Aeropuerto Internacional de la Ciudad de M\u00e9xico (MEX) a Nueva York (JFK). La nueva ruta operar\u00e1 un vuelo diario en un avi\u00f3n Boeing 737, con capacidad para 172 pasajeros.<br \/>\n\u201cNo hay mejor manera de celebrar los 80 a\u00f1os de servicio a la Ciudad de M\u00e9xico que con una nueva ruta a la ciudad de Nueva York, uno de los destinos m\u00e1s populares de los EE. UU. y un importante centro de conexiones de American\u201d, dijo Jos\u00e9 Mar\u00eda Giraldo, director Gerente de American para M\u00e9xico, Centroam\u00e9rica y el Caribe. \u201cNuestro compromiso con M\u00e9xico es firme y estamos orgullosos de ver que nuestras operaciones contin\u00faan creciendo, ofreciendo m\u00e1s conectividad y opciones de viaje para los clientes\u201d.<br \/>\nCon esta nueva ruta, a partir de noviembre, American ofrecer\u00e1 hasta 14 vuelos diarios desde la Ciudad de M\u00e9xico a seis destinos en Estados Unidos, incluidos Dallas\/Fort Worth (DFW), Miami (MIA), Phoenix (PHX), Charlotte (CLT), Los \u00c1ngeles (LAX) y Nueva York (JFK).<br \/>\nConexi\u00f3n de American en JFK<br \/>\n<img decoding=\"async\" class=\"alignnone wp-image-351411\" src=\"https:\/\/dimensionturistica.com\/es\/wp-content\/uploads\/2022\/07\/horarios-300x53.jpg\" alt=\"\" width=\"657\" height=\"116\" srcset=\"https:\/\/dimensionturistica.com\/es\/wp-content\/uploads\/2022\/07\/horarios-300x53.jpg 300w, https:\/\/dimensionturistica.com\/es\/wp-content\/uploads\/2022\/07\/horarios-1024x181.jpg 1024w, https:\/\/dimensionturistica.com\/es\/wp-content\/uploads\/2022\/07\/horarios-768x136.jpg 768w, https:\/\/dimensionturistica.com\/es\/wp-content\/uploads\/2022\/07\/horarios-750x132.jpg 750w, https:\/\/dimensionturistica.com\/es\/wp-content\/uploads\/2022\/07\/horarios-1140x201.jpg 1140w, https:\/\/dimensionturistica.com\/es\/wp-content\/uploads\/2022\/07\/horarios.jpg 1268w\" sizes=\"(max-width: 657px) 100vw, 657px\" \/>Este oto\u00f1o, American operar\u00e1 hasta 106 salidas en d\u00edas pico a 54 destinos desde su centro de conexiones en Nueva York (JFK), llegando a todo Estados Unidos, Canad\u00e1, Europa, el Caribe, Am\u00e9rica Latina y Medio Oriente.<br \/>\nEn junio, American anunci\u00f3 un nuevo servicio entre Monterrey (MTY) y JFK, que tambi\u00e9n se lanzar\u00e1 en noviembre. Con estas rutas, American conectar\u00e1 JFK con cuatro destinos en M\u00e9xico, Canc\u00fan (CUN), MEX, MTY y San Jos\u00e9 del Cabo (SJD).<\/p>\n","protected":false},"excerpt":{"rendered":"<p>A partir del 4 de noviembre, American Airlines iniciar\u00e1 una nueva ruta diaria desde el Aeropuerto Internacional de la Ciudad de M\u00e9xico (MEX) a Nueva York (JFK). La nueva ruta operar\u00e1 un vuelo diario en un avi\u00f3n Boeing 737, con capacidad para 172 pasajeros. \u201cNo hay mejor manera de celebrar los 80 a\u00f1os de servicio [&hellip;]<\/p>\n","protected":false},"author":1,"featured_media":351413,"comment_status":"open","ping_status":"closed","sticky":false,"template":"","format":"standard","meta":{"om_disable_all_campaigns":false,"jnews-multi-image_gallery":[],"jnews_single_post":{"source_name":"","source_url":"","via_name":"","via_url":"","override_template":"0","override":[{"template":"1","single_blog_custom":"","parallax":"1","fullscreen":"1","layout":"right-sidebar","sidebar":"default-sidebar","second_sidebar":"default-sidebar","sticky_sidebar":"1","share_position":"top","share_float_style":"share-monocrhome","show_share_counter":"1","show_view_counter":"1","show_featured":"1","show_post_meta":"1","show_post_author":"1","show_post_author_image":"1","show_post_date":"1","post_date_format":"default","post_date_format_custom":"Y\/m\/d","show_post_category":"1","show_post_reading_time":"0","post_reading_time_wpm":"300","show_zoom_button":"0","zoom_button_out_step":"2","zoom_button_in_step":"3","show_post_tag":"1","show_prev_next_post":"1","show_popup_post":"1","number_popup_post":"1","show_author_box":"0","show_post_related":"0","show_inline_post_related":"0"}],"override_image_size":"0","image_override":[{"single_post_thumbnail_size":"crop-500","single_post_gallery_size":"crop-500"}],"trending_post":"0","trending_post_position":"meta","trending_post_label":"Trending","sponsored_post":"0","sponsored_post_label":"Sponsored by","sponsored_post_name":"","sponsored_post_url":"","sponsored_post_logo_enable":"0","sponsored_post_logo":"","sponsored_post_desc":"","disable_ad":"0"},"jnews_primary_category":{"id":""},"jnews_social_meta":{"fb_title":"","fb_description":"","fb_image":"","twitter_title":"","twitter_description":"","twitter_image":""},"footnotes":""},"categories":[39],"tags":[],"class_list":["post-351409","post","type-post","status-publish","format-standard","has-post-thumbnail","hentry","category-viajes"],"_links":{"self":[{"href":"https:\/\/dimensionturistica.com\/es\/wp-json\/wp\/v2\/posts\/351409","targetHints":{"allow":["GET"]}}],"collection":[{"href":"https:\/\/dimensionturistica.com\/es\/wp-json\/wp\/v2\/posts"}],"about":[{"href":"https:\/\/dimensionturistica.com\/es\/wp-json\/wp\/v2\/types\/post"}],"author":[{"embeddable":true,"href":"https:\/\/dimensionturistica.com\/es\/wp-json\/wp\/v2\/users\/1"}],"replies":[{"embeddable":true,"href":"https:\/\/dimensionturistica.com\/es\/wp-json\/wp\/v2\/comments?post=351409"}],"version-history":[{"count":0,"href":"https:\/\/dimensionturistica.com\/es\/wp-json\/wp\/v2\/posts\/351409\/revisions"}],"wp:featuredmedia":[{"embeddable":true,"href":"https:\/\/dimensionturistica.com\/es\/wp-json\/wp\/v2\/media\/351413"}],"wp:attachment":[{"href":"https:\/\/dimensionturistica.com\/es\/wp-json\/wp\/v2\/media?parent=351409"}],"wp:term":[{"taxonomy":"category","embeddable":true,"href":"https:\/\/dimensionturistica.com\/es\/wp-json\/wp\/v2\/categories?post=351409"},{"taxonomy":"post_tag","embeddable":true,"href":"https:\/\/dimensionturistica.com\/es\/wp-json\/wp\/v2\/tags?post=351409"}],"curies":[{"name":"wp","href":"https:\/\/api.w.org\/{rel}","templated":true}]}}