{"id":351275,"date":"2022-07-12T18:58:54","date_gmt":"2022-07-12T18:58:54","guid":{"rendered":"https:\/\/dimensionturistica.com\/es\/?p=351275"},"modified":"2022-07-12T18:58:54","modified_gmt":"2022-07-12T18:58:54","slug":"las-inversiones-turisticas-espanolas-son-importantes-para-quintana-roo","status":"publish","type":"post","link":"https:\/\/dimensionturistica.com\/es\/las-inversiones-turisticas-espanolas-son-importantes-para-quintana-roo\/","title":{"rendered":"Las inversiones tur\u00edsticas espa\u00f1olas son importantes para Quintana Roo"},"content":{"rendered":"<p><img decoding=\"async\" class=\"size-medium wp-image-351278 alignright\" src=\"https:\/\/dimensionturistica.com\/es\/wp-content\/uploads\/2022\/07\/5c46c1f6-0621-4df1-9094-b3192ba4945a-300x201.jpg\" alt=\"\" width=\"300\" height=\"201\" srcset=\"https:\/\/dimensionturistica.com\/es\/wp-content\/uploads\/2022\/07\/5c46c1f6-0621-4df1-9094-b3192ba4945a-300x201.jpg 300w, https:\/\/dimensionturistica.com\/es\/wp-content\/uploads\/2022\/07\/5c46c1f6-0621-4df1-9094-b3192ba4945a-1024x686.jpg 1024w, https:\/\/dimensionturistica.com\/es\/wp-content\/uploads\/2022\/07\/5c46c1f6-0621-4df1-9094-b3192ba4945a-768x515.jpg 768w, https:\/\/dimensionturistica.com\/es\/wp-content\/uploads\/2022\/07\/5c46c1f6-0621-4df1-9094-b3192ba4945a-750x503.jpg 750w, https:\/\/dimensionturistica.com\/es\/wp-content\/uploads\/2022\/07\/5c46c1f6-0621-4df1-9094-b3192ba4945a-1140x764.jpg 1140w, https:\/\/dimensionturistica.com\/es\/wp-content\/uploads\/2022\/07\/5c46c1f6-0621-4df1-9094-b3192ba4945a.jpg 1280w\" sizes=\"(max-width: 300px) 100vw, 300px\" \/>El gobernador Carlos Joaqu\u00edn destac\u00f3 aqu\u00ed la importancia que Espa\u00f1a tiene para Quintana Roo, tanto por las inversiones que han realizado las principales cadenas hoteleras a lo largo de los a\u00f1os, as\u00ed como por el n\u00famero de turistas espa\u00f1oles que visitan los destinos del estado.<br \/>\nEste martes, Carlos Joaqu\u00edn en compa\u00f1\u00eda del embajador de M\u00e9xico en Espa\u00f1a, Quirino Ordaz, de la gobernadora electa Mara Lezama, del secretario de Turismo del Estado Bernardo Cueto y del director del Consejo de Promoci\u00f3n Tur\u00edstico de Quintana Roo (CPTQ), Dar\u00edo Flota ofrecieron una conferencia de prensa en la sede del Instituto Cultural de M\u00e9xico en Espa\u00f1a.<br \/>\n<img decoding=\"async\" class=\"size-medium wp-image-351279 alignright\" src=\"https:\/\/dimensionturistica.com\/es\/wp-content\/uploads\/2022\/07\/5cfbb0a0-caf2-41e3-8221-73b990edcf2d-300x200.jpg\" alt=\"\" width=\"300\" height=\"200\" srcset=\"https:\/\/dimensionturistica.com\/es\/wp-content\/uploads\/2022\/07\/5cfbb0a0-caf2-41e3-8221-73b990edcf2d-300x200.jpg 300w, https:\/\/dimensionturistica.com\/es\/wp-content\/uploads\/2022\/07\/5cfbb0a0-caf2-41e3-8221-73b990edcf2d-1024x682.jpg 1024w, https:\/\/dimensionturistica.com\/es\/wp-content\/uploads\/2022\/07\/5cfbb0a0-caf2-41e3-8221-73b990edcf2d-768x512.jpg 768w, https:\/\/dimensionturistica.com\/es\/wp-content\/uploads\/2022\/07\/5cfbb0a0-caf2-41e3-8221-73b990edcf2d-750x500.jpg 750w, https:\/\/dimensionturistica.com\/es\/wp-content\/uploads\/2022\/07\/5cfbb0a0-caf2-41e3-8221-73b990edcf2d-1140x760.jpg 1140w, https:\/\/dimensionturistica.com\/es\/wp-content\/uploads\/2022\/07\/5cfbb0a0-caf2-41e3-8221-73b990edcf2d.jpg 1280w\" sizes=\"(max-width: 300px) 100vw, 300px\" \/>Tras la presentaci\u00f3n del gobernador Carlos Joaqu\u00edn, la gobernadora Electa Mara Lezama inform\u00f3 que contin\u00faan las inversiones en infraestructura tur\u00edstica en Quintana Roo para ofrecer servicios m\u00e1s c\u00f3modos para los turistas y visitantes.<br \/>\nEntre estos est\u00e1n la construcci\u00f3n de nuevos aeropuertos internacionales para tener cuatro -que abre la posibilidad de m\u00e1s conexi\u00f3n con el mundo-, as\u00ed como el Tren Maya que abrir\u00e1 nuevas rutas en la pen\u00ednsula, as\u00ed como nuevas inversiones en cuartos de hotel.<br \/>\nPor su parte, el director del CPTQ Dar\u00edo Flota Ocampo dio a conocer que la mitad de los<img decoding=\"async\" class=\"size-medium wp-image-351284 alignright\" src=\"https:\/\/dimensionturistica.com\/es\/wp-content\/uploads\/2022\/07\/864cd2d4-f386-43ad-b3c0-16d529759b04-300x200.jpg\" alt=\"\" width=\"300\" height=\"200\" srcset=\"https:\/\/dimensionturistica.com\/es\/wp-content\/uploads\/2022\/07\/864cd2d4-f386-43ad-b3c0-16d529759b04-300x200.jpg 300w, https:\/\/dimensionturistica.com\/es\/wp-content\/uploads\/2022\/07\/864cd2d4-f386-43ad-b3c0-16d529759b04-1024x682.jpg 1024w, https:\/\/dimensionturistica.com\/es\/wp-content\/uploads\/2022\/07\/864cd2d4-f386-43ad-b3c0-16d529759b04-768x512.jpg 768w, https:\/\/dimensionturistica.com\/es\/wp-content\/uploads\/2022\/07\/864cd2d4-f386-43ad-b3c0-16d529759b04-750x500.jpg 750w, https:\/\/dimensionturistica.com\/es\/wp-content\/uploads\/2022\/07\/864cd2d4-f386-43ad-b3c0-16d529759b04-1140x760.jpg 1140w, https:\/\/dimensionturistica.com\/es\/wp-content\/uploads\/2022\/07\/864cd2d4-f386-43ad-b3c0-16d529759b04.jpg 1280w\" sizes=\"(max-width: 300px) 100vw, 300px\" \/> espa\u00f1oles que viajan a M\u00e9xico lo hacen a Quintana Roo, en especial a la Riviera Maya y se hospedan las cadenas hoteleras que ah\u00ed se tienen.<br \/>\nPrecis\u00f3 que en Quintana Roo la reapertura de la actividad tur\u00edstica permiti\u00f3 recuperar los empleos y la econom\u00eda, de tal manera que hoy se han superado los n\u00fameros que se tuvo en 2019 antes de la pandemia.<br \/>\n\u201c\u201cHoy Quintana Roo tiene conexi\u00f3n a\u00e9rea con 31 pa\u00eds y 132 ciudades diferentes, 44 ciudades de Estados Unidos est\u00e1n conectados con Canc\u00fan y se establecieron rutas que nunca se hab\u00edan tenido. En relaci\u00f3n con Espa\u00f1a, adem\u00e1s de la conectividad con Madrid se abri\u00f3 recientemente una desde Barcelona que registra ocupaciones de entre 90 y 95%.<br \/>\n\u201c\u201cFlota Ocampo a\u00f1adi\u00f3 que adem\u00e1s de la vinculaci\u00f3n hist\u00f3rica entre Espa\u00f1a y M\u00e9xico, Quintana Roo es el destino favorito de los espa\u00f1oles, principalmente en las temporadas de verano. Para este a\u00f1o se estima la presencia de entre 150 a 160 mil espa\u00f1oles.<img decoding=\"async\" class=\"size-medium wp-image-351285 alignleft\" src=\"https:\/\/dimensionturistica.com\/es\/wp-content\/uploads\/2022\/07\/d62578c6-c5a1-496e-a018-b7a3f70b24a3-300x200.jpg\" alt=\"\" width=\"300\" height=\"200\" srcset=\"https:\/\/dimensionturistica.com\/es\/wp-content\/uploads\/2022\/07\/d62578c6-c5a1-496e-a018-b7a3f70b24a3-300x200.jpg 300w, https:\/\/dimensionturistica.com\/es\/wp-content\/uploads\/2022\/07\/d62578c6-c5a1-496e-a018-b7a3f70b24a3-1024x682.jpg 1024w, https:\/\/dimensionturistica.com\/es\/wp-content\/uploads\/2022\/07\/d62578c6-c5a1-496e-a018-b7a3f70b24a3-768x512.jpg 768w, https:\/\/dimensionturistica.com\/es\/wp-content\/uploads\/2022\/07\/d62578c6-c5a1-496e-a018-b7a3f70b24a3-750x500.jpg 750w, https:\/\/dimensionturistica.com\/es\/wp-content\/uploads\/2022\/07\/d62578c6-c5a1-496e-a018-b7a3f70b24a3-1140x760.jpg 1140w, https:\/\/dimensionturistica.com\/es\/wp-content\/uploads\/2022\/07\/d62578c6-c5a1-496e-a018-b7a3f70b24a3.jpg 1280w\" sizes=\"(max-width: 300px) 100vw, 300px\" \/><br \/>\nEstos turistas son de estancia larga, entre 8 y 9 noches, muchos de ellos repetitivos.<br \/>\nEl secretario de Turismo Bernardo Cueto, inform\u00f3 que el 32% de las habitaciones que se ofertan en Quintana Roo son inversiones de las cadenas espa\u00f1olas que han invertido en los \u00faltimos a\u00f1os, y que continuar\u00e1n en los pr\u00f3ximos.\u201c\u201cPor ejemplo, cit\u00f3 que 2 mil habitaciones se construir\u00edan en el a\u00f1o 2023 y otro tanto m\u00e1s para los a\u00f1os siguientes.\u201c\u201cEl embajador de M\u00e9xico en Espa\u00f1a, Quirino Ordaz, destac\u00f3 que Quintana Roo es un destino tur\u00edstico de importancia para M\u00e9xico, por lo que contin\u00faan fortaleci\u00e9ndose las actividades tur\u00edsticas.<br \/>\nDijo que la presencia del gobernador constitucional y la gobernadora electa es un mensaje de confianza y certeza para los inversionistas espa\u00f1oles en Quintana Roo.<br \/>\ncgc.qroo.gob.mx\u201cqroo.gob.mx<\/p>\n","protected":false},"excerpt":{"rendered":"<p>El gobernador Carlos Joaqu\u00edn destac\u00f3 aqu\u00ed la importancia que Espa\u00f1a tiene para Quintana Roo, tanto por las inversiones que han realizado las principales cadenas hoteleras a lo largo de los a\u00f1os, as\u00ed como por el n\u00famero de turistas espa\u00f1oles que visitan los destinos del estado. Este martes, Carlos Joaqu\u00edn en compa\u00f1\u00eda del embajador de M\u00e9xico [&hellip;]<\/p>\n","protected":false},"author":1,"featured_media":351280,"comment_status":"open","ping_status":"closed","sticky":false,"template":"","format":"standard","meta":{"om_disable_all_campaigns":false,"jnews-multi-image_gallery":[],"jnews_single_post":{"source_name":"","source_url":"","via_name":"","via_url":"","override_template":"0","override":[{"template":"1","single_blog_custom":"","parallax":"1","fullscreen":"1","layout":"right-sidebar","sidebar":"default-sidebar","second_sidebar":"default-sidebar","sticky_sidebar":"1","share_position":"top","share_float_style":"share-monocrhome","show_share_counter":"1","show_view_counter":"1","show_featured":"1","show_post_meta":"1","show_post_author":"1","show_post_author_image":"1","show_post_date":"1","post_date_format":"default","post_date_format_custom":"Y\/m\/d","show_post_category":"1","show_post_reading_time":"0","post_reading_time_wpm":"300","show_zoom_button":"0","zoom_button_out_step":"2","zoom_button_in_step":"3","show_post_tag":"1","show_prev_next_post":"1","show_popup_post":"1","number_popup_post":"1","show_author_box":"0","show_post_related":"0","show_inline_post_related":"0"}],"override_image_size":"0","image_override":[{"single_post_thumbnail_size":"crop-500","single_post_gallery_size":"crop-500"}],"trending_post":"0","trending_post_position":"meta","trending_post_label":"Trending","sponsored_post":"0","sponsored_post_label":"Sponsored by","sponsored_post_name":"","sponsored_post_url":"","sponsored_post_logo_enable":"0","sponsored_post_logo":"","sponsored_post_desc":"","disable_ad":"0"},"jnews_primary_category":{"id":""},"jnews_social_meta":{"fb_title":"","fb_description":"","fb_image":"","twitter_title":"","twitter_description":"","twitter_image":""},"footnotes":""},"categories":[40],"tags":[],"class_list":["post-351275","post","type-post","status-publish","format-standard","has-post-thumbnail","hentry","category-industria"],"_links":{"self":[{"href":"https:\/\/dimensionturistica.com\/es\/wp-json\/wp\/v2\/posts\/351275","targetHints":{"allow":["GET"]}}],"collection":[{"href":"https:\/\/dimensionturistica.com\/es\/wp-json\/wp\/v2\/posts"}],"about":[{"href":"https:\/\/dimensionturistica.com\/es\/wp-json\/wp\/v2\/types\/post"}],"author":[{"embeddable":true,"href":"https:\/\/dimensionturistica.com\/es\/wp-json\/wp\/v2\/users\/1"}],"replies":[{"embeddable":true,"href":"https:\/\/dimensionturistica.com\/es\/wp-json\/wp\/v2\/comments?post=351275"}],"version-history":[{"count":0,"href":"https:\/\/dimensionturistica.com\/es\/wp-json\/wp\/v2\/posts\/351275\/revisions"}],"wp:featuredmedia":[{"embeddable":true,"href":"https:\/\/dimensionturistica.com\/es\/wp-json\/wp\/v2\/media\/351280"}],"wp:attachment":[{"href":"https:\/\/dimensionturistica.com\/es\/wp-json\/wp\/v2\/media?parent=351275"}],"wp:term":[{"taxonomy":"category","embeddable":true,"href":"https:\/\/dimensionturistica.com\/es\/wp-json\/wp\/v2\/categories?post=351275"},{"taxonomy":"post_tag","embeddable":true,"href":"https:\/\/dimensionturistica.com\/es\/wp-json\/wp\/v2\/tags?post=351275"}],"curies":[{"name":"wp","href":"https:\/\/api.w.org\/{rel}","templated":true}]}}