{"id":351219,"date":"2022-07-12T17:03:47","date_gmt":"2022-07-12T17:03:47","guid":{"rendered":"https:\/\/dimensionturistica.com\/es\/?p=351219"},"modified":"2022-07-12T17:03:48","modified_gmt":"2022-07-12T17:03:48","slug":"medellin-es-catalogada-como-la-tercera-mejor-del-mundo","status":"publish","type":"post","link":"https:\/\/dimensionturistica.com\/es\/medellin-es-catalogada-como-la-tercera-mejor-del-mundo\/","title":{"rendered":"Medell\u00edn es catalogada como la tercera mejor del mundo"},"content":{"rendered":"<p> <br \/>\n<\/p>\n<div>\n<p style=\"text-align:justify\">La segunda ciudad m\u00e1s importante de Colombia para 2020 contaba con una poblaci\u00f3n cercana a los 2.269 millones de habitantes.<strong> Gracias al arduo trabajo de la revista junto a su equipo de editores, lograron como hacen anualmente, realizar un sondeo a 20.000 <\/strong>habitantes de ciudades de todo el mundo para identificar qu\u00e9 hace que su ciudad sea grandiosa a trav\u00e9s de una encuesta conocida como El \u00cdndice Time Out. De esta manera, el medio utiliza los datos resultantes para compilar su rating mundial de ciudades.<\/p>\n<aside>&#13;<\/p>\n<article class=\"articulo-relacionado\">&#13;<\/p>\n<h3 class=\"leer-texto-relacionado mt-2 d-sm-none\" style=\"font-size:1.1rem; margin:0\">Te gustar\u00eda leer tambi\u00e9n:<\/h3>\n<p>&#13;<br \/>\n\t&#13;<br \/>\n<\/article>\n<p>&#13;<br \/>\n<\/aside>\n<p style=\"text-align:justify\">De acuerdo a la revista, algunos par\u00e1metros que llevaron a la ciudad a ocupar dicho puesto fueron el orgullo que despierta en los paisas, y por su novedoso medio de transporte, que es el Metro.<strong> La gastronom\u00eda, los lugares tur\u00edsticos y el clima fueron otros factores que llevaron a la capital de Antioquia a ser la mejor ciudad del pa\u00eds, y la tercera mejor del mundo.<\/strong>As\u00ed mismo sobre su sobre nombre de la \u201ceterna primavera\u201d se\u00f1alaron que &#8220;Medell\u00edn ofrece mucho m\u00e1s que buen clima durante todo el a\u00f1o&#8221;<\/p>\n<h2 class=\"subtitulo\" style=\"text-align:justify\">En el prime 10 se encuentran:\u00a0<\/h2>\n<p style=\"text-align:justify\">\u00a0<\/p>\n<ul>\n<li style=\"text-align: justify;\">Edimburgo, Escocia<\/li>\n<li style=\"text-align: justify;\">Chicago, EE.UU.<\/li>\n<li style=\"text-align: justify;\">Medell\u00edn, Colombia<\/li>\n<li style=\"text-align: justify;\">Glasgow, Escocia<\/li>\n<li style=\"text-align: justify;\">\u00c1msterdam, Pa\u00edses Bajos<\/li>\n<li style=\"text-align: justify;\">Praga, Rep\u00fablica Checa<\/li>\n<li style=\"text-align: justify;\">Marrakech, Marruecos<\/li>\n<li style=\"text-align: justify;\">Berl\u00edn, Alemania<\/li>\n<li style=\"text-align: justify;\">Montreal, Canad\u00e1<\/li>\n<li style=\"text-align: justify;\">Copenhague, Dinamarca<\/li>\n<\/ul>\n<p style=\"text-align:justify\">&#8220;En la encuesta de este a\u00f1o, la vida nocturna de Medell\u00edn fue votada como la mejor del mundo, aunque quiz\u00e1s no sea tan sorprendente dado que esta es la ciudad que nos dio a los artistas de reggaeton J Balvin, Maluma y Karol G&#8221; afirma el medio.<strong>En el listado completo tambi\u00e9n se destacan otras ciudades de Latinoam\u00e9rica como: Buenos Aires, Argentina, y Ciudad de M\u00e9xico, como lugares excepcionales para visitar.<\/strong><\/p>\n<aside>&#13;<\/p>\n<article class=\"articulo-relacionado\">&#13;<\/p>\n<h3 class=\"leer-texto-relacionado mt-2 d-sm-none\" style=\"font-size:1.1rem; margin:0\">Te gustar\u00eda leer tambi\u00e9n:<\/h3>\n<p>&#13;<br \/>\n\t&#13;<br \/>\n<\/article>\n<p>&#13;<br \/>\n<\/aside>\n<p style=\"text-align:justify\">La capital antioque\u00f1a, en el pasado fue manchada por la violencia, problemas de drogadicci\u00f3n que la han caracterizado a nivel mundial, adem\u00e1s de problem\u00e1ticas sociales. <strong>Esta es una gran oportunidad para demostrar que esta zona del pa\u00eds debe ser reconocida por su c\u00e1lida gente,<\/strong> su cultura y la lucha que ha enfrentado sobre los anteriores temas para resurgir y ganar este reconocimiento.\u00a0<\/p>\n<p style=\"text-align:justify\">De acuerdo a star.land esta ciudad ha sido aclamada en todo el mundo como un faro para el uso de la infraestructura para transformar <strong>los barrios dif\u00edciles y asolados por el crimen en comunidades pr\u00f3speras y amigables con el turismo, para disfrutar de excelentes restaurantes, bares de moda y, por supuesto, caf\u00e9 de clase mundial.<\/strong><\/p>\n<p style=\"text-align:justify\">\u00a0<\/p>\n<\/p><\/div>\n\n<p><em> &#8221; Fuentes www.colombia.com &#8221; <\/em><\/p>\n","protected":false},"excerpt":{"rendered":"<p>La segunda ciudad m\u00e1s importante de Colombia para 2020 contaba con una poblaci\u00f3n cercana a los 2.269 millones de habitantes. Gracias al arduo trabajo de la revista junto a su equipo de editores, lograron como hacen anualmente, realizar un sondeo a 20.000 habitantes de ciudades de todo el mundo para identificar qu\u00e9 hace que su [&hellip;]<\/p>\n","protected":false},"author":4,"featured_media":351220,"comment_status":"open","ping_status":"closed","sticky":false,"template":"","format":"standard","meta":{"om_disable_all_campaigns":false,"jnews-multi-image_gallery":[],"jnews_single_post":[],"jnews_primary_category":[],"jnews_social_meta":[],"footnotes":""},"categories":[39],"tags":[5557,49383],"class_list":["post-351219","post","type-post","status-publish","format-standard","has-post-thumbnail","hentry","category-viajes","tag-medellin","tag-tercer-mejor-ciudad-del-mundo"],"_links":{"self":[{"href":"https:\/\/dimensionturistica.com\/es\/wp-json\/wp\/v2\/posts\/351219","targetHints":{"allow":["GET"]}}],"collection":[{"href":"https:\/\/dimensionturistica.com\/es\/wp-json\/wp\/v2\/posts"}],"about":[{"href":"https:\/\/dimensionturistica.com\/es\/wp-json\/wp\/v2\/types\/post"}],"author":[{"embeddable":true,"href":"https:\/\/dimensionturistica.com\/es\/wp-json\/wp\/v2\/users\/4"}],"replies":[{"embeddable":true,"href":"https:\/\/dimensionturistica.com\/es\/wp-json\/wp\/v2\/comments?post=351219"}],"version-history":[{"count":0,"href":"https:\/\/dimensionturistica.com\/es\/wp-json\/wp\/v2\/posts\/351219\/revisions"}],"wp:featuredmedia":[{"embeddable":true,"href":"https:\/\/dimensionturistica.com\/es\/wp-json\/wp\/v2\/media\/351220"}],"wp:attachment":[{"href":"https:\/\/dimensionturistica.com\/es\/wp-json\/wp\/v2\/media?parent=351219"}],"wp:term":[{"taxonomy":"category","embeddable":true,"href":"https:\/\/dimensionturistica.com\/es\/wp-json\/wp\/v2\/categories?post=351219"},{"taxonomy":"post_tag","embeddable":true,"href":"https:\/\/dimensionturistica.com\/es\/wp-json\/wp\/v2\/tags?post=351219"}],"curies":[{"name":"wp","href":"https:\/\/api.w.org\/{rel}","templated":true}]}}