{"id":351143,"date":"2022-07-12T14:55:24","date_gmt":"2022-07-12T14:55:24","guid":{"rendered":"https:\/\/dimensionturistica.com\/es\/?p=351143"},"modified":"2022-07-12T14:55:24","modified_gmt":"2022-07-12T14:55:24","slug":"se-reunen-el-gobernador-carlos-joaquin-y-la-gobernadora-electa-mara-lezama-con-directivos-e-inversionistas-de-inverotel","status":"publish","type":"post","link":"https:\/\/dimensionturistica.com\/es\/se-reunen-el-gobernador-carlos-joaquin-y-la-gobernadora-electa-mara-lezama-con-directivos-e-inversionistas-de-inverotel\/","title":{"rendered":"Se re\u00fanen el gobernador Carlos Joaqu\u00edn y la gobernadora electa Mara Lezama con directivos e inversionistas de INVEROTEL"},"content":{"rendered":"<p><img decoding=\"async\" class=\"size-medium wp-image-351159 alignright\" src=\"https:\/\/dimensionturistica.com\/es\/wp-content\/uploads\/2022\/07\/02-2-300x225.jpg\" alt=\"\" width=\"300\" height=\"225\" srcset=\"https:\/\/dimensionturistica.com\/es\/wp-content\/uploads\/2022\/07\/02-2-300x225.jpg 300w, https:\/\/dimensionturistica.com\/es\/wp-content\/uploads\/2022\/07\/02-2.jpg 450w\" sizes=\"(max-width: 300px) 100vw, 300px\" \/>Las inversiones espa\u00f1olas y de otros pa\u00edses encuentran en Quintana Roo un entorno seguro para desarrollarse con \u00e9xito, por ello, es relevante la visita del gobernador Carlos Joaqu\u00edn y la gobernadora electa Mara Lezama Espinosa, en compa\u00f1\u00eda del Embajador de M\u00e9xico en Espa\u00f1a, Quirino Ordaz Coppel, a Palma de Mallorca, donde se encontraron con 10 inversionistas asociados en INVEROTEL; due\u00f1os y accionistas que representan mas de 40 mil habitaciones y poco m\u00e1s del 60% de las inversiones en Quintana Roo.<br \/>\nEsta reuni\u00f3n transmite certidumbre y estabilidad a los inversionistas del sector tur\u00edstico ante la transici\u00f3n gubernamental en Quintana Roo, dejando de manifiesto que cuando se conjuga voluntad y trabajo en favor de un estado y de la sociedad es viable dar continuidad a las inversiones y al desarrollo de destinos, como los que hoy tiene la entidad.<br \/>\nLos titulares del ejecutivo estatal realizar\u00e1n una gira de trabajo por Espa\u00f1a que ha incluido encuentros con empresarios como Encarnaci\u00f3n Pi\u00f1ero Garc\u00eda, presidente ejecutivo de Grupo Pi\u00f1ero (Hoteles Bah\u00eda Pr\u00edncipe); Ram\u00f3n Rosell\u00f3, gerente general de INVEROTEL; por mencionar a algunos de los que forman parte de la Asociaci\u00f3n de Inversores Hoteleros de \u00c1mbito Internacional (INVEROTEL), organismo que representa a los mayores capitales espa\u00f1oles con presencia en el Caribe Mexicano.<img decoding=\"async\" class=\"size-medium wp-image-351160 alignright\" src=\"https:\/\/dimensionturistica.com\/es\/wp-content\/uploads\/2022\/07\/PLAYAS-300x200.jpg\" alt=\"\" width=\"300\" height=\"200\" srcset=\"https:\/\/dimensionturistica.com\/es\/wp-content\/uploads\/2022\/07\/PLAYAS-300x200.jpg 300w, https:\/\/dimensionturistica.com\/es\/wp-content\/uploads\/2022\/07\/PLAYAS.jpg 450w\" sizes=\"(max-width: 300px) 100vw, 300px\" \/><br \/>\nResultado de esta reuni\u00f3n se fortalecieron los procesos para concretar mil 250 habitaciones, que se construir\u00e1n en el \u00faltimo trimestre del 2022, y se concret\u00f3 el inicio de nuevos proyectos que representan 750 habitaciones para 2023, previendo para 2024 una proyecci\u00f3n de dos mil nuevas habitaciones en las reservas territoriales que ya tienen los distintos inversionistas.<br \/>\nAcompa\u00f1a al gobernador Carlos Joaqu\u00edn el embajador Quirino Ordaz Coppel; el secretario de Turismo del Estado, Bernardo Cueto Riestra; el director general del Consejo de Promoci\u00f3n Tur\u00edstica de Quintana Roo (CPTQ), Dar\u00edo Flota Ocampo; el Coordinador General de Comunicaci\u00f3n, Fernando Antonio Mora Guill\u00e9n. A la gobernadora electa Mara Lezama Espinosa, su asesor Artemio Santos.<br \/>\nEntre los miembros de INVEROTEL tambi\u00e9n se encuentran consorcios como Palladium Group, Ri\u00fa Hoteles, Fuerte Hoteles, Grupo Meli\u00e1, Grupo Majestic, Grupo Sirenis y Grupo SHA, entre otros.<br \/>\nAl cierre de la reuni\u00f3n, los empresarios espa\u00f1oles establecieron su disposici\u00f3n para participar en acciones para la sustentabilidad social y ambiental en Quintana Roo.<br \/>\ncgc.qroo.gob.mx \u201cqroo.gob.mxKOLMJ<\/p>\n","protected":false},"excerpt":{"rendered":"<p>Las inversiones espa\u00f1olas y de otros pa\u00edses encuentran en Quintana Roo un entorno seguro para desarrollarse con \u00e9xito, por ello, es relevante la visita del gobernador Carlos Joaqu\u00edn y la gobernadora electa Mara Lezama Espinosa, en compa\u00f1\u00eda del Embajador de M\u00e9xico en Espa\u00f1a, Quirino Ordaz Coppel, a Palma de Mallorca, donde se encontraron con 10 [&hellip;]<\/p>\n","protected":false},"author":1,"featured_media":351158,"comment_status":"open","ping_status":"closed","sticky":false,"template":"","format":"standard","meta":{"om_disable_all_campaigns":false,"jnews-multi-image_gallery":[],"jnews_single_post":{"source_name":"","source_url":"","via_name":"","via_url":"","override_template":"0","override":[{"template":"1","single_blog_custom":"","parallax":"1","fullscreen":"1","layout":"right-sidebar","sidebar":"default-sidebar","second_sidebar":"default-sidebar","sticky_sidebar":"1","share_position":"top","share_float_style":"share-monocrhome","show_share_counter":"1","show_view_counter":"1","show_featured":"1","show_post_meta":"1","show_post_author":"1","show_post_author_image":"1","show_post_date":"1","post_date_format":"default","post_date_format_custom":"Y\/m\/d","show_post_category":"1","show_post_reading_time":"0","post_reading_time_wpm":"300","show_zoom_button":"0","zoom_button_out_step":"2","zoom_button_in_step":"3","show_post_tag":"1","show_prev_next_post":"1","show_popup_post":"1","number_popup_post":"1","show_author_box":"0","show_post_related":"0","show_inline_post_related":"0"}],"override_image_size":"0","image_override":[{"single_post_thumbnail_size":"crop-500","single_post_gallery_size":"crop-500"}],"trending_post":"0","trending_post_position":"meta","trending_post_label":"Trending","sponsored_post":"0","sponsored_post_label":"Sponsored by","sponsored_post_name":"","sponsored_post_url":"","sponsored_post_logo_enable":"0","sponsored_post_logo":"","sponsored_post_desc":"","disable_ad":"0"},"jnews_primary_category":{"id":""},"jnews_social_meta":{"fb_title":"","fb_description":"","fb_image":"","twitter_title":"","twitter_description":"","twitter_image":""},"footnotes":""},"categories":[40],"tags":[],"class_list":["post-351143","post","type-post","status-publish","format-standard","has-post-thumbnail","hentry","category-industria"],"_links":{"self":[{"href":"https:\/\/dimensionturistica.com\/es\/wp-json\/wp\/v2\/posts\/351143","targetHints":{"allow":["GET"]}}],"collection":[{"href":"https:\/\/dimensionturistica.com\/es\/wp-json\/wp\/v2\/posts"}],"about":[{"href":"https:\/\/dimensionturistica.com\/es\/wp-json\/wp\/v2\/types\/post"}],"author":[{"embeddable":true,"href":"https:\/\/dimensionturistica.com\/es\/wp-json\/wp\/v2\/users\/1"}],"replies":[{"embeddable":true,"href":"https:\/\/dimensionturistica.com\/es\/wp-json\/wp\/v2\/comments?post=351143"}],"version-history":[{"count":0,"href":"https:\/\/dimensionturistica.com\/es\/wp-json\/wp\/v2\/posts\/351143\/revisions"}],"wp:featuredmedia":[{"embeddable":true,"href":"https:\/\/dimensionturistica.com\/es\/wp-json\/wp\/v2\/media\/351158"}],"wp:attachment":[{"href":"https:\/\/dimensionturistica.com\/es\/wp-json\/wp\/v2\/media?parent=351143"}],"wp:term":[{"taxonomy":"category","embeddable":true,"href":"https:\/\/dimensionturistica.com\/es\/wp-json\/wp\/v2\/categories?post=351143"},{"taxonomy":"post_tag","embeddable":true,"href":"https:\/\/dimensionturistica.com\/es\/wp-json\/wp\/v2\/tags?post=351143"}],"curies":[{"name":"wp","href":"https:\/\/api.w.org\/{rel}","templated":true}]}}