{"id":350975,"date":"2022-07-12T08:36:51","date_gmt":"2022-07-12T08:36:51","guid":{"rendered":"https:\/\/dimensionturistica.com\/es\/?p=350975"},"modified":"2022-07-12T08:36:52","modified_gmt":"2022-07-12T08:36:52","slug":"los-grandes-viajes-y-escapadas-del-numero-de-agosto","status":"publish","type":"post","link":"https:\/\/dimensionturistica.com\/es\/los-grandes-viajes-y-escapadas-del-numero-de-agosto\/","title":{"rendered":"Los grandes viajes y escapadas del n\u00famero de agosto"},"content":{"rendered":"<p> <br \/>\n<\/p>\n<div id=\"article-sumary\">\n<div class=\"article-txt ad-mobile-top\">\n<p>Desde los valles de Ar\u00e1n y de Bo\u00ed hasta los fiordos noruegos o el Gran Ca\u00f1\u00f3n del Colorado, la revista <em>Viajes Nationwide Geographic<\/em> de agosto es un abanico de destinos irresistibles. Con textos de escritores y\u00a0periodistas especializados, y las mejores fotograf\u00edas de paisaje y patrimonio, los reportajes de este n\u00famero veraniego constituyen toda una declaraci\u00f3n de intenciones: animar \u00a0a descubrir la riqueza pure y cultural de nuestro planeta a trav\u00e9s de rutas a enclaves cercanos o lejanos. \u00a0<\/p>\n<\/div>\n<\/div>\n\n<p><em> &#8221; Fuentes viajes.nationalgeographic.com.es &#8221; <\/em><\/p>\n","protected":false},"excerpt":{"rendered":"<p>Desde los valles de Ar\u00e1n y de Bo\u00ed hasta los fiordos noruegos o el Gran Ca\u00f1\u00f3n del Colorado, la revista Viajes Nationwide Geographic de agosto es un abanico de destinos irresistibles. Con textos de escritores y\u00a0periodistas especializados, y las mejores fotograf\u00edas de paisaje y patrimonio, los reportajes de este n\u00famero veraniego constituyen toda una declaraci\u00f3n [&hellip;]<\/p>\n","protected":false},"author":4,"featured_media":350976,"comment_status":"open","ping_status":"closed","sticky":false,"template":"","format":"standard","meta":{"om_disable_all_campaigns":false,"jnews-multi-image_gallery":[],"jnews_single_post":[],"jnews_primary_category":[],"jnews_social_meta":[],"footnotes":""},"categories":[39],"tags":[47258,47257],"class_list":["post-350975","post","type-post","status-publish","format-standard","has-post-thumbnail","hentry","category-viajes","tag-cargado-desde-el-fichero-de-recursos","tag-keywords-por-defecto"],"_links":{"self":[{"href":"https:\/\/dimensionturistica.com\/es\/wp-json\/wp\/v2\/posts\/350975","targetHints":{"allow":["GET"]}}],"collection":[{"href":"https:\/\/dimensionturistica.com\/es\/wp-json\/wp\/v2\/posts"}],"about":[{"href":"https:\/\/dimensionturistica.com\/es\/wp-json\/wp\/v2\/types\/post"}],"author":[{"embeddable":true,"href":"https:\/\/dimensionturistica.com\/es\/wp-json\/wp\/v2\/users\/4"}],"replies":[{"embeddable":true,"href":"https:\/\/dimensionturistica.com\/es\/wp-json\/wp\/v2\/comments?post=350975"}],"version-history":[{"count":0,"href":"https:\/\/dimensionturistica.com\/es\/wp-json\/wp\/v2\/posts\/350975\/revisions"}],"wp:featuredmedia":[{"embeddable":true,"href":"https:\/\/dimensionturistica.com\/es\/wp-json\/wp\/v2\/media\/350976"}],"wp:attachment":[{"href":"https:\/\/dimensionturistica.com\/es\/wp-json\/wp\/v2\/media?parent=350975"}],"wp:term":[{"taxonomy":"category","embeddable":true,"href":"https:\/\/dimensionturistica.com\/es\/wp-json\/wp\/v2\/categories?post=350975"},{"taxonomy":"post_tag","embeddable":true,"href":"https:\/\/dimensionturistica.com\/es\/wp-json\/wp\/v2\/tags?post=350975"}],"curies":[{"name":"wp","href":"https:\/\/api.w.org\/{rel}","templated":true}]}}