{"id":350882,"date":"2022-07-12T05:08:46","date_gmt":"2022-07-12T05:08:46","guid":{"rendered":"https:\/\/dimensionturistica.com\/es\/?p=350882"},"modified":"2022-07-12T05:08:46","modified_gmt":"2022-07-12T05:08:46","slug":"minerva-foods-avanza-en-el-monitoreo-geoespacial-a-proveedores-de-ganado-en-colombia","status":"publish","type":"post","link":"https:\/\/dimensionturistica.com\/es\/minerva-foods-avanza-en-el-monitoreo-geoespacial-a-proveedores-de-ganado-en-colombia\/","title":{"rendered":"Minerva Foods avanza en el monitoreo geoespacial a proveedores de ganado en Colombia"},"content":{"rendered":"<p> <br \/>\n<\/p>\n<div>\n<p><a target=\"_blank\" href=\"https:\/\/www.eje21.com.co\/site\/wp-content\/uploads\/2022\/07\/ganado.-minerva-foods-ganado.png\" data-slb-active=\"1\" data-slb-asset=\"768900465\" data-slb-internal=\"0\" data-slb-group=\"389293\" rel=\"noopener\"><img decoding=\"async\" class=\"alignnone size-full wp-image-389294\" src=\"https:\/\/www.eje21.com.co\/site\/wp-content\/uploads\/2022\/07\/ganado.-minerva-foods-ganado.png\" alt=\"\" width=\"890\" height=\"592\" srcset=\"https:\/\/www.eje21.com.co\/site\/wp-content\/uploads\/2022\/07\/ganado.-minerva-foods-ganado.png 890w, https:\/\/www.eje21.com.co\/site\/wp-content\/uploads\/2022\/07\/ganado.-minerva-foods-ganado-300x200.png 300w, https:\/\/www.eje21.com.co\/site\/wp-content\/uploads\/2022\/07\/ganado.-minerva-foods-ganado-768x511.png 768w, https:\/\/www.eje21.com.co\/site\/wp-content\/uploads\/2022\/07\/ganado.-minerva-foods-ganado-376x250.png 376w\" sizes=\"(max-width: 890px) 100vw, 890px\"\/><\/a><\/p>\n<p style=\"font-weight: 400;\"><strong>Bucaramanga, julio 12 de 2022 <\/strong>\u2013 Minerva Meals, l\u00edder en exportaciones de carne bovina en Sudam\u00e9rica y una de las mayores empresas en la producci\u00f3n y comercializaci\u00f3n de carne bovina fresca y sus derivados en la regi\u00f3n, anunci\u00f3 que avanza en el monitoreo geoespacial a proveedores de ganado en Colombia como una de las iniciativas que lidera en cumplimiento de sus objetivos hacia una econom\u00eda baja en carbono.<\/p>\n<p style=\"font-weight: 400;\">La compa\u00f1\u00eda se\u00f1al\u00f3 que hoy monitorea m\u00e1s del 30% de sus proveedores en Colombia con datos geogr\u00e1ficos en la plataforma SMGeo. Por medio de este sistema de seguimiento, confirma las condiciones de las fincas ganaderas asegurando que el ganado que les compra cumple todas las normas y leyes socioambientales.<em>\u00a0\u00a0<\/em>Como lo tiene previsto, la compa\u00f1\u00eda estima alcanzar el 100% del monitoreo geogr\u00e1fico de sus proveedores en 2023.<\/p>\n<p style=\"font-weight: 400;\">\u201c<em>Entendemos que a\u00fan quedan desaf\u00edos por superar, pero estamos muy satisfechos con los resultados que hemos alcanzado en este primer a\u00f1o de nuestro compromiso. Adem\u00e1s de los beneficios para el planeta, hemos contribuido al aumento del compromiso de los productores en toda nuestra \u00e1rea de operaci\u00f3n, factor que colabora de manera efectiva para mejorar el ecosistema ganadero en todo el continente<\/em>\u201d, destaca Tamara Lopes, Gerente Ejecutiva de Sostenibilidad en Minerva Meals.<\/p>\n<p style=\"font-weight: 400;\"><strong>Sobre Minerva Meals<\/strong><\/p>\n<p style=\"font-weight: 400;\">Minerva Meals es l\u00edder en exportaci\u00f3n de carne bovina en Am\u00e9rica del Sur y tambi\u00e9n hace parte del segmento de carne procesada, comercializando sus productos en m\u00e1s de 100 pa\u00edses. Adem\u00e1s de Brasil, Minerva Meals est\u00e1 presente en\u00a0Colombia,\u00a0Paraguay, Argentina, Uruguay y Australia. La empresa atiende los cinco continentes con carne bovina, ovina y sus derivados, y actualmente opera 27 unidades industriales, 11 oficinas internacionales, 14 centros de distribuci\u00f3n y tres plantas de procesamiento.<\/p>\n<p style=\"font-weight: 400;\">En Colombia cuenta con dos plantas ubicadas en Ci\u00e9naga de Oro C\u00f3rdoba y Bucaramanga, Santander en las cuales solo procesa carne bovina.<\/p>\n<\/div>\n\n<p><em> \u2018 The preceding article may include information circulated by third parties \u2019 <\/em><\/p>\n<p><em> \u2018 Some details of this article were extracted from the following source www.eje21.com.co \u2019 <\/em><\/p>\n","protected":false},"excerpt":{"rendered":"<p>Bucaramanga, julio 12 de 2022 \u2013 Minerva Meals, l\u00edder en exportaciones de carne bovina en Sudam\u00e9rica y una de las mayores empresas en la producci\u00f3n y comercializaci\u00f3n de carne bovina fresca y sus derivados en la regi\u00f3n, anunci\u00f3 que avanza en el monitoreo geoespacial a proveedores de ganado en Colombia como una de las iniciativas [&hellip;]<\/p>\n","protected":false},"author":2,"featured_media":350883,"comment_status":"open","ping_status":"closed","sticky":false,"template":"","format":"standard","meta":{"om_disable_all_campaigns":false,"jnews-multi-image_gallery":[],"jnews_single_post":[],"jnews_primary_category":[],"jnews_social_meta":[],"footnotes":""},"categories":[43],"tags":[],"class_list":["post-350882","post","type-post","status-publish","format-standard","has-post-thumbnail","hentry","category-gourmet"],"_links":{"self":[{"href":"https:\/\/dimensionturistica.com\/es\/wp-json\/wp\/v2\/posts\/350882","targetHints":{"allow":["GET"]}}],"collection":[{"href":"https:\/\/dimensionturistica.com\/es\/wp-json\/wp\/v2\/posts"}],"about":[{"href":"https:\/\/dimensionturistica.com\/es\/wp-json\/wp\/v2\/types\/post"}],"author":[{"embeddable":true,"href":"https:\/\/dimensionturistica.com\/es\/wp-json\/wp\/v2\/users\/2"}],"replies":[{"embeddable":true,"href":"https:\/\/dimensionturistica.com\/es\/wp-json\/wp\/v2\/comments?post=350882"}],"version-history":[{"count":0,"href":"https:\/\/dimensionturistica.com\/es\/wp-json\/wp\/v2\/posts\/350882\/revisions"}],"wp:featuredmedia":[{"embeddable":true,"href":"https:\/\/dimensionturistica.com\/es\/wp-json\/wp\/v2\/media\/350883"}],"wp:attachment":[{"href":"https:\/\/dimensionturistica.com\/es\/wp-json\/wp\/v2\/media?parent=350882"}],"wp:term":[{"taxonomy":"category","embeddable":true,"href":"https:\/\/dimensionturistica.com\/es\/wp-json\/wp\/v2\/categories?post=350882"},{"taxonomy":"post_tag","embeddable":true,"href":"https:\/\/dimensionturistica.com\/es\/wp-json\/wp\/v2\/tags?post=350882"}],"curies":[{"name":"wp","href":"https:\/\/api.w.org\/{rel}","templated":true}]}}