{"id":350745,"date":"2022-07-11T22:20:29","date_gmt":"2022-07-11T22:20:29","guid":{"rendered":"https:\/\/dimensionturistica.com\/es\/?p=350745"},"modified":"2022-07-11T22:20:29","modified_gmt":"2022-07-11T22:20:29","slug":"emmanuel-llevara-su-gira-toda-la-vida-en-el-colosseum-del-caesars-palace-el-17-de-septiembre-de-2022","status":"publish","type":"post","link":"https:\/\/dimensionturistica.com\/es\/emmanuel-llevara-su-gira-toda-la-vida-en-el-colosseum-del-caesars-palace-el-17-de-septiembre-de-2022\/","title":{"rendered":"Emmanuel llevara su gira \u00abToda la Vida\u00bb, en el Colosseum del Caesars Palace el 17 de septiembre de 2022"},"content":{"rendered":"<p>EMMANUEL contin\u00faa con su exitosa gira &#8220;Toda La Vida&#8221; por Estados Unidos con una actuaci\u00f3n en Las Vegas en The Colosseum at Caesars Palace el s\u00e1bado 17 de septiembre, como parte de las celebraciones del D\u00eda de la Independencia de M\u00e9xico. El espect\u00e1culo supondr\u00e1 su primera actuaci\u00f3n en el emblem\u00e1tico recinto y est\u00e1 previsto que comience a las 21:00 horas.<br \/>\nProducido por Live Nation, el show promete la espectacular extravagancia de luces, pantallas, vestuario y calidad de espect\u00e1culo a la que los fans y el p\u00fablico de Emmanuel se han<img decoding=\"async\" class=\"wp-image-350757 alignright\" src=\"https:\/\/dimensionturistica.com\/es\/wp-content\/uploads\/2022\/07\/unnamed-11-300x300.jpg\" alt=\"\" width=\"430\" height=\"430\" srcset=\"https:\/\/dimensionturistica.com\/es\/wp-content\/uploads\/2022\/07\/unnamed-11-300x300.jpg 300w, https:\/\/dimensionturistica.com\/es\/wp-content\/uploads\/2022\/07\/unnamed-11-1024x1024.jpg 1024w, https:\/\/dimensionturistica.com\/es\/wp-content\/uploads\/2022\/07\/unnamed-11-150x150.jpg 150w, https:\/\/dimensionturistica.com\/es\/wp-content\/uploads\/2022\/07\/unnamed-11-768x768.jpg 768w, https:\/\/dimensionturistica.com\/es\/wp-content\/uploads\/2022\/07\/unnamed-11-75x75.jpg 75w, https:\/\/dimensionturistica.com\/es\/wp-content\/uploads\/2022\/07\/unnamed-11-350x350.jpg 350w, https:\/\/dimensionturistica.com\/es\/wp-content\/uploads\/2022\/07\/unnamed-11-750x750.jpg 750w, https:\/\/dimensionturistica.com\/es\/wp-content\/uploads\/2022\/07\/unnamed-11.jpg 1080w\" sizes=\"(max-width: 430px) 100vw, 430px\" \/> acostumbrado. Con la incorporaci\u00f3n de su hijo Alexander Acha como invitado especial, &#8220;Los Acha&#8221; promete un espect\u00e1culo sorprendente e inolvidable.<br \/>\nEmmanuel es un icono del pop espa\u00f1ol que deja una huella ic\u00f3nica en la historia de la m\u00fasica de habla hispana como artista generacional a lo largo de sus m\u00e1s de cuatro d\u00e9cadas y media de exitosa carrera.<br \/>\nLas entradas se pondr\u00e1n a la venta al p\u00fablico el viernes 15 de julio a las 10 a.m. PT en ticketmaster.com. La preventa para los miembros de Caesars Rewards, el programa de fidelidad de Caesars Entertainment, as\u00ed como para los clientes de Live Nation y Ticketmaster, se realizar\u00e1 el jueves 14 de julio a las 10 a.m. PT hasta las 10 p.m. PT.<br \/>\nPara m\u00e1s informaci\u00f3n con respecto a medidas de seguridad contra el<br \/>\nCOVID -19, entra www.VisitLasVegas.com<\/p>\n","protected":false},"excerpt":{"rendered":"<p>EMMANUEL contin\u00faa con su exitosa gira &#8220;Toda La Vida&#8221; por Estados Unidos con una actuaci\u00f3n en Las Vegas en The Colosseum at Caesars Palace el s\u00e1bado 17 de septiembre, como parte de las celebraciones del D\u00eda de la Independencia de M\u00e9xico. El espect\u00e1culo supondr\u00e1 su primera actuaci\u00f3n en el emblem\u00e1tico recinto y est\u00e1 previsto que [&hellip;]<\/p>\n","protected":false},"author":1,"featured_media":350756,"comment_status":"open","ping_status":"closed","sticky":false,"template":"","format":"standard","meta":{"om_disable_all_campaigns":false,"jnews-multi-image_gallery":[],"jnews_single_post":{"source_name":"","source_url":"","via_name":"","via_url":"","override_template":"0","override":[{"template":"1","single_blog_custom":"","parallax":"1","fullscreen":"1","layout":"right-sidebar","sidebar":"default-sidebar","second_sidebar":"default-sidebar","sticky_sidebar":"1","share_position":"top","share_float_style":"share-monocrhome","show_share_counter":"1","show_view_counter":"1","show_featured":"1","show_post_meta":"1","show_post_author":"1","show_post_author_image":"1","show_post_date":"1","post_date_format":"default","post_date_format_custom":"Y\/m\/d","show_post_category":"1","show_post_reading_time":"0","post_reading_time_wpm":"300","show_zoom_button":"0","zoom_button_out_step":"2","zoom_button_in_step":"3","show_post_tag":"1","show_prev_next_post":"1","show_popup_post":"1","number_popup_post":"1","show_author_box":"0","show_post_related":"0","show_inline_post_related":"0"}],"override_image_size":"0","image_override":[{"single_post_thumbnail_size":"crop-500","single_post_gallery_size":"crop-500"}],"trending_post":"0","trending_post_position":"meta","trending_post_label":"Trending","sponsored_post":"0","sponsored_post_label":"Sponsored by","sponsored_post_name":"","sponsored_post_url":"","sponsored_post_logo_enable":"0","sponsored_post_logo":"","sponsored_post_desc":"","disable_ad":"0"},"jnews_primary_category":{"id":""},"jnews_social_meta":{"fb_title":"","fb_description":"","fb_image":"","twitter_title":"","twitter_description":"","twitter_image":""},"footnotes":""},"categories":[40],"tags":[],"class_list":["post-350745","post","type-post","status-publish","format-standard","has-post-thumbnail","hentry","category-industria"],"_links":{"self":[{"href":"https:\/\/dimensionturistica.com\/es\/wp-json\/wp\/v2\/posts\/350745","targetHints":{"allow":["GET"]}}],"collection":[{"href":"https:\/\/dimensionturistica.com\/es\/wp-json\/wp\/v2\/posts"}],"about":[{"href":"https:\/\/dimensionturistica.com\/es\/wp-json\/wp\/v2\/types\/post"}],"author":[{"embeddable":true,"href":"https:\/\/dimensionturistica.com\/es\/wp-json\/wp\/v2\/users\/1"}],"replies":[{"embeddable":true,"href":"https:\/\/dimensionturistica.com\/es\/wp-json\/wp\/v2\/comments?post=350745"}],"version-history":[{"count":0,"href":"https:\/\/dimensionturistica.com\/es\/wp-json\/wp\/v2\/posts\/350745\/revisions"}],"wp:featuredmedia":[{"embeddable":true,"href":"https:\/\/dimensionturistica.com\/es\/wp-json\/wp\/v2\/media\/350756"}],"wp:attachment":[{"href":"https:\/\/dimensionturistica.com\/es\/wp-json\/wp\/v2\/media?parent=350745"}],"wp:term":[{"taxonomy":"category","embeddable":true,"href":"https:\/\/dimensionturistica.com\/es\/wp-json\/wp\/v2\/categories?post=350745"},{"taxonomy":"post_tag","embeddable":true,"href":"https:\/\/dimensionturistica.com\/es\/wp-json\/wp\/v2\/tags?post=350745"}],"curies":[{"name":"wp","href":"https:\/\/api.w.org\/{rel}","templated":true}]}}