{"id":350711,"date":"2022-07-11T21:20:27","date_gmt":"2022-07-11T21:20:27","guid":{"rendered":"https:\/\/dimensionturistica.com\/es\/?p=350711"},"modified":"2022-07-11T21:20:27","modified_gmt":"2022-07-11T21:20:27","slug":"buque-escuela-cuauhtemoc-zarpa-de-progreso-yucatan-rumbo-a-puerto-rico","status":"publish","type":"post","link":"https:\/\/dimensionturistica.com\/es\/buque-escuela-cuauhtemoc-zarpa-de-progreso-yucatan-rumbo-a-puerto-rico\/","title":{"rendered":"Buque Escuela Cuauht\u00e9moc zarpa de Progreso, Yucat\u00e1n, rumbo a Puerto Rico"},"content":{"rendered":"<p> <br \/>\n<\/p>\n<div id=\"cuerpo-nota\">\n<p style=\"text-align: justify;\">Luego de permanecer durante seis d\u00edas en el puerto de <strong>Progreso<\/strong>, <strong>Yucat\u00e1n<\/strong>,\u00a0como parte del Crucero de Instrucci\u00f3n Velas Latinoam\u00e9rica 2022, el <strong>Buque Escuela \u201cCuauht\u00e9moc\u201d <\/strong>zarp\u00f3 con m\u00fasica y aplausos para dirigirse rumbo a Puerto Rico este lunes.<\/p>\n<p style=\"text-align: justify;\">Fue desde el pasado 7 de julio cuando el Buque Cuauht\u00e9moc lleg\u00f3 a Yucat\u00e1n para ofrecer un recorrido por el velero que abandon\u00f3 el puerto tal y como se ten\u00eda previsto para el d\u00eda de hoy.\u00a0<\/p>\n<aside class=\"htmlinline\"\/>\n<aside class=\"relacionadas con-foto\">\n<h5>Noticias Relacionadas<\/h5>\n<\/aside>\n<p style=\"text-align: justify;\">La ceremonia de despedida fue presidida por la\u00a0titular de la Secretar\u00eda Common de Gobierno (SGG), Mar\u00eda Fritz Sierra, en representaci\u00f3n del<strong> gobernador Mauricio Vila Dosal<\/strong>, junto al\u00a0vicealmirante Raymundo Pedro Morales \u00c1ngeles, comandante de la IX Zona Naval.<\/p>\n<p class=\"image-align-center\"><img decoding=\"async\" alt=\"\" height=\"511\" src=\"https:\/\/dimensionturistica.com\/es\/wp-content\/uploads\/2022\/07\/Buque-Escuela-Cuauhtemoc-zarpa-de-Progreso-Yucatan-rumbo-a-Puerto.jpeg\" width=\"768\"\/><\/p>\n<aside class=\"htmlinline\"\/>\n<aside class=\"relacionadas con-foto\">\n<h5>Noticias Relacionadas<\/h5>\n<\/aside>\n<p style=\"text-align: justify;\">Autoridades mil\u00edtales, navales y portuarias tambi\u00e9n estuvieron presentes en la ceremonia, donde la funcionaria despidi\u00f3 al buque, deseando buen mar y mejores vientos a la tripulaci\u00f3n.<\/p>\n<p style=\"text-align: justify;\">Desde el 7 de julio, el tambi\u00e9n conocido como\u00a0Embajador y caballero de los mares\u201d lleg\u00f3 a Progreso, permaneciendo en el\u00a0muelle de la Terminal de Cruceros durante 4 d\u00edas para recibir al p\u00fablico en common, ofreciendo recorridos por el nav\u00edo, donde se podr\u00eda admirar su\u00a0majestuosidad y conocer el trabajo de los cadetes.\u00a0<\/p>\n<p class=\"image-align-center\"><img decoding=\"async\" alt=\"\" height=\"511\" src=\"https:\/\/dimensionturistica.com\/es\/wp-content\/uploads\/2022\/07\/1657574426_851_Buque-Escuela-Cuauhtemoc-zarpa-de-Progreso-Yucatan-rumbo-a-Puerto.jpeg\" width=\"768\"\/><\/p>\n<p style=\"text-align: justify;\">El\u00a0Buque Escuela \u201cCuauht\u00e9moc\u201d ha recorrido\u00a0756 mil 85 millas n\u00e1uticas en, al menos, 40 viajes por 64 pa\u00edses y ha visitado m\u00e1s de 200 puertos, en casi 40 a\u00f1os, donde tiene la misi\u00f3n de hacer lazos de amistad de nuestra naci\u00f3n con otras en el mundo, llevando un mensaje de paz y resaltar el esp\u00edritu de quienes se forman en el colegio bajo\u00a0el mando del capit\u00e1n Ren\u00e9 Cano \u00c1vila.\u00a0\n<\/p>\n<p style=\"text-align: justify;\">La tripulaci\u00f3n est\u00e1 conformada por 101 cadetes, entre ellos 18 mujeres, quienes realizan su viaje en pr\u00e1cticas en busca de profesionalismo, fortaleciendo instrucciones en el arte de vela.\u00a0\n<\/p>\n<p style=\"text-align: justify;\">Su pr\u00f3xima ruta es Puerto Rico, para despu\u00e9s dirigirse a Belice, luego a Panam\u00e1, antes de cruzar el Oc\u00e9ano Pac\u00edfico y atracar en Guatemala antes de llegar a su base en Acapulco, Guerrero.\u00a0\n<\/p>\n<p style=\"text-align: justify;\">S\u00edguenos en<a rel=\"nofollow noopener\" target=\"_blank\" href=\"https:\/\/news.google.com\/publications\/CAAqBwgKMMLDmwswhs6zAw?oc=3&amp;ceid=MX:es-419&amp;hl=es-419&amp;gl=MX\"> Google News<\/a> y recibe la mejor informaci\u00f3n\n<\/p>\n<p style=\"text-align: justify;\">CC\n<\/p>\n<\/div>\n<p><script>\n      window.fbAsyncInit = function() {\n        FB.init({\n          appId      : '{292213061927134}',\n          status     : true,\n\t\t  version:  'v2.7',\n          xfbml      : true\n        });\nFB.Event.subscribe('comment.create', function (response) {grabacom_compa(343574)});\t\nFB.Event.subscribe('comment.remove',  function (response) {grabacom_compa(343574)});\t\nFB.Event.subscribe('edge.create',  function (response) {grabacom_compa(343574)});\nFB.Event.subscribe('edge.remove',  function (response) {grabacom_compa(343574)});\n      };\n(function(d, s, id) {\n  var js, fjs = d.getElementsByTagName(s)[0];\n  if (d.getElementById(id)) return;\n  js = d.createElement(s); js.id = id;\n  js.src = \"\/\/connect.facebook.net\/es_LA\/sdk.js#xfbml=1&version=v2.7&appId=292213061927134\";\n  fjs.parentNode.insertBefore(js, fjs);\n}(document, 'script', 'facebook-jssdk'));\n    <\/script><br \/>\n<br \/><\/p>\n<p><em> &#8221; Fuentes www.poresto.net &#8221; <\/em><\/p>\n","protected":false},"excerpt":{"rendered":"<p>Luego de permanecer durante seis d\u00edas en el puerto de Progreso, Yucat\u00e1n,\u00a0como parte del Crucero de Instrucci\u00f3n Velas Latinoam\u00e9rica 2022, el Buque Escuela \u201cCuauht\u00e9moc\u201d zarp\u00f3 con m\u00fasica y aplausos para dirigirse rumbo a Puerto Rico este lunes. Fue desde el pasado 7 de julio cuando el Buque Cuauht\u00e9moc lleg\u00f3 a Yucat\u00e1n para ofrecer un recorrido [&hellip;]<\/p>\n","protected":false},"author":4,"featured_media":350712,"comment_status":"open","ping_status":"closed","sticky":false,"template":"","format":"standard","meta":{"om_disable_all_campaigns":false,"jnews-multi-image_gallery":[],"jnews_single_post":[],"jnews_primary_category":[],"jnews_social_meta":[],"footnotes":""},"categories":[41],"tags":[49320,7125,2504],"class_list":["post-350711","post","type-post","status-publish","format-standard","has-post-thumbnail","hentry","category-cruceros","tag-maria-fritz-sierra","tag-progreso","tag-yucatan"],"_links":{"self":[{"href":"https:\/\/dimensionturistica.com\/es\/wp-json\/wp\/v2\/posts\/350711","targetHints":{"allow":["GET"]}}],"collection":[{"href":"https:\/\/dimensionturistica.com\/es\/wp-json\/wp\/v2\/posts"}],"about":[{"href":"https:\/\/dimensionturistica.com\/es\/wp-json\/wp\/v2\/types\/post"}],"author":[{"embeddable":true,"href":"https:\/\/dimensionturistica.com\/es\/wp-json\/wp\/v2\/users\/4"}],"replies":[{"embeddable":true,"href":"https:\/\/dimensionturistica.com\/es\/wp-json\/wp\/v2\/comments?post=350711"}],"version-history":[{"count":0,"href":"https:\/\/dimensionturistica.com\/es\/wp-json\/wp\/v2\/posts\/350711\/revisions"}],"wp:featuredmedia":[{"embeddable":true,"href":"https:\/\/dimensionturistica.com\/es\/wp-json\/wp\/v2\/media\/350712"}],"wp:attachment":[{"href":"https:\/\/dimensionturistica.com\/es\/wp-json\/wp\/v2\/media?parent=350711"}],"wp:term":[{"taxonomy":"category","embeddable":true,"href":"https:\/\/dimensionturistica.com\/es\/wp-json\/wp\/v2\/categories?post=350711"},{"taxonomy":"post_tag","embeddable":true,"href":"https:\/\/dimensionturistica.com\/es\/wp-json\/wp\/v2\/tags?post=350711"}],"curies":[{"name":"wp","href":"https:\/\/api.w.org\/{rel}","templated":true}]}}