{"id":350511,"date":"2022-07-11T15:45:07","date_gmt":"2022-07-11T15:45:07","guid":{"rendered":"https:\/\/dimensionturistica.com\/es\/?p=350511"},"modified":"2022-07-11T15:45:07","modified_gmt":"2022-07-11T15:45:07","slug":"los-paquetes-familiares-son-los-mas-reservados-en-pricetravel-holding-para-las-proximas-vacaciones-de-verano","status":"publish","type":"post","link":"https:\/\/dimensionturistica.com\/es\/los-paquetes-familiares-son-los-mas-reservados-en-pricetravel-holding-para-las-proximas-vacaciones-de-verano\/","title":{"rendered":"Los paquetes familiares, son los mas reservados en Pricetravel Holding para las pr\u00f3ximas vacaciones de verano"},"content":{"rendered":"<p><img decoding=\"async\" class=\"size-medium wp-image-350518 alignright\" src=\"https:\/\/dimensionturistica.com\/es\/wp-content\/uploads\/2022\/07\/ARCOS-300x219.jpg\" alt=\"\" width=\"300\" height=\"219\" srcset=\"https:\/\/dimensionturistica.com\/es\/wp-content\/uploads\/2022\/07\/ARCOS-300x219.jpg 300w, https:\/\/dimensionturistica.com\/es\/wp-content\/uploads\/2022\/07\/ARCOS.jpg 450w\" sizes=\"(max-width: 300px) 100vw, 300px\" \/>Frente a la pr\u00f3xima temporada vacacional de verano, PriceTravel Holding reporta que el mayor n\u00famero de reservaciones corresponden a paquetes para familias, quienes, en su mayor\u00eda, desean viajar dentro de las pr\u00f3ximas dos semanas.<br \/>\nEl grupo tur\u00edstico reporta que la mayor demanda se registra en destinos nacionales con el 65% de preferencia. Acapulco, Canc\u00fan, Mazatl\u00e1n, Riviera Maya, y Puerto Vallarta, son los de mayor demanda para vacacionar en playas, mientras que en destinos urbanos como Guadalajara, Ciudad de M\u00e9xico y Quer\u00e9taro, lideran el n\u00famero de reservaciones.<br \/>\nPor su parte, los destinos internacionales m\u00e1s reservados para verano son: Las Vegas, Orlando<img decoding=\"async\" class=\"size-medium wp-image-350521 alignright\" src=\"https:\/\/dimensionturistica.com\/es\/wp-content\/uploads\/2022\/07\/CATEDRAL-300x199.jpg\" alt=\"\" width=\"300\" height=\"199\" srcset=\"https:\/\/dimensionturistica.com\/es\/wp-content\/uploads\/2022\/07\/CATEDRAL-300x199.jpg 300w, https:\/\/dimensionturistica.com\/es\/wp-content\/uploads\/2022\/07\/CATEDRAL.jpg 450w\" sizes=\"(max-width: 300px) 100vw, 300px\" \/> y Miami. En Orlando, el alto \u00edndice de reservaciones, se debe a que PriceTravel Holding es Operador de Turismo Selecto de Disney Destinations, lo cual permite ofrecer precios y promociones exclusivas a quienes desean visitar estos parques y hospedarse en sus resorts.<br \/>\n\u201cSabemos que los h\u00e1bitos de consumo del viajero cambian constantemente. Por ello nos adaptamos para cubrir las necesidades espec\u00edficas de nuestros clientes. Las pr\u00f3ximas vacaciones de verano no han sido la excepci\u00f3n, y la preferencia de los viajeros para reservar con PriceTravel Holding, es una prueba de esto\u201d, se\u00f1al\u00f3 Mariano Garc\u00eda, Gerente de Ventas<img decoding=\"async\" class=\"size-medium wp-image-350522 alignright\" src=\"https:\/\/dimensionturistica.com\/es\/wp-content\/uploads\/2022\/07\/circuito-cultural-por-queretaro-guadalajara-guanajuato-y-morelia-6-dias-teatro-juarez-min-300x188.jpg\" alt=\"\" width=\"300\" height=\"188\" srcset=\"https:\/\/dimensionturistica.com\/es\/wp-content\/uploads\/2022\/07\/circuito-cultural-por-queretaro-guadalajara-guanajuato-y-morelia-6-dias-teatro-juarez-min-300x188.jpg 300w, https:\/\/dimensionturistica.com\/es\/wp-content\/uploads\/2022\/07\/circuito-cultural-por-queretaro-guadalajara-guanajuato-y-morelia-6-dias-teatro-juarez-min.jpg 640w\" sizes=\"(max-width: 300px) 100vw, 300px\" \/> Online de PriceTravel Holding.<br \/>\nHoy por hoy, los viajeros exigen pol\u00edticas de flexibilidad para realizar cambios de fecha y cancelaciones gratuitas, y PriceTravel Holding trabaja junto con los proveedores para hacer posible este beneficio, un factor determinante para el viajero. Adem\u00e1s de contar con un equipo de asesores altamente capacitados y con atenci\u00f3n 24\/7 para resolver todas las dudas e inquietudes de los viajeros de todas las l\u00edneas de negocio.<br \/>\nLa compa\u00f1\u00eda informa que la distribuci\u00f3n de las ventas en el grupo tur\u00edstico es 60% online y 40% offline. Por ello, invierten fuertemente en tecnolog\u00eda para que todos los canales de venta est\u00e9n preparados para atender todas las necesidades de los clientes.<img decoding=\"async\" class=\"size-medium wp-image-350524 alignright\" src=\"https:\/\/dimensionturistica.com\/es\/wp-content\/uploads\/2022\/07\/xxxvacaciones-300x177.jpg\" alt=\"\" width=\"300\" height=\"177\" srcset=\"https:\/\/dimensionturistica.com\/es\/wp-content\/uploads\/2022\/07\/xxxvacaciones-300x177.jpg 300w, https:\/\/dimensionturistica.com\/es\/wp-content\/uploads\/2022\/07\/xxxvacaciones.jpg 450w\" sizes=\"(max-width: 300px) 100vw, 300px\" \/><br \/>\nCabe destacar que el holding presenta un crecimiento acumulado de b\u00fasquedas del 17% en lo que va del a\u00f1o, frente al 2021, lo que marca la pauta para que sigan buscando ofrecer a sus clientes los mejores precios y las promociones m\u00e1s exclusivas.<br \/>\nActualmente, PriceTravel Holding cuenta con un amplio portafolio de producto hotelero, por lo que pone a disposici\u00f3n de clientes directos, agencias de viajes y empresas afiliadas, m\u00e1s 250 mil opciones de hotel en todo mundo, pagando hasta en 18 meses sin intereses; adem\u00e1s de ofrecer cancelaci\u00f3n gratis en miles de hoteles y flexibilidad en cambios; beneficios que sin duda contribuyen para generar m\u00e1s ventas.<\/p>\n","protected":false},"excerpt":{"rendered":"<p>Frente a la pr\u00f3xima temporada vacacional de verano, PriceTravel Holding reporta que el mayor n\u00famero de reservaciones corresponden a paquetes para familias, quienes, en su mayor\u00eda, desean viajar dentro de las pr\u00f3ximas dos semanas. El grupo tur\u00edstico reporta que la mayor demanda se registra en destinos nacionales con el 65% de preferencia. Acapulco, Canc\u00fan, Mazatl\u00e1n, [&hellip;]<\/p>\n","protected":false},"author":1,"featured_media":350523,"comment_status":"open","ping_status":"closed","sticky":false,"template":"","format":"standard","meta":{"om_disable_all_campaigns":false,"jnews-multi-image_gallery":[],"jnews_single_post":{"source_name":"","source_url":"","via_name":"","via_url":"","override_template":"0","override":[{"template":"1","single_blog_custom":"","parallax":"1","fullscreen":"1","layout":"right-sidebar","sidebar":"default-sidebar","second_sidebar":"default-sidebar","sticky_sidebar":"1","share_position":"top","share_float_style":"share-monocrhome","show_share_counter":"1","show_view_counter":"1","show_featured":"1","show_post_meta":"1","show_post_author":"1","show_post_author_image":"1","show_post_date":"1","post_date_format":"default","post_date_format_custom":"Y\/m\/d","show_post_category":"1","show_post_reading_time":"0","post_reading_time_wpm":"300","show_zoom_button":"0","zoom_button_out_step":"2","zoom_button_in_step":"3","show_post_tag":"1","show_prev_next_post":"1","show_popup_post":"1","number_popup_post":"1","show_author_box":"0","show_post_related":"0","show_inline_post_related":"0"}],"override_image_size":"0","image_override":[{"single_post_thumbnail_size":"crop-500","single_post_gallery_size":"crop-500"}],"trending_post":"0","trending_post_position":"meta","trending_post_label":"Trending","sponsored_post":"0","sponsored_post_label":"Sponsored by","sponsored_post_name":"","sponsored_post_url":"","sponsored_post_logo_enable":"0","sponsored_post_logo":"","sponsored_post_desc":"","disable_ad":"0"},"jnews_primary_category":{"id":""},"jnews_social_meta":{"fb_title":"","fb_description":"","fb_image":"","twitter_title":"","twitter_description":"","twitter_image":""},"footnotes":""},"categories":[39],"tags":[],"class_list":["post-350511","post","type-post","status-publish","format-standard","has-post-thumbnail","hentry","category-viajes"],"_links":{"self":[{"href":"https:\/\/dimensionturistica.com\/es\/wp-json\/wp\/v2\/posts\/350511","targetHints":{"allow":["GET"]}}],"collection":[{"href":"https:\/\/dimensionturistica.com\/es\/wp-json\/wp\/v2\/posts"}],"about":[{"href":"https:\/\/dimensionturistica.com\/es\/wp-json\/wp\/v2\/types\/post"}],"author":[{"embeddable":true,"href":"https:\/\/dimensionturistica.com\/es\/wp-json\/wp\/v2\/users\/1"}],"replies":[{"embeddable":true,"href":"https:\/\/dimensionturistica.com\/es\/wp-json\/wp\/v2\/comments?post=350511"}],"version-history":[{"count":0,"href":"https:\/\/dimensionturistica.com\/es\/wp-json\/wp\/v2\/posts\/350511\/revisions"}],"wp:featuredmedia":[{"embeddable":true,"href":"https:\/\/dimensionturistica.com\/es\/wp-json\/wp\/v2\/media\/350523"}],"wp:attachment":[{"href":"https:\/\/dimensionturistica.com\/es\/wp-json\/wp\/v2\/media?parent=350511"}],"wp:term":[{"taxonomy":"category","embeddable":true,"href":"https:\/\/dimensionturistica.com\/es\/wp-json\/wp\/v2\/categories?post=350511"},{"taxonomy":"post_tag","embeddable":true,"href":"https:\/\/dimensionturistica.com\/es\/wp-json\/wp\/v2\/tags?post=350511"}],"curies":[{"name":"wp","href":"https:\/\/api.w.org\/{rel}","templated":true}]}}