{"id":350486,"date":"2022-07-11T15:23:45","date_gmt":"2022-07-11T15:23:45","guid":{"rendered":"https:\/\/dimensionturistica.com\/es\/?p=350486"},"modified":"2022-07-11T15:23:45","modified_gmt":"2022-07-11T15:23:45","slug":"ante-la-creciente-violencia-la-amesp-intercambia-experiencias-y-conocimientos-con-otros-paises-para-mejorar-sus-servicios","status":"publish","type":"post","link":"https:\/\/dimensionturistica.com\/es\/ante-la-creciente-violencia-la-amesp-intercambia-experiencias-y-conocimientos-con-otros-paises-para-mejorar-sus-servicios\/","title":{"rendered":"Ante la creciente violencia, la AMESP intercambia experiencias y conocimientos con otros paises, para mejorar sus servicios"},"content":{"rendered":"<p><img decoding=\"async\" class=\"size-medium wp-image-350503 alignright\" src=\"https:\/\/dimensionturistica.com\/es\/wp-content\/uploads\/2022\/07\/CARLOS-ALFONSO-BOSHELL-NORMAN-300x169.png\" alt=\"\" width=\"300\" height=\"169\" srcset=\"https:\/\/dimensionturistica.com\/es\/wp-content\/uploads\/2022\/07\/CARLOS-ALFONSO-BOSHELL-NORMAN-300x169.png 300w, https:\/\/dimensionturistica.com\/es\/wp-content\/uploads\/2022\/07\/CARLOS-ALFONSO-BOSHELL-NORMAN-1024x576.png 1024w, https:\/\/dimensionturistica.com\/es\/wp-content\/uploads\/2022\/07\/CARLOS-ALFONSO-BOSHELL-NORMAN-768x432.png 768w, https:\/\/dimensionturistica.com\/es\/wp-content\/uploads\/2022\/07\/CARLOS-ALFONSO-BOSHELL-NORMAN-750x422.png 750w, https:\/\/dimensionturistica.com\/es\/wp-content\/uploads\/2022\/07\/CARLOS-ALFONSO-BOSHELL-NORMAN-1140x641.png 1140w, https:\/\/dimensionturistica.com\/es\/wp-content\/uploads\/2022\/07\/CARLOS-ALFONSO-BOSHELL-NORMAN.png 1280w\" sizes=\"(max-width: 300px) 100vw, 300px\" \/>Ante un panorama en el que Am\u00e9rica Latina cuenta con las 10 ciudades m\u00e1s violentas en el mundo, la Asociaci\u00f3n Mexicana de Empresas de Seguridad Privada (AMESP), la organizaci\u00f3n m\u00e1s grande y plural de la Seguridad Privada en M\u00e9xico y Am\u00e9rica Latina, inici\u00f3 acercamiento con sus similares en pa\u00edses de la regi\u00f3n, a fin de intercambiar conocimientos y experiencias para la prevenci\u00f3n y combate a la inseguridad que priva en sus naciones.<br \/>\nEncabezada por su presidente, capit\u00e1n Salvador L\u00f3pez Contreras, la AMESP, que agrupa en M\u00e9xico a las 181 empresas nacionales e internacionales, m\u00e1s grandes e importantes que legalmente est\u00e1n establecidas en nuestro pa\u00eds y que cuenta con el 30 por ciento del total nacional de trabajadores de la industria de la seguridad privada, sostuvo que estos encuentros son con el prop\u00f3sito de enriquecer conocimientos y aportar experiencia de otras naciones, a fin de dar soluciones concretas al problema de inseguridad que se vive d\u00eda a d\u00eda.<br \/>\nDichos encuentros, que se dan en el marco del d\u00e9cimo aniversario de la AMESP, han sido hasta el momento con dirigentes de asociaciones similares de Argentina y Colombia, quienes tambi\u00e9n est\u00e1n preocupadas por el notable crecimiento de la delincuencia com\u00fan y organizada en toda la regi\u00f3n de Am\u00e9rica Latina, pues reconocen que \u201cen nuestros pa\u00edses tenemos ya todas las evoluciones de las formas del crimen organizado\u201d.<br \/>\nCon Argentina, se reuni\u00f3 con la dirigencia del Consejo Argentino para la Seguridad Integrada (CAPSI), encabezada por su vicepresidente Pablo Correnti, el secretario nacional Edgardo Glavinich, la coordinadora Legal Celina Muguruza y el asesor del Consejo Asesor, Juan Jos\u00e9 Vega.<br \/>\nVinculado a esto enfrentamos, se\u00f1alaron, algunos problemas relacionados con las pol\u00edticas p\u00fablicas instrumentadas en la materia, las cuales est\u00e1n dando evidencia de que sus resultados no eran los esperados o no son la estrategia adecuada para la amenaza y los riesgos que estamos enfrentando.<img decoding=\"async\" class=\"size-medium wp-image-350507 alignright\" src=\"https:\/\/dimensionturistica.com\/es\/wp-content\/uploads\/2022\/07\/fotos-CAPSI-Argentina-300x169.png\" alt=\"\" width=\"300\" height=\"169\" srcset=\"https:\/\/dimensionturistica.com\/es\/wp-content\/uploads\/2022\/07\/fotos-CAPSI-Argentina-300x169.png 300w, https:\/\/dimensionturistica.com\/es\/wp-content\/uploads\/2022\/07\/fotos-CAPSI-Argentina-1024x576.png 1024w, https:\/\/dimensionturistica.com\/es\/wp-content\/uploads\/2022\/07\/fotos-CAPSI-Argentina-768x432.png 768w, https:\/\/dimensionturistica.com\/es\/wp-content\/uploads\/2022\/07\/fotos-CAPSI-Argentina-750x422.png 750w, https:\/\/dimensionturistica.com\/es\/wp-content\/uploads\/2022\/07\/fotos-CAPSI-Argentina-1140x641.png 1140w, https:\/\/dimensionturistica.com\/es\/wp-content\/uploads\/2022\/07\/fotos-CAPSI-Argentina.png 1280w\" sizes=\"(max-width: 300px) 100vw, 300px\" \/><br \/>\nPor ello celebraron la realizaci\u00f3n de este tipo de reuniones de intercambio de conocimientos y experiencias, a fin de trabajar en conjunto para ver cu\u00e1l es el modelo de gesti\u00f3n necesario para cada territorio y cu\u00e1les son los marcos normativos necesarios.<br \/>\nSe\u00f1alaron que en algunas regiones las empresas de seguridad privada terminan siendo un auxiliar en el combate a la inseguridad del sitio, sin que se les reconozca. En otros casos toman funciones que eran propias del Estado al ser incapaces estos de dar respuestas adecuadas a problemas como son el caso del sector ciberseguridad.<br \/>\nDe Colombia, la reuni\u00f3n fue con la Asociaci\u00f3n Colombiana de Seguridad (ASOSEC), la cual comparti\u00f3 sus experiencias, aprendizajes y retos de la Seguridad Privada, con la ponencia del Licenciado Carlos Alfonso Boshell Norman en representaci\u00f3n de su presidente Gabriel Berr\u00edo \u00c1lvarez.<br \/>\nEn su presentaci\u00f3n inform\u00f3 que en Colombia la seguridad privada aporta el 1.2 por ciento del producto interno bruto del pa\u00eds y est\u00e1 considerada como una industria de primer nivel. Existen 10 mil 531 entes de seguridad que se dedican a la seguridad privada en esa naci\u00f3n sudamericana, con 380 mil elementos. Esto es superior a las fuerzas militares y la polic\u00eda del pa\u00eds. Y esto va en crecimiento.<br \/>\nDijo que con motivo de la pandemia por Covid19 cerraron todos los sectores de la econom\u00eda del pa\u00eds, menos, 3, el de la salud, cadenas de suministro y el de la seguridad y vigilancia. Este a\u00f1o crecieron en 40 mil puestos de trabajo adicionales, en todas las modalidades del sector como guardia, ciberseguridad, caninos, etc\u00e9tera.<br \/>\nCarlos Alfonso Boshell manifest\u00f3 que esta industria en su pa\u00eds ha tenido en los \u00faltimos a\u00f1os una gran transformaci\u00f3n porque dedica gran importancia a los temas de capacitaci\u00f3n de su personal operativo.<br \/>\nManifest\u00f3 que una caracter\u00edstica especial, es que en Colombia s\u00f3lo el gobierno puede producir, fabricar e importar armas. Tiene el monopolio de estas. Y la seguridad privada, obtiene estas del gobierno, mediante permiso y licencia y nadie m\u00e1s.<br \/>\nAh\u00ed tambi\u00e9n, la seguridad es un servicio p\u00fablico primario, es decir. El Estado tiene un control de este servicio. La seguridad privada en Colombia tiene un soporte jur\u00eddico, pero no est\u00e1 actualizado ni modernizado, desde finales del siglo pasado y no permite la existencia de capitales extranjeros en la seguridad privada.<br \/>\nEn M\u00e9xico, en tanto, la seguridad privada, donde la AMESP, es la agrupaci\u00f3n m\u00e1s grande e importante, produce casi el 2% del Producto Interno Bruto (PIB) nacional. Cuenta con 30 Centros de Evaluaci\u00f3n de Competencias laborales, para la profesionalizaci\u00f3n de sus directivos y trabajadores.<br \/>\nTiene presencia con oficinas matrices de sus Asociados en 22 Estados de la Rep\u00fablica, y cobertura nacional en servicios. Entre sus principales objetivos se encuentran la regularizaci\u00f3n de todas las empresas de seguridad privada que existen en el pa\u00eds, la expedici\u00f3n de una Ley General de Seguridad Privada, la creaci\u00f3n de una C\u00e1mara de la Industria de la Seguridad Privada y la constante capacitaci\u00f3n de su personal.<br \/>\nAmbas reuniones, que se desarrollaron en forma virtual, fueron coordinadas por la Comisi\u00f3n de Asuntos Internacionales de la AMESP, a cargo de Enrique Tapia.<\/p>\n","protected":false},"excerpt":{"rendered":"<p>Ante un panorama en el que Am\u00e9rica Latina cuenta con las 10 ciudades m\u00e1s violentas en el mundo, la Asociaci\u00f3n Mexicana de Empresas de Seguridad Privada (AMESP), la organizaci\u00f3n m\u00e1s grande y plural de la Seguridad Privada en M\u00e9xico y Am\u00e9rica Latina, inici\u00f3 acercamiento con sus similares en pa\u00edses de la regi\u00f3n, a fin de [&hellip;]<\/p>\n","protected":false},"author":1,"featured_media":350502,"comment_status":"open","ping_status":"closed","sticky":false,"template":"","format":"standard","meta":{"om_disable_all_campaigns":false,"jnews-multi-image_gallery":[],"jnews_single_post":{"source_name":"","source_url":"","via_name":"","via_url":"","override_template":"0","override":[{"template":"1","single_blog_custom":"","parallax":"1","fullscreen":"1","layout":"right-sidebar","sidebar":"default-sidebar","second_sidebar":"default-sidebar","sticky_sidebar":"1","share_position":"top","share_float_style":"share-monocrhome","show_share_counter":"1","show_view_counter":"1","show_featured":"1","show_post_meta":"1","show_post_author":"1","show_post_author_image":"1","show_post_date":"1","post_date_format":"default","post_date_format_custom":"Y\/m\/d","show_post_category":"1","show_post_reading_time":"0","post_reading_time_wpm":"300","show_zoom_button":"0","zoom_button_out_step":"2","zoom_button_in_step":"3","show_post_tag":"1","show_prev_next_post":"1","show_popup_post":"1","number_popup_post":"1","show_author_box":"0","show_post_related":"0","show_inline_post_related":"0"}],"override_image_size":"0","image_override":[{"single_post_thumbnail_size":"crop-500","single_post_gallery_size":"crop-500"}],"trending_post":"0","trending_post_position":"meta","trending_post_label":"Trending","sponsored_post":"0","sponsored_post_label":"Sponsored by","sponsored_post_name":"","sponsored_post_url":"","sponsored_post_logo_enable":"0","sponsored_post_logo":"","sponsored_post_desc":"","disable_ad":"0"},"jnews_primary_category":{"id":""},"jnews_social_meta":{"fb_title":"","fb_description":"","fb_image":"","twitter_title":"","twitter_description":"","twitter_image":""},"footnotes":""},"categories":[40],"tags":[],"class_list":["post-350486","post","type-post","status-publish","format-standard","has-post-thumbnail","hentry","category-industria"],"_links":{"self":[{"href":"https:\/\/dimensionturistica.com\/es\/wp-json\/wp\/v2\/posts\/350486","targetHints":{"allow":["GET"]}}],"collection":[{"href":"https:\/\/dimensionturistica.com\/es\/wp-json\/wp\/v2\/posts"}],"about":[{"href":"https:\/\/dimensionturistica.com\/es\/wp-json\/wp\/v2\/types\/post"}],"author":[{"embeddable":true,"href":"https:\/\/dimensionturistica.com\/es\/wp-json\/wp\/v2\/users\/1"}],"replies":[{"embeddable":true,"href":"https:\/\/dimensionturistica.com\/es\/wp-json\/wp\/v2\/comments?post=350486"}],"version-history":[{"count":0,"href":"https:\/\/dimensionturistica.com\/es\/wp-json\/wp\/v2\/posts\/350486\/revisions"}],"wp:featuredmedia":[{"embeddable":true,"href":"https:\/\/dimensionturistica.com\/es\/wp-json\/wp\/v2\/media\/350502"}],"wp:attachment":[{"href":"https:\/\/dimensionturistica.com\/es\/wp-json\/wp\/v2\/media?parent=350486"}],"wp:term":[{"taxonomy":"category","embeddable":true,"href":"https:\/\/dimensionturistica.com\/es\/wp-json\/wp\/v2\/categories?post=350486"},{"taxonomy":"post_tag","embeddable":true,"href":"https:\/\/dimensionturistica.com\/es\/wp-json\/wp\/v2\/tags?post=350486"}],"curies":[{"name":"wp","href":"https:\/\/api.w.org\/{rel}","templated":true}]}}