{"id":350454,"date":"2022-07-11T14:48:31","date_gmt":"2022-07-11T14:48:31","guid":{"rendered":"https:\/\/dimensionturistica.com\/es\/?p=350454"},"modified":"2022-07-11T14:48:31","modified_gmt":"2022-07-11T14:48:31","slug":"10-anos-de-expo-belleza-fest-el-evento-mas-importante-de-la-industria-de-la-belleza-celebra-su-decimo-aniversario","status":"publish","type":"post","link":"https:\/\/dimensionturistica.com\/es\/10-anos-de-expo-belleza-fest-el-evento-mas-importante-de-la-industria-de-la-belleza-celebra-su-decimo-aniversario\/","title":{"rendered":"10 a\u00f1os de Expo Belleza Fest. El evento m\u00e1s importante de la industria de la belleza celebra su d\u00e9cimo aniversario"},"content":{"rendered":"<p>Expo Belleza Fest presenta tendencias vanguardistas, promueve la educaci\u00f3n de los profesionales y contribuye al crecimiento de los negocios<br \/>\nCiudad de M\u00e9xico a 10 de julio del 2022. Expo Belleza Fest, el encuentro m\u00e1s completo del sector de la belleza en M\u00e9xico celebra una d\u00e9cada de presentar las \u00faltimas tendencias y desarrollos de la industria, de impulsar el crecimiento de los negocios y de promover la capacitaci\u00f3n continua de estilistas, barberos, maquillistas, nail artists y dem\u00e1s profesionales.<br \/>\nEn compa\u00f1\u00eda de representantes de CAMIEF y AMPROFEC, as\u00ed como el estilista Iv\u00e1n Rodr\u00edguez en representaci\u00f3n de los profesionales de la industria; Marcos Gottfried, vicepresidente de Tradex Exposiciones y Andrea Narv\u00e1ez, Gerente de Expo Belleza Fest encabezaron la ceremonia inaugural de la d\u00e9cima edici\u00f3n de Expo Belleza Fest.<img decoding=\"async\" class=\"size-medium wp-image-350459 alignright\" src=\"https:\/\/dimensionturistica.com\/es\/wp-content\/uploads\/2022\/07\/unnamed-1-4-300x225.jpg\" alt=\"\" width=\"300\" height=\"225\" srcset=\"https:\/\/dimensionturistica.com\/es\/wp-content\/uploads\/2022\/07\/unnamed-1-4-300x225.jpg 300w, https:\/\/dimensionturistica.com\/es\/wp-content\/uploads\/2022\/07\/unnamed-1-4-768x576.jpg 768w, https:\/\/dimensionturistica.com\/es\/wp-content\/uploads\/2022\/07\/unnamed-1-4-750x563.jpg 750w, https:\/\/dimensionturistica.com\/es\/wp-content\/uploads\/2022\/07\/unnamed-1-4.jpg 1024w\" sizes=\"(max-width: 300px) 100vw, 300px\" \/><br \/>\nDurante los dos d\u00edas del evento, los visitantes recorrer\u00e1n un espacio de 8,800m2 donde podr\u00e1n contactar directamente y hacer negocios con m\u00e1s de 80 empresas que dar\u00e1n a conocer novedades en productos, herramientas y equipo para el cuidado integral.<br \/>\nEn la Plataforma Principal, los asistentes podr\u00e1n conocer las \u00faltimas t\u00e9cnicas en aplicaci\u00f3n, as\u00ed como las tendencias que dominar\u00e1n los \u00faltimos meses del 2022 de la mano de marcas de renombre y artistas de talla internacional entre los que destacan: los estilistas Otto Giovanni, Christian V\u00e1zquez y Clau Tijeras, la experta en colorimetr\u00eda Sugey Sol\u00eds y la consultora en tendencias globales Catalina Mar\u00edn.<br \/>\nPor su parte, el Programa de Formaci\u00f3n, brindar\u00e1 a los profesionales de la belleza la oportunidad de participar en cursos te\u00f3rico-pr\u00e1cticos impartidos por empresas l\u00edderes en la industria y completamente gratuitos, los cuales les ayudar\u00e1n a seguir desarrollando sus habilidades y expandir sus conocimientos.<br \/>\nAunado a lo anterior, Expo Belleza Fest facilita el acceso, a emprendedores y empresarios de la industria, a herramientas que permitan llevar una gesti\u00f3n \u00f3ptima de sus negocios y hacerlos crecer, a trav\u00e9s de los cursos y talleres disponibles en el Ciclo de Conferencias.<br \/>\n\u201cEstamos orgullosos de celebrar los d\u00e9cima edici\u00f3n de Expo Belleza Fest, un evento que se ha convertido en la plataforma m\u00e1s completa para encuentro entre profesionales y empresas pues, adem\u00e1s de mostrar los \u00faltimos desarrollos en tecnolog\u00edas y productos, tambi\u00e9n fomenta la capacitaci\u00f3n de los profesionales e impulsa el nacimiento y crecimiento de los negocios. De esta manera hemos contribuido al fortalecimiento de la industria de la belleza en estos diez a\u00f1os y, al trabajar con creatividad, pasi\u00f3n y dedicaci\u00f3n, lo seguiremos haciendo en el futuro\u201d, coment\u00f3 Andrea Narv\u00e1ez.<\/p>\n","protected":false},"excerpt":{"rendered":"<p>Expo Belleza Fest presenta tendencias vanguardistas, promueve la educaci\u00f3n de los profesionales y contribuye al crecimiento de los negocios Ciudad de M\u00e9xico a 10 de julio del 2022. Expo Belleza Fest, el encuentro m\u00e1s completo del sector de la belleza en M\u00e9xico celebra una d\u00e9cada de presentar las \u00faltimas tendencias y desarrollos de la industria, [&hellip;]<\/p>\n","protected":false},"author":1,"featured_media":350458,"comment_status":"open","ping_status":"closed","sticky":false,"template":"","format":"standard","meta":{"om_disable_all_campaigns":false,"jnews-multi-image_gallery":[],"jnews_single_post":{"source_name":"","source_url":"","via_name":"","via_url":"","override_template":"0","override":[{"template":"1","single_blog_custom":"","parallax":"1","fullscreen":"1","layout":"right-sidebar","sidebar":"default-sidebar","second_sidebar":"default-sidebar","sticky_sidebar":"1","share_position":"top","share_float_style":"share-monocrhome","show_share_counter":"1","show_view_counter":"1","show_featured":"1","show_post_meta":"1","show_post_author":"1","show_post_author_image":"1","show_post_date":"1","post_date_format":"default","post_date_format_custom":"Y\/m\/d","show_post_category":"1","show_post_reading_time":"0","post_reading_time_wpm":"300","show_zoom_button":"0","zoom_button_out_step":"2","zoom_button_in_step":"3","show_post_tag":"1","show_prev_next_post":"1","show_popup_post":"1","number_popup_post":"1","show_author_box":"0","show_post_related":"0","show_inline_post_related":"0"}],"override_image_size":"0","image_override":[{"single_post_thumbnail_size":"crop-500","single_post_gallery_size":"crop-500"}],"trending_post":"0","trending_post_position":"meta","trending_post_label":"Trending","sponsored_post":"0","sponsored_post_label":"Sponsored by","sponsored_post_name":"","sponsored_post_url":"","sponsored_post_logo_enable":"0","sponsored_post_logo":"","sponsored_post_desc":"","disable_ad":"0"},"jnews_primary_category":{"id":""},"jnews_social_meta":{"fb_title":"","fb_description":"","fb_image":"","twitter_title":"","twitter_description":"","twitter_image":""},"footnotes":""},"categories":[40],"tags":[],"class_list":["post-350454","post","type-post","status-publish","format-standard","has-post-thumbnail","hentry","category-industria"],"_links":{"self":[{"href":"https:\/\/dimensionturistica.com\/es\/wp-json\/wp\/v2\/posts\/350454","targetHints":{"allow":["GET"]}}],"collection":[{"href":"https:\/\/dimensionturistica.com\/es\/wp-json\/wp\/v2\/posts"}],"about":[{"href":"https:\/\/dimensionturistica.com\/es\/wp-json\/wp\/v2\/types\/post"}],"author":[{"embeddable":true,"href":"https:\/\/dimensionturistica.com\/es\/wp-json\/wp\/v2\/users\/1"}],"replies":[{"embeddable":true,"href":"https:\/\/dimensionturistica.com\/es\/wp-json\/wp\/v2\/comments?post=350454"}],"version-history":[{"count":0,"href":"https:\/\/dimensionturistica.com\/es\/wp-json\/wp\/v2\/posts\/350454\/revisions"}],"wp:featuredmedia":[{"embeddable":true,"href":"https:\/\/dimensionturistica.com\/es\/wp-json\/wp\/v2\/media\/350458"}],"wp:attachment":[{"href":"https:\/\/dimensionturistica.com\/es\/wp-json\/wp\/v2\/media?parent=350454"}],"wp:term":[{"taxonomy":"category","embeddable":true,"href":"https:\/\/dimensionturistica.com\/es\/wp-json\/wp\/v2\/categories?post=350454"},{"taxonomy":"post_tag","embeddable":true,"href":"https:\/\/dimensionturistica.com\/es\/wp-json\/wp\/v2\/tags?post=350454"}],"curies":[{"name":"wp","href":"https:\/\/api.w.org\/{rel}","templated":true}]}}