{"id":350395,"date":"2022-07-11T13:49:08","date_gmt":"2022-07-11T13:49:08","guid":{"rendered":"https:\/\/dimensionturistica.com\/es\/?p=350395"},"modified":"2022-07-11T13:49:09","modified_gmt":"2022-07-11T13:49:09","slug":"cinco-grandes-razones-para-volver-a-visitar-la-palma","status":"publish","type":"post","link":"https:\/\/dimensionturistica.com\/es\/cinco-grandes-razones-para-volver-a-visitar-la-palma\/","title":{"rendered":"Cinco grandes razones para volver a visitar La Palma"},"content":{"rendered":"<p> <br \/>\n<\/p>\n<div>\n<p class=\"date\"> <time itemprop=\"dateModified\" datetime=\"2022-07-11T09:00:00+02:00\" data-timestamp=\"1657530000\">&#13;11 de julio de 2022 \u00b7 09:00<\/time>&#13;<\/p>\n<\/div>\n<div id=\"article-sumary\">\n<div class=\"article-txt ad-mobile-top\">\n<p>La llaman <strong>la Isla Bonita,<\/strong> y no es para menos. La Palma es un destino con mil detalles y rincones que no pasan desapercibidos para ninguno de los cinco sentidos. La isla <strong>a\u00fan est\u00e1 recuper\u00e1ndose de la reciente erupci\u00f3n del volc\u00e1n de Cumbre Vieja, pero su belleza y encanto permanecen intactos en su naturaleza, sus paisajes, su gastronom\u00eda y, c\u00f3mo no, en sus gentes.<\/strong> Sin duda, este es uno de esos viajes que comparten la emotividad del momento y la belleza del lugar, una isla exuberante que se vale de su car\u00e1cter de solidaridad para volver poco a poco a la normalidad. Es por eso que\u00a0<strong><a rel=\"nofollow noopener\" target=\"_blank\" href=\"https:\/\/www.nautaliaviajes.com\/\">Nautalia Viajes<\/a> organiza escapadas a La Palma para que el mundo descubra\u00a0las incre\u00edbles razones por las que vale la pena visitarla<\/strong> y volver con much\u00edsimas cosas que contar.<\/p>\n<\/div>\n<\/div>\n<div id=\"article-text\">\n<div class=\"txt\">\n<aside class=\"subscription-highlighted\">\n<div class=\"subscription-container\">\n<div class=\"non-subscribed\">\n<p class=\"description\">Somos de rutas, no de rutinas. Descubre Viajes Nationwide Geographic<\/p>\n<p><a rel=\"nofollow noopener\" target=\"_blank\" href=\"https:\/\/tienda.rbarevistas.com\/por-que-viajes-national-geographic.html?rba_source=viajes.nationalgeographic.com.es&amp;rba_medium=referral&amp;rba_campaign=NGMV&amp;rba_content=frase-articulo\" class=\"more-link\">SABER M\u00c1S<\/a><\/div>\n<\/div>\n<\/aside>\n<p style=\"display: none;\"><img decoding=\"async\" id=\"ctl01_ctl00_phMain_phMain_ctl00_ctl02_ctl17_ctl01_imgContent\" src=\"https:\/\/viajes.nationalgeographic.com.es\/medio\/2022\/07\/07\/playas_81e2f4e8_800x800.png\" alt=\"Playas\" style=\"border-width:0px;\"\/><\/p>\n<aside class=\"add300x250 publi-interior-top ad-container-r1 ad-inline\"\/>\n<p>Para conocer la Isla Bonita, Nautalia ofrece <strong>LA PALMA VOLCANICA<\/strong> 7 d\u00edas desde Madrid incluido avi\u00f3n. Estancia de 6 noches en Lodge 4* en alojamiento y desayuno incluido un Tour por los volcanes con seguro de viaje desde 499 Reserva en una de nuestras 200 Oficinas en Espa\u00f1a, Telf. 919 100 811 o en <a rel=\"nofollow noopener\" target=\"_blank\" href=\"https:\/\/nautaliaviajes.paquetedinamico.com\/ES\/idea\/2919791\/la-palma-volcanica\">www.nautaliaviajes.com<\/a><\/p>\n<aside class=\"add300x600 publi-interior-bot ad-inline ad-container-r2\"\/><\/div>\n<p><!-- START: tags-rel  --><!-- END: tags-rel   --><br \/>\n<!-- START:toolbar --><!-- END:toolbar --><\/div>\n\n<p><em> &#8221; Fuentes viajes.nationalgeographic.com.es &#8221; <\/em><\/p>\n","protected":false},"excerpt":{"rendered":"<p>&#13;11 de julio de 2022 \u00b7 09:00&#13; La llaman la Isla Bonita, y no es para menos. La Palma es un destino con mil detalles y rincones que no pasan desapercibidos para ninguno de los cinco sentidos. La isla a\u00fan est\u00e1 recuper\u00e1ndose de la reciente erupci\u00f3n del volc\u00e1n de Cumbre Vieja, pero su belleza y [&hellip;]<\/p>\n","protected":false},"author":4,"featured_media":350396,"comment_status":"open","ping_status":"closed","sticky":false,"template":"","format":"standard","meta":{"om_disable_all_campaigns":false,"jnews-multi-image_gallery":[],"jnews_single_post":[],"jnews_primary_category":[],"jnews_social_meta":[],"footnotes":""},"categories":[39],"tags":[47258,47257],"class_list":["post-350395","post","type-post","status-publish","format-standard","has-post-thumbnail","hentry","category-viajes","tag-cargado-desde-el-fichero-de-recursos","tag-keywords-por-defecto"],"_links":{"self":[{"href":"https:\/\/dimensionturistica.com\/es\/wp-json\/wp\/v2\/posts\/350395","targetHints":{"allow":["GET"]}}],"collection":[{"href":"https:\/\/dimensionturistica.com\/es\/wp-json\/wp\/v2\/posts"}],"about":[{"href":"https:\/\/dimensionturistica.com\/es\/wp-json\/wp\/v2\/types\/post"}],"author":[{"embeddable":true,"href":"https:\/\/dimensionturistica.com\/es\/wp-json\/wp\/v2\/users\/4"}],"replies":[{"embeddable":true,"href":"https:\/\/dimensionturistica.com\/es\/wp-json\/wp\/v2\/comments?post=350395"}],"version-history":[{"count":0,"href":"https:\/\/dimensionturistica.com\/es\/wp-json\/wp\/v2\/posts\/350395\/revisions"}],"wp:featuredmedia":[{"embeddable":true,"href":"https:\/\/dimensionturistica.com\/es\/wp-json\/wp\/v2\/media\/350396"}],"wp:attachment":[{"href":"https:\/\/dimensionturistica.com\/es\/wp-json\/wp\/v2\/media?parent=350395"}],"wp:term":[{"taxonomy":"category","embeddable":true,"href":"https:\/\/dimensionturistica.com\/es\/wp-json\/wp\/v2\/categories?post=350395"},{"taxonomy":"post_tag","embeddable":true,"href":"https:\/\/dimensionturistica.com\/es\/wp-json\/wp\/v2\/tags?post=350395"}],"curies":[{"name":"wp","href":"https:\/\/api.w.org\/{rel}","templated":true}]}}