{"id":349682,"date":"2022-07-10T21:16:36","date_gmt":"2022-07-10T21:16:36","guid":{"rendered":"https:\/\/dimensionturistica.com\/es\/?p=349682"},"modified":"2022-07-10T21:16:36","modified_gmt":"2022-07-10T21:16:36","slug":"mauro-colagreco-abrira-su-hamburgueseria-carne-en-madrid-aliado-con-nino-redruello-y-patricia-mateo","status":"publish","type":"post","link":"https:\/\/dimensionturistica.com\/es\/mauro-colagreco-abrira-su-hamburgueseria-carne-en-madrid-aliado-con-nino-redruello-y-patricia-mateo\/","title":{"rendered":"Mauro Colagreco abrir\u00e1 su hamburgueser\u00eda Carne en Madrid aliado con Nino Redruello y Patricia Mateo"},"content":{"rendered":"<p> <br \/>\n<\/p>\n<div>\n<h2 itemprop=\"name\" class=\"entry_title\"><span itemprop=\"dateCreated\" class=\"date entry_date updated\">10 Jul 2022<meta itemprop=\"interactionCount\" content=\"UserComments: 0\"\/><\/span> Mauro Colagreco abrir\u00e1 su hamburgueser\u00eda Carne en Madrid<\/h2>\n<div class=\"post_info\">\n\t\t\t\t\t\t\t<span class=\"post_author\"><br \/>\n\t\t\t\t\t\t\t\tPublicado por \t\t\t\t\t\t\t\t<a target=\"_blank\" itemprop=\"author\" class=\"post_author_link\" href=\"https:\/\/www.gastroeconomy.com\/author\/marta-fernandez-guadano\/\" rel=\"noopener\">Marta Fern\u00e1ndez Guada\u00f1o<\/a><br \/>\n\t\t\t\t\t\t\t<\/span><br \/>\n\t\t\t\t\t\t\t<span class=\"time\">a las 23:06h<\/span><br \/>\n\t\t\t\t\t\t\ten <a target=\"_blank\" href=\"https:\/\/www.gastroeconomy.com\/gastronomia\/tips-con-nombre-y-apellido\/mauro-colagreco\/\" rel=\"category tag noopener\">Mauro COLAGRECO<\/a><br \/>\n\t\t\t\t\t\t\t\t\t\t\t\t\t\t\t<span class=\"dots\"><i class=\"fa fa-square\"\/><\/span><br \/>\n\t\t\t\t\t\t\t                                        <span class=\"dots\"><i class=\"fa fa-square\"\/><\/span><\/p><\/div>\n<p><b>El chef argentino afincado en la Costa Azul se al\u00eda con el hostelero Nino Redruello y la consultora Patricia Mateo para instalar su formato de hamburgueser\u00eda en Madrid. Carne, con 5 locales en Argentina (donde su hermana Carolina Colagreco es socia y directora) y uno en Bruselas, importar\u00e1 su filosof\u00eda al mercado espa\u00f1ol, con una selecci\u00f3n de proveedores locales que ayuden a replicar el modelo de su pa\u00eds de origen. Entre ellos, est\u00e1n Discarlux, Madreamiga y Huerta de Aranjuez. La thought es abrir los dos primeros locales de Carne antes de last de a\u00f1o,<\/b><b> con el plan de alcanzar un whole de 10 en 5 a\u00f1os<\/b><b>.<\/b><\/p>\n<p><img decoding=\"async\" class=\"aligncenter size-large wp-image-61371\" src=\"https:\/\/www.gastroeconomy.com\/wp-content\/uploads\/2022\/07\/Carne_MauroColagreco_Argentina_BuenosAires_5-1024x683.jpg\" alt=\"\" width=\"1024\" height=\"683\" srcset=\"https:\/\/www.gastroeconomy.com\/wp-content\/uploads\/2022\/07\/Carne_MauroColagreco_Argentina_BuenosAires_5-1024x683.jpg 1024w, https:\/\/www.gastroeconomy.com\/wp-content\/uploads\/2022\/07\/Carne_MauroColagreco_Argentina_BuenosAires_5-300x200.jpg 300w, https:\/\/www.gastroeconomy.com\/wp-content\/uploads\/2022\/07\/Carne_MauroColagreco_Argentina_BuenosAires_5-768x512.jpg 768w, https:\/\/www.gastroeconomy.com\/wp-content\/uploads\/2022\/07\/Carne_MauroColagreco_Argentina_BuenosAires_5-700x467.jpg 700w\" sizes=\"(max-width: 1024px) 100vw, 1024px\"\/><\/p>\n<p>Naci\u00f3 como un \u201cfast food premium\u201d o \u201cinnovador bar de hamburguesas\u201d<span class=\"Apple-converted-space\">\u00a0 <\/span>\u2014as\u00ed lo definieron en su d\u00eda\u2014 cuando arranc\u00f3 su primer native en enero de <b>2016 <\/b>en<b> Argentina<\/b>. <b>Carne es el concepto de hamburgueser\u00eda de Mauro Colagreco y su hermana Carolina<\/b>. Para el chef argentino, con <b>3 estrellas Michelin <\/b>y puesto vitalicio en <b>\u2018Best of the Best\u2019 <\/b>de la lista <b>\u2018The World\u2019s 50 Finest Eating places\u2019 <\/b>con<b> Mirazur <\/b>(n\u00famero 1 del r\u00e1nking en 2019), parec\u00eda una f\u00f3rmula para mantener su argentinidad en su propio tierra, mientras lleva <b>m\u00e1s de dos d\u00e9cadas instalado en Francia<\/b>, donde en 2005 abri\u00f3 su restaurante en Menton, a apenas 10 metros del puesto transfronterizo de Italia.<\/p>\n<p><b>Carolina Colagreco<\/b>, notaria de profesi\u00f3n que dej\u00f3 su carrera para entrar en el sector gastron\u00f3mico, es quien gestiona el d\u00eda a d\u00eda de este <b>formato <\/b><b>de hamburgueser\u00eda<\/b>. Con <b>5 locales en Argentina y 1 en Bruselas<\/b> \u2014unos son en propiedad y otros en franquicia\u2014, Carne es resultado del I+D de un chef que decidi\u00f3 idear un formato basado en el uso de <b>ingrediente<\/b>s frescos, org\u00e1nicos, de producci\u00f3n sostenible y estacionales llegados de <b>productores locales<\/b>: desde carne 100% de pastura con sistemas de ganader\u00eda controlada (vacas argentinas alimentadas con pasto y criadas en libertad en campos en los que se garantiza su trazabilidad); panceta \u201clibre de hormonas de crecimiento\u201d; vegetales 100% org\u00e1nicos (producci\u00f3n propia de vegetales o de \u201chuertas amigas\u201d, incluidos los tomates para salsas como su propio k\u00e9tchup); huevos de granja; patatas procedentes de un f\u00e1brica que provee a toda la cadena y frutas naturales.<\/p>\n<p>En este <b>bar de hamburguesas org\u00e1nicas,<\/b> la carta se basa en una decena de ingredientes (asociados a alg\u00fan productor concreto o el lugar de origen), 64 combinaciones posibles.<\/p>\n<p>Carne completa la oferta con desayunos y meriendas, aparte de l\u00edneas de productos como helados, gasesosas (refrescos), batidos saludables o cerveza artesanal propia. La carta se completa con lanzamientos de <b>ediciones limitadas de \u2018burgers\u2019<\/b> despachadas durante un breve periodo de tiempo.<span class=\"Apple-converted-space\">\u00a0<\/span> \u201cEs un <b>concepto <\/b><b>de hamburgueser\u00eda con todo \u2018bio\u2019 y org\u00e1nico<\/b>, con carnes puras\u201d, sostiene Mauro Colagreco.<\/p>\n<p>La cadena de hamburgueser\u00edas cuenta, adem\u00e1s, con<b> CarneLab<\/b>, como espacio de investigaci\u00f3n; <b>Academia Carne<\/b>, como espacio de formaci\u00f3n de sus equipos; y el \u2018foodtruck\u2019<b> CarneTruck<\/b> \u2014que ha funcionado en diversos eventos como la feria culinaria Masticar, en la incluso realiz\u00f3 en 2018 colaboraciones con colegas como el peruano Virgilio Mart\u00ednez que firm\u00f3 una receta de \u2018burger\u2019 incorporada despu\u00e9s temporales a la carta de los establecimientos\u2014.<\/p>\n<p><img decoding=\"async\" class=\"aligncenter size-large wp-image-61372\" src=\"https:\/\/www.gastroeconomy.com\/wp-content\/uploads\/2022\/07\/Carne_MauroColagreco_Argentina_2-1024x1024.jpg\" alt=\"\" width=\"1024\" height=\"1024\" srcset=\"https:\/\/www.gastroeconomy.com\/wp-content\/uploads\/2022\/07\/Carne_MauroColagreco_Argentina_2-1024x1024.jpg 1024w, https:\/\/www.gastroeconomy.com\/wp-content\/uploads\/2022\/07\/Carne_MauroColagreco_Argentina_2-150x150.jpg 150w, https:\/\/www.gastroeconomy.com\/wp-content\/uploads\/2022\/07\/Carne_MauroColagreco_Argentina_2-300x300.jpg 300w, https:\/\/www.gastroeconomy.com\/wp-content\/uploads\/2022\/07\/Carne_MauroColagreco_Argentina_2-768x768.jpg 768w, https:\/\/www.gastroeconomy.com\/wp-content\/uploads\/2022\/07\/Carne_MauroColagreco_Argentina_2-570x570.jpg 570w, https:\/\/www.gastroeconomy.com\/wp-content\/uploads\/2022\/07\/Carne_MauroColagreco_Argentina_2-500x500.jpg 500w, https:\/\/www.gastroeconomy.com\/wp-content\/uploads\/2022\/07\/Carne_MauroColagreco_Argentina_2-1000x1000.jpg 1000w, https:\/\/www.gastroeconomy.com\/wp-content\/uploads\/2022\/07\/Carne_MauroColagreco_Argentina_2-700x700.jpg 700w, https:\/\/www.gastroeconomy.com\/wp-content\/uploads\/2022\/07\/Carne_MauroColagreco_Argentina_2.jpg 1080w\" sizes=\"(max-width: 1024px) 100vw, 1024px\"\/><\/p>\n<h3>Empresa certificada<\/h3>\n<p>El modelo evolucion\u00f3 al reforzar su <b>estrategia de sostenibilidad<\/b>; primero, con <b>certificaciones <\/b>que avalan su propuesta (<b>\u2018Empresa B certificada con triple impacto positivo\u2019<\/b>, certificaci\u00f3n internacional otorgada por B Lab, que significa que, adem\u00e1s de generar un beneficio econ\u00f3mico, se genera impacto positivo desde el punto de vista medioambiental y social). A su vez, trabaja con empresas con este sello; por ejemplo, su carta de vinos incluye selecci\u00f3n de vinos de \u2018Bodegas B Certificadas\u2019. O detalles como que un amigo de la infancia de Mauro Colagreco, Sebasti\u00e1n P\u00e9rez, ide\u00f3 la receta de los panes, sin aditivos y amasados manualmente.<\/p>\n<p>Y, segundo, el chef plantea el modelo como \u201cuna <b>receta para alimentar un cambio<\/b>\u201d, bajo una tesis: \u201cCada vez que uno come decide el mundo en el que quiere vivir\u201d.<span class=\"Apple-converted-space\">\u00a0<\/span><\/p>\n<p>\u201cAprendimos mucho cuando comenzamos. Entramos en un nicho que, en Argentina, estaba inexplorado, en torno a lo org\u00e1nico y lo \u2018bio\u2019\u201d, argumentaba el chef al detallar el concepto, mientras cube<b> dise\u00f1ar las hamburguesas \u201cbajo un proceso parecido al que usamos para desarrollar nuevos platos en Mirazur\u201d<\/b>. As\u00ed, las recetas se ensayan y deciden en Francia para despu\u00e9s ejecutarlas con productos argentinos en sus tres sedes. Adem\u00e1s, aseguran que emplean \u201cprocesos \u00fanicos y t\u00e9cnicas de producci\u00f3n propias para cada uno de los productos\u201d. En todo caso, la thought es \u201ctraer la alta cocina hacia un producto simple, sencillo y asequible\u201d.<\/p>\n<p><img decoding=\"async\" class=\"aligncenter size-large wp-image-61369\" src=\"https:\/\/www.gastroeconomy.com\/wp-content\/uploads\/2022\/07\/Carne_MauroColagreco_Bruselas_2-768x1024.jpg\" alt=\"\" width=\"768\" height=\"1024\" srcset=\"https:\/\/www.gastroeconomy.com\/wp-content\/uploads\/2022\/07\/Carne_MauroColagreco_Bruselas_2.jpg 768w, https:\/\/www.gastroeconomy.com\/wp-content\/uploads\/2022\/07\/Carne_MauroColagreco_Bruselas_2-225x300.jpg 225w, https:\/\/www.gastroeconomy.com\/wp-content\/uploads\/2022\/07\/Carne_MauroColagreco_Bruselas_2-600x800.jpg 600w, https:\/\/www.gastroeconomy.com\/wp-content\/uploads\/2022\/07\/Carne_MauroColagreco_Bruselas_2-700x933.jpg 700w\" sizes=\"(max-width: 768px) 100vw, 768px\"\/><\/p>\n<h3>Crecimiento internacional<\/h3>\n<p>El <b>primer native<\/b> de Carne arranc\u00f3 en<b> <\/b><b>La Plata<\/b> \u2014su ciudad natal\u2014 y se conoce como <b>Casa Matriz<\/b>; le siguieron sedes en los <b>barrios porte\u00f1os de <\/b><b>Olivos y San Telmo<\/b>. \u201cEsto es carne. Esto es Mauro. Esto no es chatarra\u201d, defienden los establecimientos. Entre esos primeros 3 locales, llegaban a despachar en 2018 en whole un m\u00ednimo de 1.500 \u2018burgers\u2019 diarias.<\/p>\n<p>Despu\u00e9s, abri\u00f3 en <b>Mendoza<\/b>, <b>Las Lomitas<\/b> y<b> Parque Leloir<\/b> (ambos en la <b>provincia de Buenos Aires<\/b>), mientras cerr\u00f3 el native de San Telmo, al tiempo que ha comenzado <b>su expansi\u00f3n internacional<\/b>, con la apertura de un native de Carne en <b>Singapur <\/b>en febrero de 2021 y de otro en <b>Bruselas<\/b> en el oto\u00f1o de 2022 (dentro del \u2018food market\u2019 Gare Maritime -arriba en la imagen-).<\/p>\n<p><img decoding=\"async\" class=\"aligncenter size-large wp-image-61376\" src=\"https:\/\/www.gastroeconomy.com\/wp-content\/uploads\/2022\/07\/Gastroeconomy_Carne_MauroColagreco_MADRID_3-1024x768.jpg\" alt=\"\" width=\"1024\" height=\"768\" srcset=\"https:\/\/www.gastroeconomy.com\/wp-content\/uploads\/2022\/07\/Gastroeconomy_Carne_MauroColagreco_MADRID_3.jpg 1024w, https:\/\/www.gastroeconomy.com\/wp-content\/uploads\/2022\/07\/Gastroeconomy_Carne_MauroColagreco_MADRID_3-300x225.jpg 300w, https:\/\/www.gastroeconomy.com\/wp-content\/uploads\/2022\/07\/Gastroeconomy_Carne_MauroColagreco_MADRID_3-768x576.jpg 768w, https:\/\/www.gastroeconomy.com\/wp-content\/uploads\/2022\/07\/Gastroeconomy_Carne_MauroColagreco_MADRID_3-800x600.jpg 800w, https:\/\/www.gastroeconomy.com\/wp-content\/uploads\/2022\/07\/Gastroeconomy_Carne_MauroColagreco_MADRID_3-700x525.jpg 700w\" sizes=\"(max-width: 1024px) 100vw, 1024px\"\/><\/p>\n<h3>Socios en Carne Espa\u00f1a<\/h3>\n<p>Pero la <b>expansi\u00f3n internacional contin\u00faa<\/b> y mientras mira a pa\u00edses como Chile, la <b>llegada a Espa\u00f1a<\/b>, donde entrar\u00e1 en el mercado de las hamburguesas premium, ya cuenta con los pasos previos para materializar la apertura de su primer native y abordar un plan de crecimiento. <b>Mauro y Carolina Colagreco<\/b> se han aliado con<b> Nino Redruello<\/b>, chef y socio del grupo acquainted La Ancha (con negocios en Madrid y Barcelona como Fismuler, Las Tortillas de Gabino o el nuevo Molino de Pez), y <b>Patricia Mateo<\/b>, emprendedora, consultora y cofundadora de Mateo &amp; Co. (consultora especializada en advertising and marketing estrat\u00e9gico y \u2018branding\u2019 en alimentaci\u00f3n y gastronom\u00eda).<\/p>\n<p>Por ahora, se han asociado en <b>Carne Espa\u00f1a<\/b>, sociedad en la que la familia Colagreco tiene un 60%, Mateo un 30% a t\u00edtulo private y Redruello un 10%. El cocinero madrile\u00f1o se convierte en <b>socio native del argentino<\/b>, que as\u00ed se garantiza un aliado conocedor del sector hostelero madrile\u00f1o y espa\u00f1ol y puede apoyarle en la operativa del d\u00eda a d\u00eda de un negocio. Patricia Mateo se encarga de consultor\u00eda \u2014como realiza para otros clientes como, por ejemplo, HER, apertura en Madrid de Marco Carboni, chef italiano afincado en M\u00e9xico\u2014, en \u00e1mbitos como la <b>b\u00fasqueda de espacios<\/b> y la<b> selecci\u00f3n de proveedores<\/b> locales, entre los que ya est\u00e1n implicados <b>Discarlux<\/b> para suministrar carne, probablemente de su proyecto \u2018<b>Fisterra<\/b><b> Bovine World\u2019<\/b>; <b>Madreamiga<\/b>, que ya est\u00e1 elaborando el pan para las \u2018burgers\u2019 con la receta de Colagreco; o <b>Huerta de Aranjuez<\/b> para las verduras.<\/p>\n<p>Mientras, <b>Carolina Colagreco y su marido, Rafael Lima<\/b>, se mudar\u00e1n en oto\u00f1o a Madrid para hacerse cargo de las primeras aperturas. As\u00ed, la familia Colagreco <b>importar\u00e1 su filosof\u00eda al mercado espa\u00f1ol<\/b>, con una<b> selecci\u00f3n de proveedores locales<\/b> que repliquen el modelo de su pa\u00eds de origen.<\/p>\n<p>A su vez, <b>se crea otra sociedad como operadora (Carne Operadora) de los locales en Espa\u00f1a<\/b>, en la que Carne Espa\u00f1a tiene la mayor\u00eda del capital y donde entrar\u00e1n nuevos socios, a trav\u00e9s de una <b>ronda de financiaci\u00f3n<\/b> que arranca ahora para atraer inversores (entre los que podr\u00eda estar alguno de los proveedores).<\/p>\n<p>El plan es comenzar abriendo dos sedes de la hamburgueser\u00eda en c\u00e9ntricas ubicaciones de Madrid antes de last de a\u00f1o, para alcanzar unos 10 locales en 5 a\u00f1os, en principio, con la capital como prioridad y, despu\u00e9s, en alguna otra provincia todav\u00eda sin decidir.<\/p>\n<p>En concreto, buscan <b>dos tipos de locales<\/b>: unos de 30-50 plazas y otros m\u00e1s peque\u00f1os para reparto y recogida. Tendr\u00e1n el mismo interiorismo que en Argentina, apoyado en un interiorista<span class=\"Apple-converted-space\">\u00a0 <\/span>native que \u201csiga el criterio ya marcado\u201d, se\u00f1alan.<\/p>\n<p>Por ahora, <b>no est\u00e1n decididos los precios<\/b> de burgers, combos y otros platos que compondr\u00e1n la carta de Carne en Espa\u00f1a.<\/p>\n<p>Adem\u00e1s de Chile, <b>otros pa\u00edses<\/b> hacia los que Colagreco y sus socios apuntan para crecer son <b>B\u00e9lgica y Francia<\/b>.<\/p>\n<p><img decoding=\"async\" class=\"aligncenter size-large wp-image-61370\" src=\"https:\/\/www.gastroeconomy.com\/wp-content\/uploads\/2022\/07\/Carne_MauroColagreco_Argentina_BuenosAires_6-1024x683.jpg\" alt=\"\" width=\"1024\" height=\"683\" srcset=\"https:\/\/www.gastroeconomy.com\/wp-content\/uploads\/2022\/07\/Carne_MauroColagreco_Argentina_BuenosAires_6-1024x683.jpg 1024w, https:\/\/www.gastroeconomy.com\/wp-content\/uploads\/2022\/07\/Carne_MauroColagreco_Argentina_BuenosAires_6-300x200.jpg 300w, https:\/\/www.gastroeconomy.com\/wp-content\/uploads\/2022\/07\/Carne_MauroColagreco_Argentina_BuenosAires_6-768x512.jpg 768w, https:\/\/www.gastroeconomy.com\/wp-content\/uploads\/2022\/07\/Carne_MauroColagreco_Argentina_BuenosAires_6-700x467.jpg 700w\" sizes=\"(max-width: 1024px) 100vw, 1024px\"\/><\/p>\n<h3>Otros negocios de Mauro Colagreco<\/h3>\n<p>Mauro Colagreco a\u00f1ade as\u00ed un nuevo proyecto a su \u2018cartera\u2019 de restaurantes: <b>Mirazur<\/b>, <b>Casa Fuego<\/b>, la pizzer\u00eda <b>Pecora Negra<\/b> (con sede, adem\u00e1s, en Estrasburgo) y la panader\u00eda <b>Mitron Bakery<\/b>, en Menton (con una sede m\u00e1s en un mercado de M\u00f3naco); <b>Ceto<\/b>, nuevo restaurante abierto el pasado oto\u00f1o en el resort de lujo The Maybourne Riviera en Roquebrune-Cap-Martin, muy cerca de M\u00f3naco, del que depende <b>Riviera Playa<\/b>, chiringuito de lujo tambi\u00e9n dirigido por el chef; <b>Grand Coeur<\/b>, en Par\u00eds; <b>Ok by Mauro Colagreco, <\/b>formato de invierno que funciona en el Kulm Lodge St. Moritz; <b>Florie\u2019s<\/b>, en 4 Seasons Resort Palm Seaside, en Miami; <b>Azur by Mauro Colagreco<\/b>, en Shangri-La Beijing, en Pek\u00edn; y <b>Fiamma<\/b>, en Capella Singapore.<\/p>\n<p>Net de Carne<\/p>\n<p><i>Fuente de las fotos: Carne y Carne Espa\u00f1a.<\/i><\/p>\n<\/p><\/div>\n\n<p><em> \u2018 The preceding article may include information circulated by third parties \u2019 <\/em><\/p>\n<p><em> \u2018 Some details of this article were extracted from the following source www.gastroeconomy.com \u2019 <\/em><\/p>\n","protected":false},"excerpt":{"rendered":"<p>10 Jul 2022 Mauro Colagreco abrir\u00e1 su hamburgueser\u00eda Carne en Madrid Publicado por Marta Fern\u00e1ndez Guada\u00f1o a las 23:06h en Mauro COLAGRECO El chef argentino afincado en la Costa Azul se al\u00eda con el hostelero Nino Redruello y la consultora Patricia Mateo para instalar su formato de hamburgueser\u00eda en Madrid. Carne, con 5 locales en [&hellip;]<\/p>\n","protected":false},"author":2,"featured_media":349683,"comment_status":"open","ping_status":"closed","sticky":false,"template":"","format":"standard","meta":{"om_disable_all_campaigns":false,"jnews-multi-image_gallery":[],"jnews_single_post":[],"jnews_primary_category":[],"jnews_social_meta":[],"footnotes":""},"categories":[43],"tags":[],"class_list":["post-349682","post","type-post","status-publish","format-standard","has-post-thumbnail","hentry","category-gourmet"],"_links":{"self":[{"href":"https:\/\/dimensionturistica.com\/es\/wp-json\/wp\/v2\/posts\/349682","targetHints":{"allow":["GET"]}}],"collection":[{"href":"https:\/\/dimensionturistica.com\/es\/wp-json\/wp\/v2\/posts"}],"about":[{"href":"https:\/\/dimensionturistica.com\/es\/wp-json\/wp\/v2\/types\/post"}],"author":[{"embeddable":true,"href":"https:\/\/dimensionturistica.com\/es\/wp-json\/wp\/v2\/users\/2"}],"replies":[{"embeddable":true,"href":"https:\/\/dimensionturistica.com\/es\/wp-json\/wp\/v2\/comments?post=349682"}],"version-history":[{"count":0,"href":"https:\/\/dimensionturistica.com\/es\/wp-json\/wp\/v2\/posts\/349682\/revisions"}],"wp:featuredmedia":[{"embeddable":true,"href":"https:\/\/dimensionturistica.com\/es\/wp-json\/wp\/v2\/media\/349683"}],"wp:attachment":[{"href":"https:\/\/dimensionturistica.com\/es\/wp-json\/wp\/v2\/media?parent=349682"}],"wp:term":[{"taxonomy":"category","embeddable":true,"href":"https:\/\/dimensionturistica.com\/es\/wp-json\/wp\/v2\/categories?post=349682"},{"taxonomy":"post_tag","embeddable":true,"href":"https:\/\/dimensionturistica.com\/es\/wp-json\/wp\/v2\/tags?post=349682"}],"curies":[{"name":"wp","href":"https:\/\/api.w.org\/{rel}","templated":true}]}}