{"id":349640,"date":"2022-07-10T17:38:21","date_gmt":"2022-07-10T17:38:21","guid":{"rendered":"https:\/\/dimensionturistica.com\/es\/?p=349640"},"modified":"2022-07-10T17:38:21","modified_gmt":"2022-07-10T17:38:21","slug":"el-mejor-restaurante-del-mundo-podria-cerrar-temporalmente-tras-perder-dinero","status":"publish","type":"post","link":"https:\/\/dimensionturistica.com\/es\/el-mejor-restaurante-del-mundo-podria-cerrar-temporalmente-tras-perder-dinero\/","title":{"rendered":"El mejor restaurante del mundo podr\u00eda cerrar temporalmente tras perder dinero"},"content":{"rendered":"<p> <br \/>\n<\/p>\n<div>\n<p data-gtm-element-container=\"modulo-texto-link\" class=\"paragraph\">Ser el <strong>mejor restaurante <\/strong>del mundo gastron\u00f3micamente no va ligado con ser el <strong>mejor gestionado o m\u00e1s rentable<\/strong>. Ejemplo es el <strong>Noma<\/strong>, mejor restaurante del mundo de forma reiterada por el prestigioso rating de <strong>The World&#8217;s 50 Finest Eating places<\/strong>, que ahora atraviesa <strong>severos problemas financieros<\/strong>.<\/p>\n<p data-gtm-element-container=\"modulo-texto-link\" class=\"paragraph\">Y es que el restaurante de <strong>Ren\u00e9 Redzepi <\/strong>ha perdido dinero en el \u00faltimo a\u00f1o, seg\u00fan documento enviado a la Autoridad Comercial Danesa, que ha trascendido gracias a Bloomberg. En concreto, en 2021 las p\u00e9rdidas fueron de <strong>1,69 millones de coronas danesas (m\u00e1s de 227.000 euros)<\/strong>.\u00a0<\/p>\n<p><span class=\"content-ad-module \"><\/p>\n<p><span class=\"content-ad visible-xs roba-container  hidden-ad\"><span class=\"ad-unit roba\"><\/p>\n<p>                <\/span><\/span><span class=\"content-ad visible-md irr-container  hidden-ad\"><span class=\"ad-unit irr\"><\/p>\n<p>                <\/span><\/span><span class=\"content-html\"><span class=\"intext-md hidden-xs hidden-md\"> <\/span><\/span><\/span><span class=\"content-free-html  \"><span class=\"block-element container-center\"><\/p>\n<blockquote class=\"instagram-media\" data-instgrm-captioned=\"\" data-instgrm-version=\"6\" style=\"background: #FFF; border: 0; border-radius: 3px; box-shadow: 0 0 1px 0 rgba(0,&#10;0, 0, 0.5), 0 1px 10px 0 rgba(0, 0, 0, 0.15); margin: 1px; max-width: 658px; padding: 0;&#10;width: 99.375%; width: -webkit-calc(100% - 2px); width: calc(100% - 2px);\"><p>\n<span class=\"block-element\" style=\"padding: 8px;\"> <span class=\"block-element\" style=\"background: #F8F8F8; line-height: 0; margin-top: 40px; padding: 62.5%&#10;0; text-align: center; width: 100%;\"> <span class=\"block-element\" style=\"background:&#10;url(data:image\/png;base64,iVBORw0KGgoAAAANSUhEUgAAACwAAAAsCAMAAAApWqozAAAAGFBMVEUiIiI9PT0eH&#10;h4gIB4hIBkcHBwcHBwcHBydr+JQAAAACHRSTlMABA4YHyQsM5jtaMwAAADfSURBVDjL7ZVBEgMhCAQBAf\/\/&#10;42xcNbpAqakcM0ftUmFAAIBE81IqBJdS3lS6zs3bIpB9WED3YYXFPmHRfT8sgyrCP1x8uEUxLMzNWElFOYCV6mHWWwM&#10;zdPEKHlhLw7NWJqkHc4uIZphavDzA2JPzUDsBZziNae2S6owH8xPmX8G7zzgKEOPUoYHvGz1TBCxMkd3kwNVbU0gKHk&#10;x+iZILf77IofhrY1nYFnB\/lQPb79drWOyJVa\/DAvg9B\/rLB4cC+Nqgdz\/TvBbBnr6GBReqn\/&#10;nRmDgaQEej7WhonozjF+Y2I\/fZou\/qAAAAAElFTkSuQmCC); display: block; height: 44px; margin: 0&#10;auto -44px; position: relative; top: -22px; width: 44px;\"\/><br \/>\n<\/span><\/p>\n<p><\/span>\n<\/p><\/blockquote>\n<p><\/span><\/span><\/p>\n<p data-gtm-element-container=\"modulo-texto-link\" class=\"paragraph\">En 2020 registr\u00f3 ganancias, pero gracia a la <strong>ayuda de 10,9 millones de coronas danesas (m\u00e1s de 1.465 euros)<\/strong> del gobierno por la pandemia del coronavirus y sus consecuencias, como las restricciones.<\/p>\n<p data-gtm-element-container=\"modulo-texto-link\" class=\"paragraph\">\u201cDadas las circunstancias, el resultado y el desarrollo econ\u00f3mico de la empresa han sido <strong>satisfactorios<\/strong>\u201d, dijo Noma en su informe financiero de 2021. \u201cLa compa\u00f1\u00eda espera un <strong>mejor resultado para el pr\u00f3ximo a\u00f1o<\/strong>\u201d.<\/p>\n<p><span class=\"content-ad-module \"><\/p>\n<p><span class=\"content-ad visible-xs irr-container  hidden-ad\"><span class=\"ad-unit irr\"><\/p>\n<p>                <\/span><\/span><span class=\"content-html\"><span class=\"intext-xs hidden-xs hidden-md\"> <\/span><\/span><\/span><span class=\"content-related content-border related-double \" data-gtm-element-container=\"modulo-noticias-relacionadas\"><\/p>\n<p>    <span class=\"module-supra-title\"><\/p>\n<p>    <span>Lee tambi\u00e9n<\/span><\/span><\/p>\n<p><span class=\"related-double-module-container \"><\/p>\n<p>    <\/span><span class=\"related-double-module-container \"><\/p>\n<p>    <\/span><\/span><\/p>\n<p data-gtm-element-container=\"modulo-texto-link\" class=\"paragraph\">Cabe destacar que <strong>Noma ya no fue rentable en 2017<\/strong>. En esos momentos, el chef decidi\u00f3 cerrar temporalmente durante un a\u00f1o para <strong>renovar<\/strong>\u00a0el concepto del restaurante de Copenhague.<\/p>\n<p data-gtm-element-container=\"modulo-texto-link\" class=\"paragraph\">Ahora, sobre la mesa hay la posibilidad de <strong>volver a cerrar para coger otro rumbo<\/strong>. El mejor restaurante del mundo podr\u00eda echar el cierre con el objetivo de realizar una <strong>gira itinerante<\/strong> en distintos puntos del continente, para regresar ya de cara a 2023.<\/p>\n<p><span class=\"content-ad-module \"><\/p>\n<p><span class=\"content-ad visible-xs roba-container  hidden-ad\"><span class=\"ad-unit roba\"><\/p>\n<p>                <\/span><\/span><\/span><\/p>\n<p data-gtm-element-container=\"modulo-texto-link\" class=\"paragraph\">Redzepi ya avanz\u00f3 recientemente que <strong>tiene un plan <\/strong>en su mente desde hace tres a\u00f1os, confirmando que<strong> en oto\u00f1o e invierno volver\u00edan a viajar<\/strong>. &#8220;Cuando regresemos a Copenhague a principios de 2023, comenzaremos nuestro <strong>\u00faltimo a\u00f1o con Noma tal como lo conocemos<\/strong>&#8220;, detall\u00f3.<\/p>\n<p><span class=\"content-free-html  \"><span class=\"block-element container-center\"><\/p>\n<blockquote class=\"instagram-media\" data-instgrm-captioned=\"\" data-instgrm-version=\"6\" style=\"background: #FFF; border: 0; border-radius: 3px; box-shadow: 0 0 1px 0 rgba(0,&#10;0, 0, 0.5), 0 1px 10px 0 rgba(0, 0, 0, 0.15); margin: 1px; max-width: 658px; padding: 0;&#10;width: 99.375%; width: -webkit-calc(100% - 2px); width: calc(100% - 2px);\"><p>\n<span class=\"block-element\" style=\"padding: 8px;\"> <span class=\"block-element\" style=\"background: #F8F8F8; line-height: 0; margin-top: 40px; padding: 62.5%&#10;0; text-align: center; width: 100%;\"> <span class=\"block-element\" style=\"background:&#10;url(data:image\/png;base64,iVBORw0KGgoAAAANSUhEUgAAACwAAAAsCAMAAAApWqozAAAAGFBMVEUiIiI9PT0eH&#10;h4gIB4hIBkcHBwcHBwcHBydr+JQAAAACHRSTlMABA4YHyQsM5jtaMwAAADfSURBVDjL7ZVBEgMhCAQBAf\/\/&#10;42xcNbpAqakcM0ftUmFAAIBE81IqBJdS3lS6zs3bIpB9WED3YYXFPmHRfT8sgyrCP1x8uEUxLMzNWElFOYCV6mHWWwM&#10;zdPEKHlhLw7NWJqkHc4uIZphavDzA2JPzUDsBZziNae2S6owH8xPmX8G7zzgKEOPUoYHvGz1TBCxMkd3kwNVbU0gKHk&#10;x+iZILf77IofhrY1nYFnB\/lQPb79drWOyJVa\/DAvg9B\/rLB4cC+Nqgdz\/TvBbBnr6GBReqn\/&#10;nRmDgaQEej7WhonozjF+Y2I\/fZou\/qAAAAAElFTkSuQmCC); display: block; height: 44px; margin: 0&#10;auto -44px; position: relative; top: -22px; width: 44px;\"\/><br \/>\n<\/span><\/p>\n<p><\/span>\n<\/p><\/blockquote>\n<p><\/span><\/span><\/p>\n<p data-gtm-element-container=\"modulo-texto-link\" class=\"paragraph\">Por otro lado, en declaraciones a Expansi\u00f3n, avanz\u00f3 tambi\u00e9n que quer\u00eda tener <strong>dos Nomas<\/strong>, situando el segundo en un sitio donde en invierno pueda <strong>evitar el fr\u00edo del norte de Europa<\/strong>.<\/p>\n<p><span class=\"content-ad-module \"><\/p>\n<p><span class=\"content-ad visible-xs roba-container  hidden-ad\"><span class=\"ad-unit roba\"><\/p>\n<p>                <\/span><\/span><\/span>\n<\/div>\n<p><script type=\"script\/gg\">\ngg.didomi.doWhenConsent(!window.didomiBypass, 'c:facebooka-frU9M5JY', function () {\nconsole.log('facebook-ad-def');\n!function(f,b,e,v,n,t,s)\n{if(f.fbq)return;n=f.fbq=function(){n.callMethod?\nn.callMethod.apply(n,arguments):n.queue.push(arguments)};\nif(!f._fbq)f._fbq=n;n.push=n;n.loaded=!0;n.version='2.0';\nn.queue=[];t=b.createElement(e);t.async=!0;\nt.src=v;s=b.getElementsByTagName(e)[0];\ns.parentNode.insertBefore(t,s)}(window, document,'script',\n'https:\/\/connect.facebook.net\/en_US\/fbevents.js');\nfbq('init', '682047071976590');\nfbq('track', 'PageView');\n});\n<\/script><br \/>\n<br \/><\/p>\n<p><em> \u2018 The preceding article may include information circulated by third parties \u2019 <\/em><\/p>\n<p><em> \u2018 Some details of this article were extracted from the following source www.mundodeportivo.com \u2019 <\/em><\/p>\n","protected":false},"excerpt":{"rendered":"<p>Ser el mejor restaurante del mundo gastron\u00f3micamente no va ligado con ser el mejor gestionado o m\u00e1s rentable. Ejemplo es el Noma, mejor restaurante del mundo de forma reiterada por el prestigioso rating de The World&#8217;s 50 Finest Eating places, que ahora atraviesa severos problemas financieros. Y es que el restaurante de Ren\u00e9 Redzepi ha [&hellip;]<\/p>\n","protected":false},"author":2,"featured_media":349641,"comment_status":"open","ping_status":"closed","sticky":false,"template":"","format":"standard","meta":{"om_disable_all_campaigns":false,"jnews-multi-image_gallery":[],"jnews_single_post":[],"jnews_primary_category":[],"jnews_social_meta":[],"footnotes":""},"categories":[43],"tags":[],"class_list":["post-349640","post","type-post","status-publish","format-standard","has-post-thumbnail","hentry","category-gourmet"],"_links":{"self":[{"href":"https:\/\/dimensionturistica.com\/es\/wp-json\/wp\/v2\/posts\/349640","targetHints":{"allow":["GET"]}}],"collection":[{"href":"https:\/\/dimensionturistica.com\/es\/wp-json\/wp\/v2\/posts"}],"about":[{"href":"https:\/\/dimensionturistica.com\/es\/wp-json\/wp\/v2\/types\/post"}],"author":[{"embeddable":true,"href":"https:\/\/dimensionturistica.com\/es\/wp-json\/wp\/v2\/users\/2"}],"replies":[{"embeddable":true,"href":"https:\/\/dimensionturistica.com\/es\/wp-json\/wp\/v2\/comments?post=349640"}],"version-history":[{"count":0,"href":"https:\/\/dimensionturistica.com\/es\/wp-json\/wp\/v2\/posts\/349640\/revisions"}],"wp:featuredmedia":[{"embeddable":true,"href":"https:\/\/dimensionturistica.com\/es\/wp-json\/wp\/v2\/media\/349641"}],"wp:attachment":[{"href":"https:\/\/dimensionturistica.com\/es\/wp-json\/wp\/v2\/media?parent=349640"}],"wp:term":[{"taxonomy":"category","embeddable":true,"href":"https:\/\/dimensionturistica.com\/es\/wp-json\/wp\/v2\/categories?post=349640"},{"taxonomy":"post_tag","embeddable":true,"href":"https:\/\/dimensionturistica.com\/es\/wp-json\/wp\/v2\/tags?post=349640"}],"curies":[{"name":"wp","href":"https:\/\/api.w.org\/{rel}","templated":true}]}}