{"id":348382,"date":"2022-07-09T23:06:08","date_gmt":"2022-07-09T23:06:08","guid":{"rendered":"https:\/\/dimensionturistica.com\/es\/?p=348382"},"modified":"2022-07-09T23:06:08","modified_gmt":"2022-07-09T23:06:08","slug":"recesion-2022-nueva-amenaza-para-el-turismo-en-mexico","status":"publish","type":"post","link":"https:\/\/dimensionturistica.com\/es\/recesion-2022-nueva-amenaza-para-el-turismo-en-mexico\/","title":{"rendered":"Recesi\u00f3n 2022, nueva amenaza para el turismo en M\u00e9xico"},"content":{"rendered":"<p> <br \/>\n<\/p>\n<div>\n<p>M\u00e9xico.- Al ser una actividad no de primera necesidad, el <a rel=\"nofollow noopener\" target=\"_blank\" href=\"https:\/\/www.debate.com.mx\/seccion\/viajes\/\">turismo<\/a> es la primera industria que se ve afectada ante las disaster, es por ello que los expertos en el tema prev\u00e9n que, de nueva cuenta, los servicios tur\u00edsticos vuelvan a <strong>verse perjudicados<\/strong>, ahora por la <strong>recesi\u00f3n econ\u00f3mica<\/strong>.<\/p>\n<p>Con el arribo y la expansi\u00f3n de la <strong>pandemia de Covid-19<\/strong> en el mundo, el sector de servicios tur\u00edsticos fue el que m\u00e1s afectaci\u00f3n sufri\u00f3 al cerrarse los pa\u00edses a viajes no esenciales y al imponerse limitaciones en espacios de esparcimiento. Ahora, luego de superar las disaster que gener\u00f3 la contingencia sanitaria, una nueva amenaza viene para el sector terciario.<\/p>\n<p>De acuerdo a la especialista en turismo internacional y creadora de la <strong>marca CDMX<\/strong>, Irene Mu\u00f1oz, hizo hincapie en que aunque en estos momentos no se puede prever cu\u00e1l ser\u00e1 la disaster que generar\u00e1 la recesi\u00f3n econ\u00f3mica, el pa\u00eds se debe preparar para hacerle frente.<\/p>\n<p>\u201cViene una recesi\u00f3n. \u00bfCu\u00e1l es la industria primera que se sacrifica? La tur\u00edstica. Es la primera porque es un bien que no es necesario, no lo requieres para vivir, no lo requieres para seguir trabajando y s\u00ed te genera un gasto. Ahorita no podemos ver cu\u00e1l es la crisis que nos puede generar, porque esa va a venir y hay que prepararnos para ello\u201d, apunt\u00f3.<\/p>\n<p>Durante su participaci\u00f3n en el panel &#8220;Mejores pr\u00e1cticas en materia de promoci\u00f3n y desarrollo tur\u00edstico&#8221;, la excolaboradora de Professional M\u00e9xico sostuvo que, pese a que el pa\u00eds se debe preparar para la recesi\u00f3n, la <a rel=\"nofollow noopener\" target=\"_blank\" href=\"https:\/\/www.debate.com.mx\/covid-19-t706898\">quinta ola de Covid-19<\/a> en el territorio nacional tendr\u00e1 un impacto menor en esta temporada de vacaciones de verano 2022.<\/p>\n<p>\u201cSomos un pa\u00eds abierto, es verano, est\u00e1n vendidos hoteles, aviones y siempre hay cancelaciones para las personas que se enfermen antes de salir; sin embargo, no hay que dormirnos en los laureles y prepararnos para la siguiente crisis que va a ser la recesi\u00f3n\u201d, sentenci\u00f3.<\/p>\n<p>En tanto, en este mismo tenor, la directora basic de <strong>Model USA en M\u00e9xico y Latinoam\u00e9rica<\/strong>, Lourdes Bertho, destac\u00f3 que para este \u00e9poca de vacaciones los hoteles y destinos tur\u00edsticos de la naci\u00f3n se encuentran llenos, al tiempo que pronostic\u00f3 que las cancelaciones ser\u00e1n m\u00ednimas.<\/p>\n<p><strong>Te recomendamos leer:<\/strong><\/p>\n<p>\u201cLa informaci\u00f3n de clientes en M\u00e9xico tanto de hoteles como destinos, est\u00e1n llenos para el verano; las cancelaciones ser\u00e1n espor\u00e1dicas y creo que ha ayudado el modelo de seguro de viaje implementado por l\u00edneas a\u00e9reas y hoteles, el cual ha permitido ser m\u00e1s \u00e1giles en cancelaciones de \u00faltimo momento\u201d, refiri\u00f3 durante el \u00faltimo d\u00eda de las Juntas Binacionales llevadas a cabo por la Confederaci\u00f3n Patronal de la Rep\u00fablica Mexicana (<strong>Coparmex<\/strong>).<\/p>\n<div class=\"ck-video-player\"> <amp-iframe width=\"640\" height=\"360\" sandbox=\"allow-scripts allow-same-origin allow-presentation\" allowfullscreen=\"\" frameborder=\"0\" layout=\"responsive\" src=\"https:\/\/iframe.debate.com.mx\/ajax\/get_share_video.html?id=\/videos\/video-flash\/2022\/01\/22\/asx_disfrutan_los_madrilexos_las_grandes_historias_que_se_viven_en_guanajuato_mexicoenfitur_fitur2022.mp4\" class=\"i-amphtml-layout-responsive i-amphtml-layout-size-defined\" i-amphtml-layout=\"responsive\"><i-amphtml-sizer style=\"display:block;padding-top:56.25%\"\/> <amp-img src=\"https:\/\/www.debate.com.mx\/img\/2022\/01\/22\/borrar_2.jpg\" layout=\"fill\" placeholder=\"\" class=\"i-amphtml-layout-fill i-amphtml-layout-size-defined\" i-amphtml-layout=\"fill\"\/> <\/amp-iframe><figcaption> Guanajuato se hace presente en la FITUR 2022 de Espa\u00f1a <\/figcaption><\/div>\n<\/div>\n\n<p><em> &#8221; Fuentes www.debate.com.mx &#8221; <\/em><\/p>\n","protected":false},"excerpt":{"rendered":"<p>M\u00e9xico.- Al ser una actividad no de primera necesidad, el turismo es la primera industria que se ve afectada ante las disaster, es por ello que los expertos en el tema prev\u00e9n que, de nueva cuenta, los servicios tur\u00edsticos vuelvan a verse perjudicados, ahora por la recesi\u00f3n econ\u00f3mica. Con el arribo y la expansi\u00f3n de [&hellip;]<\/p>\n","protected":false},"author":4,"featured_media":348383,"comment_status":"open","ping_status":"closed","sticky":false,"template":"","format":"standard","meta":{"om_disable_all_campaigns":false,"jnews-multi-image_gallery":[],"jnews_single_post":[],"jnews_primary_category":[],"jnews_social_meta":[],"footnotes":""},"categories":[39],"tags":[769,544,545],"class_list":["post-348382","post","type-post","status-publish","format-standard","has-post-thumbnail","hentry","category-viajes","tag-mexico","tag-turismo","tag-viajes"],"_links":{"self":[{"href":"https:\/\/dimensionturistica.com\/es\/wp-json\/wp\/v2\/posts\/348382","targetHints":{"allow":["GET"]}}],"collection":[{"href":"https:\/\/dimensionturistica.com\/es\/wp-json\/wp\/v2\/posts"}],"about":[{"href":"https:\/\/dimensionturistica.com\/es\/wp-json\/wp\/v2\/types\/post"}],"author":[{"embeddable":true,"href":"https:\/\/dimensionturistica.com\/es\/wp-json\/wp\/v2\/users\/4"}],"replies":[{"embeddable":true,"href":"https:\/\/dimensionturistica.com\/es\/wp-json\/wp\/v2\/comments?post=348382"}],"version-history":[{"count":0,"href":"https:\/\/dimensionturistica.com\/es\/wp-json\/wp\/v2\/posts\/348382\/revisions"}],"wp:featuredmedia":[{"embeddable":true,"href":"https:\/\/dimensionturistica.com\/es\/wp-json\/wp\/v2\/media\/348383"}],"wp:attachment":[{"href":"https:\/\/dimensionturistica.com\/es\/wp-json\/wp\/v2\/media?parent=348382"}],"wp:term":[{"taxonomy":"category","embeddable":true,"href":"https:\/\/dimensionturistica.com\/es\/wp-json\/wp\/v2\/categories?post=348382"},{"taxonomy":"post_tag","embeddable":true,"href":"https:\/\/dimensionturistica.com\/es\/wp-json\/wp\/v2\/tags?post=348382"}],"curies":[{"name":"wp","href":"https:\/\/api.w.org\/{rel}","templated":true}]}}