{"id":348376,"date":"2022-07-09T22:41:22","date_gmt":"2022-07-09T22:41:22","guid":{"rendered":"https:\/\/dimensionturistica.com\/es\/?p=348376"},"modified":"2022-07-09T22:41:22","modified_gmt":"2022-07-09T22:41:22","slug":"que-requisitos-de-viaje-necesita-para-entrar-al-pais","status":"publish","type":"post","link":"https:\/\/dimensionturistica.com\/es\/que-requisitos-de-viaje-necesita-para-entrar-al-pais\/","title":{"rendered":"\u00bfqu\u00e9 requisitos de viaje necesita para entrar al pa\u00eds?"},"content":{"rendered":"<p> <br \/>\n<\/p>\n<div id=\"\">\n<div class=\"ImageArticle-Container    \">\n<div class=\"ImageArticle-ImageFrame\"><picture><source class=\"ImageArticle-Image\" srcset=\"https:\/\/www.elespectador.com\/resizer\/BywB7-N198RBBIy7egmXrheIols=\/393x261\/filters:format(jpeg)\/cloudfront-us-east-1.images.arcpublishing.com\/elespectador\/2F5FCNZJ3FBWLGVB25G3WMVFJ4.jpg\" media=\"(max-width: 425px)\"\/><source class=\"ImageArticle-Image\" srcset=\"https:\/\/www.elespectador.com\/resizer\/YNXZDtvxYTFBl-lJLDOcf_dENB8=\/568x378\/filters:format(jpeg)\/cloudfront-us-east-1.images.arcpublishing.com\/elespectador\/2F5FCNZJ3FBWLGVB25G3WMVFJ4.jpg\" media=\"(max-width: 600px)\"\/><source class=\"ImageArticle-Image\" srcset=\"https:\/\/www.elespectador.com\/resizer\/2zk-LHcYcgZ5IR0UL_kQqz-AUM0=\/968x645\/filters:format(jpeg)\/cloudfront-us-east-1.images.arcpublishing.com\/elespectador\/2F5FCNZJ3FBWLGVB25G3WMVFJ4.jpg\" media=\"(max-width: 1199px)\"\/><source class=\"ImageArticle-Image\" srcset=\"https:\/\/www.elespectador.com\/resizer\/lOdNCQgrqRHLVQNB4rCiYUXIj44=\/525x350\/filters:format(jpeg)\/cloudfront-us-east-1.images.arcpublishing.com\/elespectador\/2F5FCNZJ3FBWLGVB25G3WMVFJ4.jpg\" media=\"(max-width: 1200px)\"\/><img decoding=\"async\" class=\"ImageArticle-Image\" src=\"https:\/\/www.elespectador.com\/resizer\/lOdNCQgrqRHLVQNB4rCiYUXIj44=\/525x350\/filters:format(jpeg)\/cloudfront-us-east-1.images.arcpublishing.com\/elespectador\/2F5FCNZJ3FBWLGVB25G3WMVFJ4.jpg\" alt=\"Granada, Espa\u00f1a, cuenta con uno de los atardeceres m\u00e1s bonitos del mundo. \"\/><\/picture><\/div>\n<div class=\"ImageArticle-ContainerText\">\n<p>Granada, Espa\u00f1a, cuenta con uno de los atardeceres m\u00e1s bonitos del mundo. <\/p>\n<p>Foto: Cortes\u00eda Civitatis<\/p>\n<\/div>\n<\/div>\n<p class=\"font--secondary\">Los <b>viajes<\/b> son una parte indispensable de la vida de las personas, pues permiten conocer nuevas culturas, disfrutar de otros espacios y relacionarse con personas de todo tipo.<\/p>\n<p class=\"font--secondary\"><b>Espa\u00f1a<\/b> es uno de los pa\u00edses m\u00e1s apetecidos por los colombianos, pues gracias a su belleza estructural, sus playas y cultura, las personas escogen este destino como uno de los preferidos en Europa.<\/p>\n<p class=\"font--secondary\">Actualmente, este pa\u00eds permite el ingreso de turistas dentro de su territorio sin la necesidad de visa, sin embargo, desde el 2023, los colombianos deber\u00e1n solicitar otro <b>documento adicional<\/b> con el que podr\u00e1 garantizar su ingreso al pa\u00eds.<\/p>\n<p class=\"font--secondary\">Planee su viaje con <a rel=\"nofollow noopener\" target=\"_blank\" href=\"https:\/\/www.descuentos.elespectador.com\/viajes?utm_medium=hipervinculo&amp;utm_campaign=seo_referrer&amp;utm_content=descuentos\">Descuentos El Espectador<\/a>, adquiera tiquetes de vuelo con empresas reconocidas y asegure tambi\u00e9n su hospedaje con <b>cupones de oferta<\/b> para todo lo que necesita durante su viaje.<\/p>\n<p class=\"font--secondary\"><b>(Tambi\u00e9n puede leer:<\/b><a rel=\"nofollow noopener\" target=\"_blank\" href=\"https:\/\/www.elespectador.com\/turismo\/vacaciones-de-mitad-de-ano-cuales-son-los-paises-que-mas-visitan-los-colombianos\/\"><i> Vacaciones de mitad de a\u00f1o: estos son los pa\u00edses que m\u00e1s visitan los colombianos)<\/i><\/a><\/p>\n<h2 class=\"font--primary\"><b>\u00bfCu\u00e1les son los requisitos para ingresar a este pa\u00eds?<\/b><\/h2>\n<p class=\"font--secondary\">De acuerdo con el <b>portal visa Europa<\/b>, los requisitos para entrar a Espa\u00f1a dependen del tiempo que usted vaya a pasar dentro del pa\u00eds, as\u00ed tambi\u00e9n, la Canciller\u00eda colombiana, hace la aclaraci\u00f3n sobre este tema, pues gracias al acuerdo de exenci\u00f3n suscrito por los pa\u00edses que conforman la Uni\u00f3n Europea, incluido Espa\u00f1a, permite que \u201clos colombianos puedan viajar sin necesidad de solicitar una visa, a 26 de los 28 pa\u00edses que conforman la Uni\u00f3n Europea, por un tiempo m\u00e1ximo de 90 d\u00edas, continuos o no, dentro de un periodo de 180 de d\u00edas.\u201d, afirma la Canciller\u00eda.<\/p>\n<p class=\"font--secondary\">As\u00ed, los requisitos espec\u00edficos para permitirle el ingreso a Espa\u00f1a son:<\/p>\n<ol class=\"\">\n<li><span>Presentar en la frontera los documentos reglamentarios relacionados con el prop\u00f3sito de su estancia en el pa\u00eds.<\/span><\/li>\n<li><span>Demostrar los medios de subsistencia y condiciones de alojamiento dentro de Espa\u00f1a.<\/span><\/li>\n<li><span>Contar con un pasaporte de viaje vigente y v\u00e1lido.<\/span><\/li>\n<li><span>Tiquetes de regreso que confirmen el regreso al pa\u00eds de procedencia.<\/span><\/li>\n<li><span>Justificaci\u00f3n del motivo de visita al pa\u00eds.<\/span><\/li>\n<li><span>No estar reportado en el sistema de alertas de inadmisi\u00f3n emitidas por el Sistema de Informaci\u00f3n Schengen.<\/span><\/li>\n<li><span>No ser considerado como una amenaza para el orden p\u00fablico, la seguridad inside, la salud p\u00fablica o las relaciones internacionales de cualquiera de los Estados Miembro.<\/span><\/li>\n<\/ol>\n<p class=\"font--secondary\">Recuerde que el derecho a ingresar al pa\u00eds, depende \u00fanicamente del Estado Miembro al que se dirige, pues, <b>esta exenci\u00f3n de visa <\/b>no representa un derecho autom\u00e1tico de ingreso y estancia.<\/p>\n<p class=\"font--secondary\"><b>(Tambi\u00e9n puede leer: <\/b><a rel=\"nofollow noopener\" target=\"_blank\" href=\"https:\/\/www.elespectador.com\/actualidad\/estados-unidos-chile-italia-los-paises-que-pagan-por-irse-a-vivir-alla\/\"><b>Estados Unidos, Chile, Italia: los pa\u00edses que pagan por irse a vivir all\u00e1<\/b><\/a><b>)<\/b><\/p>\n<h2 class=\"font--primary\"><b>\u00bfPuede trabajar durante su estad\u00eda en Espa\u00f1a?<\/b><\/h2>\n<p class=\"font--secondary\">No, recuerde que este permiso de entrada, por medio de la exenci\u00f3n de la visa, es \u00fanicamente v\u00e1lido para un tiempo de estad\u00eda corto, no mayor a 90 d\u00edas continuos, por ende, el trabajo en el pa\u00eds miembro, no ser\u00e1 permitido.<\/p>\n<p class=\"font--secondary\"><b>(Tambi\u00e9n puede leer: <\/b><a rel=\"nofollow noopener\" target=\"_blank\" href=\"https:\/\/www.elespectador.com\/actualidad\/estudiar-y-trabajar-en-australia-es-posible-para-los-colombianos\/\"><b>Estudiar y trabajar en Australia, \u00bfes posible para los colombianos?<\/b><\/a><b>)<\/b><\/p>\n<p class=\"font--secondary\">Las actividades permitidas durante su estad\u00eda en Espa\u00f1a, o cualquier otro pa\u00eds de la Uni\u00f3n Europea, y con la vigente exenci\u00f3n de visa, son:<\/p>\n<ol class=\"\">\n<li><span>Turismo.<\/span><\/li>\n<li><span>Visitas cortas a amigos o familiares.<\/span><\/li>\n<li><span>Asistencia a eventos.<\/span><\/li>\n<li><span>Intercambios culturales.<\/span><\/li>\n<li><span>Intercambios deportivos.<\/span><\/li>\n<li><span>Reuniones de negocios.<\/span><\/li>\n<li><span>Cubrimientos period\u00edsticos o de medios de comunicaci\u00f3n.<\/span><\/li>\n<li><span>Tratamientos m\u00e9dicos.<\/span><\/li>\n<li><span>Estudios a corto plazo.<\/span><\/li>\n<\/ol>\n<p class=\"font--secondary\">Pedir trabajo o realizar actividades remuneradas dentro del pa\u00eds, puede acarrear consecuencias en medio de su viaje.<\/p>\n<h2 class=\"font--primary\"><b>Permiso <\/b><a rel=\"nofollow noopener\" target=\"_blank\" href=\"https:\/\/www.etiasvisa.com\/es\"><b>ETIAS<\/b><\/a><b>, nuevos requerimientos para 2023<\/b><\/h2>\n<p class=\"font--secondary\">De acuerdo con los nuevos lineamientos de la Uni\u00f3n Europea, y con el fin de proteger la seguridad de los Estados Miembro, el <b>permiso ETIAS <\/b>deber\u00e1 ser presentado obligatoriamente a partir del a\u00f1o 2023, recordando siempre que no se trata de una visa, sino de un permiso de circulaci\u00f3n.<\/p>\n<p class=\"font--secondary\">Este permiso tendr\u00e1 una validez de tres a\u00f1os y le permitir\u00e1 a los ciudadanos colombianos visitar cualquiera de los pa\u00edses europeos que conforman parte de la zona Schengen.<\/p>\n<p class=\"font--secondary\">\u201cUno de los objetivos principales es que el permiso ETIAS contribuya a la seguridad de las fronteras europeas\u201d, afirma ETIAS, en su p\u00e1gina oficial.<\/p>\n<h2 class=\"font--primary\"><b>Colombianos en Espa\u00f1a<\/b><\/h2>\n<p class=\"font--secondary\">De acuerdo con un informe publicado por Statista, el whole de colombianos en Espa\u00f1a para octubre de 2021, period de 297.934 personas, lo que a comparaci\u00f3n del a\u00f1o directamente anterior, represent\u00f3 un aumento del 14 %.<\/p>\n<p class=\"font--secondary\">Recuerde que para planear su viaje y adquirir con seguridad sus tiquetes de vuelo, lo puede hacer con <a rel=\"nofollow noopener\" target=\"_blank\" href=\"https:\/\/www.descuentos.elespectador.com\/viajes?utm_medium=hipervinculo&amp;utm_campaign=seo_referrer&amp;utm_content=descuentos\">Descuentos El Espectador<\/a>, la plataforma que le da acceso a cupones de oferta en aerol\u00edneas reconocidas en el pa\u00eds.<\/p>\n<p class=\"font--secondary\">&#x1f440;&#x1f30e;&#x1f4c4; \u00bfYa est\u00e1 enterado de las \u00faltimas noticias del turismo en Colombia y en el mundo? Lo invitamos a verlas en <a rel=\"nofollow noopener\" target=\"_blank\" href=\"https:\/\/www.elespectador.com\/turismo\/\">El Espectador<\/a>.<\/p>\n<\/div>\n\n<p><em> &#8221; Fuentes www.elespectador.com &#8221; <\/em><\/p>\n","protected":false},"excerpt":{"rendered":"<p>Granada, Espa\u00f1a, cuenta con uno de los atardeceres m\u00e1s bonitos del mundo. Foto: Cortes\u00eda Civitatis Los viajes son una parte indispensable de la vida de las personas, pues permiten conocer nuevas culturas, disfrutar de otros espacios y relacionarse con personas de todo tipo. Espa\u00f1a es uno de los pa\u00edses m\u00e1s apetecidos por los colombianos, pues [&hellip;]<\/p>\n","protected":false},"author":4,"featured_media":348377,"comment_status":"open","ping_status":"closed","sticky":false,"template":"","format":"standard","meta":{"om_disable_all_campaigns":false,"jnews-multi-image_gallery":[],"jnews_single_post":[],"jnews_primary_category":[],"jnews_social_meta":[],"footnotes":""},"categories":[39],"tags":[770],"class_list":["post-348376","post","type-post","status-publish","format-standard","has-post-thumbnail","hentry","category-viajes","tag-espana"],"_links":{"self":[{"href":"https:\/\/dimensionturistica.com\/es\/wp-json\/wp\/v2\/posts\/348376","targetHints":{"allow":["GET"]}}],"collection":[{"href":"https:\/\/dimensionturistica.com\/es\/wp-json\/wp\/v2\/posts"}],"about":[{"href":"https:\/\/dimensionturistica.com\/es\/wp-json\/wp\/v2\/types\/post"}],"author":[{"embeddable":true,"href":"https:\/\/dimensionturistica.com\/es\/wp-json\/wp\/v2\/users\/4"}],"replies":[{"embeddable":true,"href":"https:\/\/dimensionturistica.com\/es\/wp-json\/wp\/v2\/comments?post=348376"}],"version-history":[{"count":0,"href":"https:\/\/dimensionturistica.com\/es\/wp-json\/wp\/v2\/posts\/348376\/revisions"}],"wp:featuredmedia":[{"embeddable":true,"href":"https:\/\/dimensionturistica.com\/es\/wp-json\/wp\/v2\/media\/348377"}],"wp:attachment":[{"href":"https:\/\/dimensionturistica.com\/es\/wp-json\/wp\/v2\/media?parent=348376"}],"wp:term":[{"taxonomy":"category","embeddable":true,"href":"https:\/\/dimensionturistica.com\/es\/wp-json\/wp\/v2\/categories?post=348376"},{"taxonomy":"post_tag","embeddable":true,"href":"https:\/\/dimensionturistica.com\/es\/wp-json\/wp\/v2\/tags?post=348376"}],"curies":[{"name":"wp","href":"https:\/\/api.w.org\/{rel}","templated":true}]}}