{"id":348107,"date":"2022-07-09T14:47:46","date_gmt":"2022-07-09T14:47:46","guid":{"rendered":"https:\/\/dimensionturistica.com\/es\/?p=348107"},"modified":"2022-07-09T14:47:46","modified_gmt":"2022-07-09T14:47:46","slug":"tag-airlines-fortalece-su-flota-aerea-con-el-arribo-de-su-primer-avion-atr-72-500","status":"publish","type":"post","link":"https:\/\/dimensionturistica.com\/es\/tag-airlines-fortalece-su-flota-aerea-con-el-arribo-de-su-primer-avion-atr-72-500\/","title":{"rendered":"TAG Airlines fortalece su flota a\u00e9rea, con el arribo de su primer avi\u00f3n ATR 72-500"},"content":{"rendered":"<p><img decoding=\"async\" class=\"size-medium wp-image-348110 alignright\" src=\"https:\/\/dimensionturistica.com\/es\/wp-content\/uploads\/2022\/07\/unnamed-1-3-300x200.jpg\" alt=\"\" width=\"300\" height=\"200\" srcset=\"https:\/\/dimensionturistica.com\/es\/wp-content\/uploads\/2022\/07\/unnamed-1-3-300x200.jpg 300w, https:\/\/dimensionturistica.com\/es\/wp-content\/uploads\/2022\/07\/unnamed-1-3-768x512.jpg 768w, https:\/\/dimensionturistica.com\/es\/wp-content\/uploads\/2022\/07\/unnamed-1-3-750x500.jpg 750w, https:\/\/dimensionturistica.com\/es\/wp-content\/uploads\/2022\/07\/unnamed-1-3.jpg 1024w\" sizes=\"(max-width: 300px) 100vw, 300px\" \/>TAG Airlines, la aerol\u00ednea bandera de Guatemala y del Mundo Maya, fortalece su flota a\u00e9rea con la incorporaci\u00f3n de la primera aeronave ATR 72-500, considerada la m\u00e1s eficiente, ecol\u00f3gica y segura del mercado, que permitir\u00e1 a la empresa continuar con la estrategia de ampliar la conectividad a\u00e9rea en Centroam\u00e9rica y el sur-sureste de M\u00e9xico.<br \/>\nProcedente de Toulouse, Francia, la aeronave arrib\u00f3 al Aeropuerto Internacional La Aurora de la Ciudad de Guatemala, donde fue recibida con el tradicional arco de agua, ante la presencia de Anayansi Rodr\u00edguez, Directora del Instituto Guatemalteco de Turismo; H\u00e9ctor Adolfo Aldana Reyes, Viceministro de Transporte del Ministerio de Comunicaciones; Mynor Alfonso de la Rosa Palacios, Secretario Privado de la Presidencia de la Rep\u00fablica; Francis Argueta, Director de Aeron\u00e1utica Civil de Guatemala, y Julio Estrada Valenzuela, Jefe de Seguridad del Aeropuerto Internacional La Aurora.<br \/>\nJulio Gamero, CEO de TAG Airlines, asegur\u00f3 que \u201cse trata de un avi\u00f3n con la m\u00e1s avanzada tecnolog\u00eda que permitir\u00e1 a la empresa continuar brindando el mejor servicio y comodidad a los pasajeros\u201d.<br \/>\nRecord\u00f3 que el pasado mes de marzo, TAG Airlines firm\u00f3 un hist\u00f3rico convenio con la empresa<img decoding=\"async\" class=\"size-medium wp-image-348108 alignright\" src=\"https:\/\/dimensionturistica.com\/es\/wp-content\/uploads\/2022\/07\/unnamed-6-300x200.jpg\" alt=\"\" width=\"300\" height=\"200\" srcset=\"https:\/\/dimensionturistica.com\/es\/wp-content\/uploads\/2022\/07\/unnamed-6-300x200.jpg 300w, https:\/\/dimensionturistica.com\/es\/wp-content\/uploads\/2022\/07\/unnamed-6-1024x683.jpg 1024w, https:\/\/dimensionturistica.com\/es\/wp-content\/uploads\/2022\/07\/unnamed-6-768x512.jpg 768w, https:\/\/dimensionturistica.com\/es\/wp-content\/uploads\/2022\/07\/unnamed-6-1536x1024.jpg 1536w, https:\/\/dimensionturistica.com\/es\/wp-content\/uploads\/2022\/07\/unnamed-6-750x500.jpg 750w, https:\/\/dimensionturistica.com\/es\/wp-content\/uploads\/2022\/07\/unnamed-6-1140x760.jpg 1140w, https:\/\/dimensionturistica.com\/es\/wp-content\/uploads\/2022\/07\/unnamed-6.jpg 1560w\" sizes=\"(max-width: 300px) 100vw, 300px\" \/> Willis Lease Finance, para el arrendamiento de un total de cuatro aeronaves de este tipo que permitir\u00e1n fortalecer la flota a\u00e9rea de la empresa.<br \/>\nLos aparatos tipo ATR72-500 son considerados los m\u00e1s eficientes, seguros y ecol\u00f3gicos en las flotas regionales del mundo, y tienen capacidad para transportar c\u00f3modamente a 74 pasajeros en una espaciosa configuraci\u00f3n de asientos dos por dos.<br \/>\nCabe destacar que Willis Lease Finance Corporation es una empresa estadounidense, con sede enCoconut Creek, Florida, que arrienda aeronaves, motores de aviones comerciales, unidades de potencia auxiliar, soportes de motor, reparaci\u00f3n y revestimientos de revisi\u00f3n a empresas a\u00e9reas de 120 pa\u00edses.<br \/>\nTAG Airlines es la aerol\u00ednea bandera de Guatemala que desde hace 60 a\u00f1os mantiene un firme compromiso con la conectividad a\u00e9rea y el desarrollo. Actualmente opera 27 vuelos diarios en Guatemala, Honduras, El Salvador, Belice y M\u00e9xico, con una flota de m\u00e1s de 20 aeronaves.<br \/>\nEn el caso de M\u00e9xico, vuela de Guatemala a Canc\u00fan, M\u00e9rida, Tuxtla Guti\u00e9rrez, Tapachula y Oaxaca, adem\u00e1s de la ruta Canc\u00fan-Flores.<\/p>\n","protected":false},"excerpt":{"rendered":"<p>TAG Airlines, la aerol\u00ednea bandera de Guatemala y del Mundo Maya, fortalece su flota a\u00e9rea con la incorporaci\u00f3n de la primera aeronave ATR 72-500, considerada la m\u00e1s eficiente, ecol\u00f3gica y segura del mercado, que permitir\u00e1 a la empresa continuar con la estrategia de ampliar la conectividad a\u00e9rea en Centroam\u00e9rica y el sur-sureste de M\u00e9xico. Procedente [&hellip;]<\/p>\n","protected":false},"author":1,"featured_media":348109,"comment_status":"open","ping_status":"closed","sticky":false,"template":"","format":"standard","meta":{"om_disable_all_campaigns":false,"jnews-multi-image_gallery":[],"jnews_single_post":{"source_name":"","source_url":"","via_name":"","via_url":"","override_template":"0","override":[{"template":"1","single_blog_custom":"","parallax":"1","fullscreen":"1","layout":"right-sidebar","sidebar":"default-sidebar","second_sidebar":"default-sidebar","sticky_sidebar":"1","share_position":"top","share_float_style":"share-monocrhome","show_share_counter":"1","show_view_counter":"1","show_featured":"1","show_post_meta":"1","show_post_author":"1","show_post_author_image":"1","show_post_date":"1","post_date_format":"default","post_date_format_custom":"Y\/m\/d","show_post_category":"1","show_post_reading_time":"0","post_reading_time_wpm":"300","show_zoom_button":"0","zoom_button_out_step":"2","zoom_button_in_step":"3","show_post_tag":"1","show_prev_next_post":"1","show_popup_post":"1","number_popup_post":"1","show_author_box":"0","show_post_related":"0","show_inline_post_related":"0"}],"override_image_size":"0","image_override":[{"single_post_thumbnail_size":"crop-500","single_post_gallery_size":"crop-500"}],"trending_post":"0","trending_post_position":"meta","trending_post_label":"Trending","sponsored_post":"0","sponsored_post_label":"Sponsored by","sponsored_post_name":"","sponsored_post_url":"","sponsored_post_logo_enable":"0","sponsored_post_logo":"","sponsored_post_desc":"","disable_ad":"0"},"jnews_primary_category":{"id":""},"jnews_social_meta":{"fb_title":"","fb_description":"","fb_image":"","twitter_title":"","twitter_description":"","twitter_image":""},"footnotes":""},"categories":[40],"tags":[],"class_list":["post-348107","post","type-post","status-publish","format-standard","has-post-thumbnail","hentry","category-industria"],"_links":{"self":[{"href":"https:\/\/dimensionturistica.com\/es\/wp-json\/wp\/v2\/posts\/348107","targetHints":{"allow":["GET"]}}],"collection":[{"href":"https:\/\/dimensionturistica.com\/es\/wp-json\/wp\/v2\/posts"}],"about":[{"href":"https:\/\/dimensionturistica.com\/es\/wp-json\/wp\/v2\/types\/post"}],"author":[{"embeddable":true,"href":"https:\/\/dimensionturistica.com\/es\/wp-json\/wp\/v2\/users\/1"}],"replies":[{"embeddable":true,"href":"https:\/\/dimensionturistica.com\/es\/wp-json\/wp\/v2\/comments?post=348107"}],"version-history":[{"count":0,"href":"https:\/\/dimensionturistica.com\/es\/wp-json\/wp\/v2\/posts\/348107\/revisions"}],"wp:featuredmedia":[{"embeddable":true,"href":"https:\/\/dimensionturistica.com\/es\/wp-json\/wp\/v2\/media\/348109"}],"wp:attachment":[{"href":"https:\/\/dimensionturistica.com\/es\/wp-json\/wp\/v2\/media?parent=348107"}],"wp:term":[{"taxonomy":"category","embeddable":true,"href":"https:\/\/dimensionturistica.com\/es\/wp-json\/wp\/v2\/categories?post=348107"},{"taxonomy":"post_tag","embeddable":true,"href":"https:\/\/dimensionturistica.com\/es\/wp-json\/wp\/v2\/tags?post=348107"}],"curies":[{"name":"wp","href":"https:\/\/api.w.org\/{rel}","templated":true}]}}