{"id":348096,"date":"2022-07-09T14:35:52","date_gmt":"2022-07-09T14:35:52","guid":{"rendered":"https:\/\/dimensionturistica.com\/es\/?p=348096"},"modified":"2022-07-09T14:35:52","modified_gmt":"2022-07-09T14:35:52","slug":"destinos-emblematicos-del-mundo-maya-se-uniran-a-la-nueva-ruta-aerea-de-tag-airlines-entre-merida-yucatan-y-flores-en-guatemala","status":"publish","type":"post","link":"https:\/\/dimensionturistica.com\/es\/destinos-emblematicos-del-mundo-maya-se-uniran-a-la-nueva-ruta-aerea-de-tag-airlines-entre-merida-yucatan-y-flores-en-guatemala\/","title":{"rendered":"Destinos emblem\u00e1ticos del Mundo Maya se unir\u00e1n a la nueva ruta a\u00e9rea de TAG Airlines entre M\u00e9rida, Yucat\u00e1n y Flores en Guatemala"},"content":{"rendered":"<p><img decoding=\"async\" class=\"size-medium wp-image-348099 alignright\" src=\"https:\/\/dimensionturistica.com\/es\/wp-content\/uploads\/2022\/07\/unnamed-5-300x200.jpg\" alt=\"\" width=\"300\" height=\"200\" srcset=\"https:\/\/dimensionturistica.com\/es\/wp-content\/uploads\/2022\/07\/unnamed-5-300x200.jpg 300w, https:\/\/dimensionturistica.com\/es\/wp-content\/uploads\/2022\/07\/unnamed-5-1024x683.jpg 1024w, https:\/\/dimensionturistica.com\/es\/wp-content\/uploads\/2022\/07\/unnamed-5-768x512.jpg 768w, https:\/\/dimensionturistica.com\/es\/wp-content\/uploads\/2022\/07\/unnamed-5-750x500.jpg 750w, https:\/\/dimensionturistica.com\/es\/wp-content\/uploads\/2022\/07\/unnamed-5-1140x760.jpg 1140w, https:\/\/dimensionturistica.com\/es\/wp-content\/uploads\/2022\/07\/unnamed-5.jpg 1368w\" sizes=\"(max-width: 300px) 100vw, 300px\" \/>El Gobierno de Yucat\u00e1n, a trav\u00e9s de la Secretar\u00eda de Fomento Tur\u00edstico de Yucat\u00e1n (Sefotur) y TAG Airlines, la aerol\u00ednea bandera de Guatemala, anunciaron que el pr\u00f3ximo inicio de operaciones de la nueva ruta a\u00e9rea entre las ciudades de M\u00e9rida, Yucat\u00e1n, y Flores, Guatemala, ser\u00e1 el m\u00e1s importante corredor tur\u00edstico del Mundo Maya y permitir\u00e1 unir a las dos zonas arqueol\u00f3gicas m\u00e1s emblem\u00e1ticas de esta milenaria civilizaci\u00f3n: Chichen Itz\u00e1 y Tikal.<br \/>\nEs importante resaltar que, parte de las estrategias que Yucat\u00e1n ha implementado para la atracci\u00f3n de m\u00e1s visitantes, es el esfuerzo aplicado a trav\u00e9s de la Sefotur para reforzar la conectividad a\u00e9rea con mercados clave, siendo Guatemala uno de ellos, por la relevancia que existe entre las ciudades pertenecientes a la Organizaci\u00f3n del Mundo Maya, por lo que, en la m\u00e1s reciente edici\u00f3n del Tianguis Tur\u00edstico de M\u00e9xico, se llev\u00f3 a cabo la firma de la carta intenci\u00f3n para ampliar la conectividad de Yucat\u00e1n con Guatemala.<br \/>\nSe inform\u00f3 que el nuevo vuelo iniciar\u00e1 operaciones durante el mes de agosto y ofrecer\u00e1 atractivas tarifas para los viajeros, desde 300 d\u00f3lares en viaje redondo, saliendo desde el Aeropuerto Internacional de M\u00e9rida los d\u00edas martes, jueves y s\u00e1bado; siendo lunes, mi\u00e9rcoles y viernes, los d\u00edas de recepci\u00f3n del vuelo proveniente del Aeropuerto de Flores, Guatemala.<br \/>\nEn conferencia de prensa, Marcela Toriello, Presidenta de TAG Airlines, refrend\u00f3 el compromiso de la aerol\u00ednea con la conectividad de la regi\u00f3n y resalt\u00f3 que la nueva ruta permitir\u00e1 unir lo mejor de M\u00e9xico y de Guatemala.<br \/>\nAsegur\u00f3 que Chichen Itz\u00e1, en Yucat\u00e1n, y Tikal, en la regi\u00f3n del Pet\u00e9n guatemalteco, son las dos<img decoding=\"async\" class=\"size-medium wp-image-348101 alignright\" src=\"https:\/\/dimensionturistica.com\/es\/wp-content\/uploads\/2022\/07\/unnamed-1-2-300x200.jpg\" alt=\"\" width=\"300\" height=\"200\" srcset=\"https:\/\/dimensionturistica.com\/es\/wp-content\/uploads\/2022\/07\/unnamed-1-2-300x200.jpg 300w, https:\/\/dimensionturistica.com\/es\/wp-content\/uploads\/2022\/07\/unnamed-1-2-1024x683.jpg 1024w, https:\/\/dimensionturistica.com\/es\/wp-content\/uploads\/2022\/07\/unnamed-1-2-768x512.jpg 768w, https:\/\/dimensionturistica.com\/es\/wp-content\/uploads\/2022\/07\/unnamed-1-2-750x500.jpg 750w, https:\/\/dimensionturistica.com\/es\/wp-content\/uploads\/2022\/07\/unnamed-1-2-1140x760.jpg 1140w, https:\/\/dimensionturistica.com\/es\/wp-content\/uploads\/2022\/07\/unnamed-1-2.jpg 1368w\" sizes=\"(max-width: 300px) 100vw, 300px\" \/> principales zonas arqueol\u00f3gicas del Mundo Maya, \u00edconos de esta civilizaci\u00f3n que todo turista debe visitar.<br \/>\nJos\u00e9 Luis Mart\u00ednez, Director de Desarrollo Econ\u00f3mico y Turismo de la Ciudad de M\u00e9rida, en representaci\u00f3n del Alcalde Ren\u00e1n Barrera, dijo que TAG Airlines ha sido un aliado estrat\u00e9gico para promover la actividad tur\u00edstica en el estado. Se\u00f1al\u00f3 que el trabajo en equipo rinde frutos y contribuye al desarrollo de los destinos, de la aviaci\u00f3n comercial, de los viajes y el turismo.<br \/>\nSostuvo que el trabajo realizado entre la ciudad de M\u00e9rida y la empresa TAG Airlines, permite enriquecer la oferta tur\u00edstica disponible para los visitantes nacionales y extranjeros.<br \/>\nPor su parte, Ra\u00fal Paz Noriega, Secretario T\u00e9cnico en representaci\u00f3n de Michelle Fridman Hirsch, titular de Sefotur, destac\u00f3 que con el fortalecimiento de la conectividad a\u00e9rea en el estado se impulsa la actividad tur\u00edstica, los viajes, el empleo y el desarrollo de negocios entre ambos destinos.<br \/>\nRecord\u00f3 que, desde la reactivaci\u00f3n de la conectividad a\u00e9rea en junio del 2020, acorde con el plan de recuperaci\u00f3n econ\u00f3mica y tur\u00edstica de Yucat\u00e1n, ratificado con la firma de la Alianza para el turismo firmada por el consejo Consultivo Estatal del Turismo en agosto del 2021, el Aeropuerto Internacional de M\u00e9rida ha recuperado en un 100.1% la disponibilidad de asientos en rutas nacionales e internacionales, con un total de 33,380 asientos y 203 vuelos semanales.<br \/>\nSe\u00f1al\u00f3 que, Fridman Hirsch ha manifestado su agradecimiento por la confianza brindada en Yucat\u00e1n, para ser parte de esta etapa de crecimiento y conectividad con M\u00e9xico desde Guatemala -Estamos seguros que no s\u00f3lo la excelente infraestructura de nuestro aeropuerto en M\u00e9rida, sino la vasta oferta de experiencias y servicios tur\u00edsticos con los que cuenta Yucat\u00e1n a lo largo de las seis regiones tur\u00edsticas, ser\u00e1n el complemento perfecto para que nuestros vecinos de Guatemala, vivan una experiencia inigualable -.<br \/>\nYucat\u00e1n es un destino estrat\u00e9gico en los planes de expansi\u00f3n de la aerol\u00ednea bandera de Guatemala, que agradece la confianza que las autoridades estatales han depositado en TAG Airlines, actualmente TAG mantiene cuatro vuelos semanales con M\u00e9rida desde Guatemala capital.<br \/>\nEn 2021 TAG Airlines inici\u00f3 sus operaciones en M\u00e9xico y actualmente vuela a la ciudad de M\u00e9rida, Canc\u00fan, Canc\u00fan-Flores, Tuxtla Guti\u00e9rrez, Tapachula y Oaxaca, con porcentajes de ocupaci\u00f3n superiores al 90 por ciento.<br \/>\nTAG es la aerol\u00ednea bandera de Guatemala y la aerol\u00ednea del Mundo Maya, que desde hace 60 a\u00f1os mantiene un firme compromiso con la conectividad a\u00e9rea y el desarrollo.<br \/>\nActualmente opera 27 vuelos diarios en Guatemala, Honduras, El Salvador, Belice y M\u00e9xico, con una flota de m\u00e1s de 20 aeronaves.<\/p>\n<p>&nbsp;<\/p>\n<p>&nbsp;<\/p>\n","protected":false},"excerpt":{"rendered":"<p>El Gobierno de Yucat\u00e1n, a trav\u00e9s de la Secretar\u00eda de Fomento Tur\u00edstico de Yucat\u00e1n (Sefotur) y TAG Airlines, la aerol\u00ednea bandera de Guatemala, anunciaron que el pr\u00f3ximo inicio de operaciones de la nueva ruta a\u00e9rea entre las ciudades de M\u00e9rida, Yucat\u00e1n, y Flores, Guatemala, ser\u00e1 el m\u00e1s importante corredor tur\u00edstico del Mundo Maya y permitir\u00e1 [&hellip;]<\/p>\n","protected":false},"author":1,"featured_media":348100,"comment_status":"open","ping_status":"closed","sticky":false,"template":"","format":"standard","meta":{"om_disable_all_campaigns":false,"jnews-multi-image_gallery":[],"jnews_single_post":{"source_name":"","source_url":"","via_name":"","via_url":"","override_template":"0","override":[{"template":"1","single_blog_custom":"","parallax":"1","fullscreen":"1","layout":"right-sidebar","sidebar":"default-sidebar","second_sidebar":"default-sidebar","sticky_sidebar":"1","share_position":"top","share_float_style":"share-monocrhome","show_share_counter":"1","show_view_counter":"1","show_featured":"1","show_post_meta":"1","show_post_author":"1","show_post_author_image":"1","show_post_date":"1","post_date_format":"default","post_date_format_custom":"Y\/m\/d","show_post_category":"1","show_post_reading_time":"0","post_reading_time_wpm":"300","show_zoom_button":"0","zoom_button_out_step":"2","zoom_button_in_step":"3","show_post_tag":"1","show_prev_next_post":"1","show_popup_post":"1","number_popup_post":"1","show_author_box":"0","show_post_related":"0","show_inline_post_related":"0"}],"override_image_size":"0","image_override":[{"single_post_thumbnail_size":"crop-500","single_post_gallery_size":"crop-500"}],"trending_post":"0","trending_post_position":"meta","trending_post_label":"Trending","sponsored_post":"0","sponsored_post_label":"Sponsored by","sponsored_post_name":"","sponsored_post_url":"","sponsored_post_logo_enable":"0","sponsored_post_logo":"","sponsored_post_desc":"","disable_ad":"0"},"jnews_primary_category":{"id":""},"jnews_social_meta":{"fb_title":"","fb_description":"","fb_image":"","twitter_title":"","twitter_description":"","twitter_image":""},"footnotes":""},"categories":[39],"tags":[],"class_list":["post-348096","post","type-post","status-publish","format-standard","has-post-thumbnail","hentry","category-viajes"],"_links":{"self":[{"href":"https:\/\/dimensionturistica.com\/es\/wp-json\/wp\/v2\/posts\/348096","targetHints":{"allow":["GET"]}}],"collection":[{"href":"https:\/\/dimensionturistica.com\/es\/wp-json\/wp\/v2\/posts"}],"about":[{"href":"https:\/\/dimensionturistica.com\/es\/wp-json\/wp\/v2\/types\/post"}],"author":[{"embeddable":true,"href":"https:\/\/dimensionturistica.com\/es\/wp-json\/wp\/v2\/users\/1"}],"replies":[{"embeddable":true,"href":"https:\/\/dimensionturistica.com\/es\/wp-json\/wp\/v2\/comments?post=348096"}],"version-history":[{"count":0,"href":"https:\/\/dimensionturistica.com\/es\/wp-json\/wp\/v2\/posts\/348096\/revisions"}],"wp:featuredmedia":[{"embeddable":true,"href":"https:\/\/dimensionturistica.com\/es\/wp-json\/wp\/v2\/media\/348100"}],"wp:attachment":[{"href":"https:\/\/dimensionturistica.com\/es\/wp-json\/wp\/v2\/media?parent=348096"}],"wp:term":[{"taxonomy":"category","embeddable":true,"href":"https:\/\/dimensionturistica.com\/es\/wp-json\/wp\/v2\/categories?post=348096"},{"taxonomy":"post_tag","embeddable":true,"href":"https:\/\/dimensionturistica.com\/es\/wp-json\/wp\/v2\/tags?post=348096"}],"curies":[{"name":"wp","href":"https:\/\/api.w.org\/{rel}","templated":true}]}}