{"id":347811,"date":"2022-07-08T22:10:29","date_gmt":"2022-07-08T22:10:29","guid":{"rendered":"https:\/\/dimensionturistica.com\/es\/?p=347811"},"modified":"2022-07-08T22:10:29","modified_gmt":"2022-07-08T22:10:29","slug":"europa-recuperara-este-ano-el-70-de-la-demanda-de-viajes-prepandemia","status":"publish","type":"post","link":"https:\/\/dimensionturistica.com\/es\/europa-recuperara-este-ano-el-70-de-la-demanda-de-viajes-prepandemia\/","title":{"rendered":"Europa recuperar\u00e1 este a\u00f1o el 70% de la demanda de viajes prepandemia"},"content":{"rendered":"<p> <br \/>\n<\/p>\n<div>\n<p>Europa recuperar\u00e1 este a\u00f1o el 70% de la demanda de viajes previa a la pandemia de COVID-19 este a\u00f1o; seg\u00fan las previsiones de la Comisi\u00f3n Europea de Viajes (ETC). Seg\u00fan la m\u00e1s reciente edici\u00f3n de su informe trimestral \u201cTendencias y Perspectivas del Turismo Europeo\u201d, la recuperaci\u00f3n est\u00e1 en pleno apogeo de cara a la temporada alta de verano de 2022 y se espera que los ahorros de los consumidores acumulados durante la pandemia respalden la demanda de viajes, a pesar de la incertidumbre provocada por el empeoramiento de la inflaci\u00f3n, la interrupci\u00f3n prolongada de la guerra y nuevos rebrotes de coronavirus.<\/p>\n<\/div>\n<div>\n<p>No obstante, la ETC predice que prevalecer\u00e1 la voluntad de viajar este verano y se producir\u00e1 una fuerte recuperaci\u00f3n de los viajes en el continente.<\/p>\n<p>En lo que va de a\u00f1o, Bulgaria (-8%), Serbia (-10%) y Turqu\u00eda (-14%) registran los repuntes m\u00e1s fuertes en las llegadas de turistas. En el otro extremo, se coloca Letonia (-63%), cuya proximidad geogr\u00e1fica a Rusia est\u00e1 ralentizando la recuperaci\u00f3n de su turismo de la pandemia, tras registrar cancelaciones masivas de reservas de resort. Eslovaquia y la Rep\u00fablica Checa tambi\u00e9n se encuentran entre los destinos de Europa del Este que superan una ca\u00edda del 50% frente a los niveles de 2019.<\/p>\n<p>El presidente de ETC, Lu\u00eds Ara\u00fajo, ha destacado que, tras el levantamiento de las restricciones por COVID-19, la gente est\u00e1 ansiosa por recuperar dos a\u00f1os de oportunidades de viaje perdidas.<\/p>\n<blockquote>\n<p>\u201cEstamos siendo testigos de un repunte mucho m\u00e1s r\u00e1pido de lo que esperaban las empresas de viajes en Europa\u201d, asegur\u00f3, si bien la escasez de private, en su criterio, puede convertirse en un obst\u00e1culo para una recuperaci\u00f3n completa<\/p>\n<\/blockquote>\n<div class=\"wysiwyg-photo\"><img decoding=\"async\" title=\"\" src=\"https:\/\/static.hosteltur.com\/app\/public\/uploads\/img\/articles\/2018\/01\/01\/M_5b150fb9b8958_shutterstock_149536649.jpg\" alt=\"\" data-id=\"160052\"\/>  <\/div>\n<h2>Viajes nacionales y de corta distancia<\/h2>\n<p>El estudio tambi\u00e9n ha detectado que la inflaci\u00f3n impulsada por el alza de los precios de la energ\u00eda y los alimentos, sumado a la fuerte aceleraci\u00f3n de los precios de los combustibles que directamente incrementa el precio del transporte, podr\u00eda hacer cambiar las preferencias en los consumidores hacia opciones de menor coste, como vacaciones en casa o formas de transporte m\u00e1s asequibles a pa\u00edses cercanos.<\/p>\n<blockquote>\n<p>\u201cComo resultado, se espera que los viajes de corta y media distancia sigan impulsando la recuperaci\u00f3n del turismo europeo\u201d, se\u00f1ala el informe. Por el contrario, las llegadas de los mercados de larga distancia todav\u00eda est\u00e1n muy rezagadas, especialmente desde Asia, donde varios pa\u00edses mantienen restricciones por COVID-19.<\/p>\n<\/blockquote>\n<p>La ETC se\u00f1ala en su an\u00e1lisis que, aunque el sentimiento en los Estados Unidos es m\u00e1s positivo, la recuperaci\u00f3n a\u00fan ha sido m\u00e1s lenta de lo esperado, debido a que los viajeros estadounidenses que regresaban de Europa deb\u00edan realizarse pruebas de PCR antes de viajar hasta finales de mayo o principios de junio, lo que puede haber frenado la demanda.<\/p>\n<h2>Escasez de talento, una amenaza en toda Europa<\/h2>\n<p>Dado el repunte de la demanda m\u00e1s fuerte de lo esperado durante 2022, el retraso continuo en la oferta laboral est\u00e1 creando escasez de private en el sector, lo que provocar\u00e1 que muchos destinos europeos puedan tener dificultades para satisfacer la gran demanda de este verano. Entre las causas, seg\u00fan el informe, cita el grupo restringido de trabajadores disponibles, los largos plazos de entrega de la autorizaci\u00f3n de seguridad y que el sector se considera una oportunidad de empleo inestable despu\u00e9s de la pandemia.<\/p>\n<blockquote>\n<p>Asimismo, la ETC apunta que, aunque la escasez de private en la hosteler\u00eda es aguda, en la actualidad el problema mayor parece estar en el sector de la aviaci\u00f3n. \u201cAproximadamente 190.000 trabajadores de la aviaci\u00f3n europea fueron despedidos durante la pandemia. A pesar de que las aerol\u00edneas y los aeropuertos reaccionaron con campa\u00f1as de reclutamiento, es poco probable que la industria pueda responder dentro de esta temporada alta de verano\u201d<\/p>\n<\/blockquote>\n<p>Y el impacto ya se est\u00e1 sintiendo: durante el primer fin de semana de junio, los Pa\u00edses Bajos vieron tasas de cancelaci\u00f3n de hasta el 11% y del 4% en el Reino Unido. Aeropuertos y aerol\u00edneas est\u00e1n recortando vuelos para mitigar el caos que se espera que siga en los meses de verano, agravada por el anuncio de huelgas.<\/p>\n<\/div>\n\n<p><em> &#8221; Fuentes www.hosteltur.com &#8221; <\/em><\/p>\n","protected":false},"excerpt":{"rendered":"<p>Europa recuperar\u00e1 este a\u00f1o el 70% de la demanda de viajes previa a la pandemia de COVID-19 este a\u00f1o; seg\u00fan las previsiones de la Comisi\u00f3n Europea de Viajes (ETC). Seg\u00fan la m\u00e1s reciente edici\u00f3n de su informe trimestral \u201cTendencias y Perspectivas del Turismo Europeo\u201d, la recuperaci\u00f3n est\u00e1 en pleno apogeo de cara a la temporada [&hellip;]<\/p>\n","protected":false},"author":4,"featured_media":347812,"comment_status":"open","ping_status":"closed","sticky":false,"template":"","format":"standard","meta":{"om_disable_all_campaigns":false,"jnews-multi-image_gallery":[],"jnews_single_post":[],"jnews_primary_category":[],"jnews_social_meta":[],"footnotes":""},"categories":[39],"tags":[715],"class_list":["post-347811","post","type-post","status-publish","format-standard","has-post-thumbnail","hentry","category-viajes","tag-economia"],"_links":{"self":[{"href":"https:\/\/dimensionturistica.com\/es\/wp-json\/wp\/v2\/posts\/347811","targetHints":{"allow":["GET"]}}],"collection":[{"href":"https:\/\/dimensionturistica.com\/es\/wp-json\/wp\/v2\/posts"}],"about":[{"href":"https:\/\/dimensionturistica.com\/es\/wp-json\/wp\/v2\/types\/post"}],"author":[{"embeddable":true,"href":"https:\/\/dimensionturistica.com\/es\/wp-json\/wp\/v2\/users\/4"}],"replies":[{"embeddable":true,"href":"https:\/\/dimensionturistica.com\/es\/wp-json\/wp\/v2\/comments?post=347811"}],"version-history":[{"count":0,"href":"https:\/\/dimensionturistica.com\/es\/wp-json\/wp\/v2\/posts\/347811\/revisions"}],"wp:featuredmedia":[{"embeddable":true,"href":"https:\/\/dimensionturistica.com\/es\/wp-json\/wp\/v2\/media\/347812"}],"wp:attachment":[{"href":"https:\/\/dimensionturistica.com\/es\/wp-json\/wp\/v2\/media?parent=347811"}],"wp:term":[{"taxonomy":"category","embeddable":true,"href":"https:\/\/dimensionturistica.com\/es\/wp-json\/wp\/v2\/categories?post=347811"},{"taxonomy":"post_tag","embeddable":true,"href":"https:\/\/dimensionturistica.com\/es\/wp-json\/wp\/v2\/tags?post=347811"}],"curies":[{"name":"wp","href":"https:\/\/api.w.org\/{rel}","templated":true}]}}