{"id":347449,"date":"2022-07-08T11:54:50","date_gmt":"2022-07-08T11:54:50","guid":{"rendered":"https:\/\/dimensionturistica.com\/es\/?p=347449"},"modified":"2022-07-08T11:54:51","modified_gmt":"2022-07-08T11:54:51","slug":"exponen-en-argentina-valores-de-cuba-como-destino-turistico","status":"publish","type":"post","link":"https:\/\/dimensionturistica.com\/es\/exponen-en-argentina-valores-de-cuba-como-destino-turistico\/","title":{"rendered":"Exponen en Argentina valores de Cuba como destino tur\u00edstico"},"content":{"rendered":"<p> <br \/>\n<\/p>\n<div data-id=\"44014e52\" data-element_type=\"widget\" data-widget_type=\"theme-post-excerpt.default\">\n<p>\n\t\t\tBuenos Aires, 8 jul (Prensa Latina) Representantes de 16 grupos hoteleros de Cuba, el Ministerio de Turismo de ese pa\u00eds y el operador Juli\u00e1 Excursions expondr\u00e1n hoy en la ciudad argentina de C\u00f3rdoba las potencialidades de la isla como destino seguro y sostenible. \t\t<\/p>\n<\/p><\/div>\n\n<p><em> &#8221; Fuentes www.prensa-latina.cu &#8221; <\/em><\/p>\n","protected":false},"excerpt":{"rendered":"<p>Buenos Aires, 8 jul (Prensa Latina) Representantes de 16 grupos hoteleros de Cuba, el Ministerio de Turismo de ese pa\u00eds y el operador Juli\u00e1 Excursions expondr\u00e1n hoy en la ciudad argentina de C\u00f3rdoba las potencialidades de la isla como destino seguro y sostenible. &#8221; Fuentes www.prensa-latina.cu &#8221;<\/p>\n","protected":false},"author":4,"featured_media":347450,"comment_status":"open","ping_status":"closed","sticky":false,"template":"","format":"standard","meta":{"om_disable_all_campaigns":false,"jnews-multi-image_gallery":[],"jnews_single_post":[],"jnews_primary_category":[],"jnews_social_meta":[],"footnotes":""},"categories":[40],"tags":[768,956,715,35201,544],"class_list":["post-347449","post","type-post","status-publish","format-standard","has-post-thumbnail","hentry","category-industria","tag-argentina","tag-cuba","tag-economia","tag-nota-informativa","tag-turismo"],"_links":{"self":[{"href":"https:\/\/dimensionturistica.com\/es\/wp-json\/wp\/v2\/posts\/347449","targetHints":{"allow":["GET"]}}],"collection":[{"href":"https:\/\/dimensionturistica.com\/es\/wp-json\/wp\/v2\/posts"}],"about":[{"href":"https:\/\/dimensionturistica.com\/es\/wp-json\/wp\/v2\/types\/post"}],"author":[{"embeddable":true,"href":"https:\/\/dimensionturistica.com\/es\/wp-json\/wp\/v2\/users\/4"}],"replies":[{"embeddable":true,"href":"https:\/\/dimensionturistica.com\/es\/wp-json\/wp\/v2\/comments?post=347449"}],"version-history":[{"count":0,"href":"https:\/\/dimensionturistica.com\/es\/wp-json\/wp\/v2\/posts\/347449\/revisions"}],"wp:featuredmedia":[{"embeddable":true,"href":"https:\/\/dimensionturistica.com\/es\/wp-json\/wp\/v2\/media\/347450"}],"wp:attachment":[{"href":"https:\/\/dimensionturistica.com\/es\/wp-json\/wp\/v2\/media?parent=347449"}],"wp:term":[{"taxonomy":"category","embeddable":true,"href":"https:\/\/dimensionturistica.com\/es\/wp-json\/wp\/v2\/categories?post=347449"},{"taxonomy":"post_tag","embeddable":true,"href":"https:\/\/dimensionturistica.com\/es\/wp-json\/wp\/v2\/tags?post=347449"}],"curies":[{"name":"wp","href":"https:\/\/api.w.org\/{rel}","templated":true}]}}