{"id":347416,"date":"2022-07-08T10:57:58","date_gmt":"2022-07-08T10:57:58","guid":{"rendered":"https:\/\/dimensionturistica.com\/es\/?p=347416"},"modified":"2022-07-08T10:57:58","modified_gmt":"2022-07-08T10:57:58","slug":"seis-planes-imprescindibles-para-este-verano","status":"publish","type":"post","link":"https:\/\/dimensionturistica.com\/es\/seis-planes-imprescindibles-para-este-verano\/","title":{"rendered":"Seis planes imprescindibles para este verano"},"content":{"rendered":"<p> <br \/>\n<\/p>\n<div id=\"article-sumary\">\n<div class=\"article-txt ad-mobile-top\">\n<p>\u00a1Ay, <a rel=\"nofollow noopener\" target=\"_blank\" href=\"https:\/\/viajes.nationalgeographic.com.es\/c\/valencia\">Valencia<\/a>! \u00bfQu\u00e9 decir sobre ella? Si hace unos a\u00f1os se hubiera hecho esta pregunta fuera de la terreta, seguramente las respuestas se hubieran podido resumir en tres palabras: \u201cpaella, playa y petardos\u201d. Y no\u00a0de manera despectiva, simplemente parec\u00eda que por entonces la capital del T\u00faria no se vend\u00eda de puertas hacia fuera tan bien c\u00f3mo cre\u00eda. Sea como fuere, parece que en los \u00faltimos a\u00f1os ha corrido la voz Vy la buena fama no se ha hecho esperar. Que si <a rel=\"nofollow noopener\" target=\"_blank\" href=\"https:\/\/viajes.nationalgeographic.com.es\/lifestyle\/valencia-sera-capital-europea-turismo-inteligente-2022-2_17418\">capital europea del turismo inteligente<\/a>, que si <a rel=\"nofollow noopener\" target=\"_blank\" href=\"https:\/\/viajes.nationalgeographic.com.es\/lifestyle\/estudio-revela-que-valencia-es-ciudad-mas-saludable-mundo_16366\">la ciudad m\u00e1s saludable del mundo<\/a>, que si la mejor ciudad del mundo para vivir\u2026 Los reconocimientos internacionales se han ido acumulando en su solapa como las condecoraciones en la banda de un <em>scout<\/em>. Y por supuesto, <strong>uno de los t\u00edtulos m\u00e1s esperados fue el de <a rel=\"nofollow noopener\" target=\"_blank\" href=\"https:\/\/viajes.nationalgeographic.com.es\/lifestyle\/valencia-capital-mundial-diseno-2022_14578\">Valencia Capital Mundial del Dise\u00f1o 2022<\/a>.<\/strong><\/p>\n<p>Desde su nombramiento hace casi tres a\u00f1os, la capital se ha llenado (todav\u00eda m\u00e1s) de creatividad, dise\u00f1o, tradici\u00f3n y modernidad. Exposiciones, talleres, encuentros\u2026 que han puesto en valor (por fin) el talento native. Una larga retah\u00edla de planes y actividades que obviamente no iban a terminar en verano.\u00a0<\/p>\n<\/div>\n<\/div>\n\n<p><em> &#8221; Fuentes viajes.nationalgeographic.com.es &#8221; <\/em><\/p>\n","protected":false},"excerpt":{"rendered":"<p>\u00a1Ay, Valencia! \u00bfQu\u00e9 decir sobre ella? Si hace unos a\u00f1os se hubiera hecho esta pregunta fuera de la terreta, seguramente las respuestas se hubieran podido resumir en tres palabras: \u201cpaella, playa y petardos\u201d. Y no\u00a0de manera despectiva, simplemente parec\u00eda que por entonces la capital del T\u00faria no se vend\u00eda de puertas hacia fuera tan bien [&hellip;]<\/p>\n","protected":false},"author":4,"featured_media":347417,"comment_status":"open","ping_status":"closed","sticky":false,"template":"","format":"standard","meta":{"om_disable_all_campaigns":false,"jnews-multi-image_gallery":[],"jnews_single_post":[],"jnews_primary_category":[],"jnews_social_meta":[],"footnotes":""},"categories":[39],"tags":[47258,47257],"class_list":["post-347416","post","type-post","status-publish","format-standard","has-post-thumbnail","hentry","category-viajes","tag-cargado-desde-el-fichero-de-recursos","tag-keywords-por-defecto"],"_links":{"self":[{"href":"https:\/\/dimensionturistica.com\/es\/wp-json\/wp\/v2\/posts\/347416","targetHints":{"allow":["GET"]}}],"collection":[{"href":"https:\/\/dimensionturistica.com\/es\/wp-json\/wp\/v2\/posts"}],"about":[{"href":"https:\/\/dimensionturistica.com\/es\/wp-json\/wp\/v2\/types\/post"}],"author":[{"embeddable":true,"href":"https:\/\/dimensionturistica.com\/es\/wp-json\/wp\/v2\/users\/4"}],"replies":[{"embeddable":true,"href":"https:\/\/dimensionturistica.com\/es\/wp-json\/wp\/v2\/comments?post=347416"}],"version-history":[{"count":0,"href":"https:\/\/dimensionturistica.com\/es\/wp-json\/wp\/v2\/posts\/347416\/revisions"}],"wp:featuredmedia":[{"embeddable":true,"href":"https:\/\/dimensionturistica.com\/es\/wp-json\/wp\/v2\/media\/347417"}],"wp:attachment":[{"href":"https:\/\/dimensionturistica.com\/es\/wp-json\/wp\/v2\/media?parent=347416"}],"wp:term":[{"taxonomy":"category","embeddable":true,"href":"https:\/\/dimensionturistica.com\/es\/wp-json\/wp\/v2\/categories?post=347416"},{"taxonomy":"post_tag","embeddable":true,"href":"https:\/\/dimensionturistica.com\/es\/wp-json\/wp\/v2\/tags?post=347416"}],"curies":[{"name":"wp","href":"https:\/\/api.w.org\/{rel}","templated":true}]}}