{"id":347410,"date":"2022-07-08T10:47:47","date_gmt":"2022-07-08T10:47:47","guid":{"rendered":"https:\/\/dimensionturistica.com\/es\/?p=347410"},"modified":"2022-07-08T10:47:47","modified_gmt":"2022-07-08T10:47:47","slug":"otra-asociacion-turistica-se-presenta-en-lanzarote-bajo-el-apoyo-del-cabildo","status":"publish","type":"post","link":"https:\/\/dimensionturistica.com\/es\/otra-asociacion-turistica-se-presenta-en-lanzarote-bajo-el-apoyo-del-cabildo\/","title":{"rendered":"Otra asociaci\u00f3n tur\u00edstica se presenta en Lanzarote bajo el apoyo del Cabildo"},"content":{"rendered":"<p> <br \/>\n<\/p>\n<div>\n<p>                <span itemprop=\"articleBody\"><\/p>\n<p>\u00a0<\/p>\n<p>&#13;<\/p>\n<div class=\"v1moz-forward-container\"><strong><img decoding=\"async\" itemprop=\"image\" src=\"https:\/\/www.lancelotdigital.com\/images\/2022\/07\/alianzahotlera.webp\"\/><\/strong><\/div>\n<p>&#13;<\/p>\n<p><strong>Se trata de Alianza Hotelera que patronea el &#8220;gur\u00fa del turismo&#8221;, el periodista Fernando Gallardo<\/strong><\/p>\n<p>&#13;<br \/>\n &#13;<\/p>\n<li class=\"texto\"><i class=\"fa fa-file-text-o\"\/>Lancelot Digital<\/li>\n<p>&#13;<\/p>\n<p>\u00a0<\/p>\n<p>&#13;<\/p>\n<p>El pr\u00f3ximo lunes 11 de julio, a las 11:45 horas, tendr\u00e1 lugar en el Islote de la Fermina, la presentaci\u00f3n de Alianza Hotelera, nuevo proyecto del sector hoteler de Lanzarote.\u00a0<\/p>\n<p>&#13;<\/p>\n<p class=\"v1MsoNormal\">\u00a0<\/p>\n<p>&#13;<\/p>\n<p class=\"v1MsoNormal\">\u00a0<\/p>\n<p>&#13;<\/p>\n<p class=\"v1MsoNormal\"><span lang=\"ES-TRAD\">Constituida en noviembre de 2020, en el seno del cl\u00faster EuroFintech,\u00a0<b>la Alianza Hotelera es una AIE<\/b>\u00a0(Agrupaci\u00f3n de Inter\u00e9s Econ\u00f3mico), con personalidad jur\u00eddica, capacidad inversora y facultad de gestionar activos propios, creada por un g<b>rupo de cadenas hoteleras espa\u00f1olas para trabajar de manera consorciada en el desarrollo tecnol\u00f3gico y estrat\u00e9gico de la industria tur\u00edstica.<\/b><\/span><\/p>\n<p>&#13;<\/p>\n<p class=\"v1MsoNormal\"><span lang=\"ES-TRAD\">\u00a0<\/span><\/p>\n<p>&#13;<\/p>\n<p class=\"v1MsoNormal\"><span lang=\"ES-TRAD\">A d\u00eda de hoy, la Alianza est\u00e1 formada por 16 cadenas hoteleras: Alma Hoteles, B Bou Hoteles, BlueBay Hoteles, Castilla Termal, Cetina Lodges, Coolrooms Lodges, Fontecruz Hoteles, Grupo Pulitzer, Hidden Away Lodges, One Shot Lodges, Room Mate Lodges, Room007 Lodges &amp; Hostels, Singular&#8217;s Lodges, Somos Hoteles, \u00danico Lodges y VP Hoteles.<\/span><\/p>\n<p>&#13;<\/p>\n<p class=\"v1MsoNormal\">\u00a0<\/p>\n<p>&#13;<\/p>\n<p class=\"v1MsoNormal\"><span lang=\"ES-TRAD\">La presentaci\u00f3n ser\u00e1, bajo el amparo del Cabildo de Lanzarote, en el centro tur\u00edstico recientemente reinaugurado, obra de C\u00e9sar Manrique en los a\u00f1os 70.<\/span><\/p>\n<p>&#13;<\/p>\n<p>\u00a0<\/p>\n<p>&#13;<\/p>\n<p>\t                    <\/span><\/p><\/div>\n<p><script src=\"https:\/\/connect.facebook.net\/es_ES\/all.js#xfbml=1\" type=\"text\/javascript\"><\/script><script type=\"text\/javascript\">\n\/\/<![CDATA[\n   \twindow.fbAsyncInit = function() {\n\t\tFB.init({ appId: '171342606239806', \n\t\t\tstatus: true, \n\t\t\tcookie: true,\n\t\t\txfbml: true,\n\t\t\toauth: true\n\t\t});\n   \t\t    \n\t  \t\t};\n    \/\/      \n    jQuery(window).load(function() {\n    \t(function(){\n    \t\tif(!document.getElementById('fb-root')) {\n    \t\t\tvar root = document.createElement('div');\n    \t\t\troot.id = 'fb-root';\n    \t\t\tdocument.getElementById('gkfb-root').appendChild(root);\n    \t\t\tvar e = document.createElement('script');\n    \t\t\te.src = document.location.protocol + '\/\/connect.facebook.net\/es_ES\/all.js';\n    \t\t\te.async = true;\n    \t\t\tdocument.getElementById('fb-root').appendChild(e);\n    \t\t}  \n    \t})();\n    });\n    \/\/]]>\n<\/script><br \/>\n<br \/><\/p>\n<p><em> &#8221; Fuentes www.lancelotdigital.com &#8221; <\/em><\/p>\n","protected":false},"excerpt":{"rendered":"<p>\u00a0 &#13; &#13; Se trata de Alianza Hotelera que patronea el &#8220;gur\u00fa del turismo&#8221;, el periodista Fernando Gallardo &#13; &#13; Lancelot Digital &#13; \u00a0 &#13; El pr\u00f3ximo lunes 11 de julio, a las 11:45 horas, tendr\u00e1 lugar en el Islote de la Fermina, la presentaci\u00f3n de Alianza Hotelera, nuevo proyecto del sector hoteler de Lanzarote.\u00a0 [&hellip;]<\/p>\n","protected":false},"author":4,"featured_media":347411,"comment_status":"open","ping_status":"closed","sticky":false,"template":"","format":"standard","meta":{"om_disable_all_campaigns":false,"jnews-multi-image_gallery":[],"jnews_single_post":[],"jnews_primary_category":[],"jnews_social_meta":[],"footnotes":""},"categories":[40],"tags":[946],"class_list":["post-347410","post","type-post","status-publish","format-standard","has-post-thumbnail","hentry","category-industria","tag-lancelot-digital-noticias-lanzarote-diario-digital-periodico-canarias-sucesos-deportes-cultura-vida-social-opinion-semanario-revista"],"_links":{"self":[{"href":"https:\/\/dimensionturistica.com\/es\/wp-json\/wp\/v2\/posts\/347410","targetHints":{"allow":["GET"]}}],"collection":[{"href":"https:\/\/dimensionturistica.com\/es\/wp-json\/wp\/v2\/posts"}],"about":[{"href":"https:\/\/dimensionturistica.com\/es\/wp-json\/wp\/v2\/types\/post"}],"author":[{"embeddable":true,"href":"https:\/\/dimensionturistica.com\/es\/wp-json\/wp\/v2\/users\/4"}],"replies":[{"embeddable":true,"href":"https:\/\/dimensionturistica.com\/es\/wp-json\/wp\/v2\/comments?post=347410"}],"version-history":[{"count":0,"href":"https:\/\/dimensionturistica.com\/es\/wp-json\/wp\/v2\/posts\/347410\/revisions"}],"wp:featuredmedia":[{"embeddable":true,"href":"https:\/\/dimensionturistica.com\/es\/wp-json\/wp\/v2\/media\/347411"}],"wp:attachment":[{"href":"https:\/\/dimensionturistica.com\/es\/wp-json\/wp\/v2\/media?parent=347410"}],"wp:term":[{"taxonomy":"category","embeddable":true,"href":"https:\/\/dimensionturistica.com\/es\/wp-json\/wp\/v2\/categories?post=347410"},{"taxonomy":"post_tag","embeddable":true,"href":"https:\/\/dimensionturistica.com\/es\/wp-json\/wp\/v2\/tags?post=347410"}],"curies":[{"name":"wp","href":"https:\/\/api.w.org\/{rel}","templated":true}]}}