{"id":347327,"date":"2022-07-08T07:33:21","date_gmt":"2022-07-08T07:33:21","guid":{"rendered":"https:\/\/dimensionturistica.com\/es\/?p=347327"},"modified":"2022-07-08T07:33:21","modified_gmt":"2022-07-08T07:33:21","slug":"en-el-ave-con-humor","status":"publish","type":"post","link":"https:\/\/dimensionturistica.com\/es\/en-el-ave-con-humor\/","title":{"rendered":"En el AVE, con humor"},"content":{"rendered":"<p> <br \/>\n<\/p>\n<div id=\"textoNoticia\">\n<p>Con motivo de la celebraci\u00f3n del 30 aniversario de la llegada del AVE, <a rel=\"nofollow noopener\" target=\"_blank\" href=\"https:\/\/www.renfe.com\/es\/es\">Renfe<\/a> actualiza el libro \u201cEn el AVE con humor\u201d que se public\u00f3 en 2009, coincidiendo con el primer aniversario de la puesta en funcionamiento de los servicios de alta velocidad entre Madrid y Barcelona.<\/p>\n<p>Para esta edici\u00f3n se ha contado con la colaboraci\u00f3n de una sesentena de dibujantes gr\u00e1ficos de toda Espa\u00f1a coordinados por Jaume Capdevila, KAP, que se han encontrado este mediod\u00eda en Madrid. Durante el trayecto en AVE desde diferentes ciudades y hasta el punto de encuentro, los artistas han aprovechado para dibujar, inspirados en las m\u00faltiples im\u00e1genes que les ha ofrecido el viaje, tanto en el inside como en el exterior del tren. Algunos de estos dibujos servir\u00e1n para ilustrar el nuevo libro cuya fecha de publicaci\u00f3n est\u00e1 prevista para finales de este a\u00f1o.<\/p>\n<p>Junto a KAP, se han unido al encuentro dibujantes de los principales medios, -as\u00ed como una buena representaci\u00f3n de autores de El Jueves-, como Ana Bel\u00e9n Rivero, Ant, Ermengol, Faro, Guille, Jordi March, Kim, L\u2019Avi, Llu\u00efsot, Manel Fondevila, Pedro Espinosa, Quel, Ricardo Peregrina, Tres, Bernal, David Vela, Franchu, Judit Frigola, Ra\u00fal Ari\u00f1o o Helena Anillo. En la lista tambi\u00e9n aparecen nombres como Eneko, JM Nieto, Malag\u00f3n, Nani y el de una figura destacada, la de Mat\u00edas, que ha sido el \u00faltimo ganador del World Press Cartoon.<\/p>\n<p>Adem\u00e1s, en \u201cEn el AVE con humor\u201d participar\u00e1n los artistas Maribel Carod, Raquel GU, Roc\u00edo Vidal, Toni Batllori y Pons\u00ed.<\/p>\n<p><strong>En el AVE con Humor, 2009<\/strong><\/p>\n<p>El libro que se edit\u00f3 hace 13 a\u00f1os cont\u00f3 con la coordinaci\u00f3n del hist\u00f3rico dibujante Jos\u00e9 Antonio Fern\u00e1ndez, Fer; y el pr\u00f3logo del periodista Josep M. Cadena. A prop\u00f3sito del viaje, Cadena escribi\u00f3 a modo de resumen de la iniciativa:<em> \u201cEl tren -el AVE en especial- descansa el viajero, le da seguridad y le incita a ser solidario con los dem\u00e1s. Y si se tiene suerte -como a m\u00ed me ha ocurrido- de desplazarse arropado por los humoristas gr\u00e1ficos m\u00e1s incisivos del pa\u00eds, la vida colectiva gana color y en formas. Porque en ellos hay inteligencia activa, palabras con nuevos sentidos, r\u00e1pidos, precisos que se concentran en caricaturas de personas y hechos m\u00e1s reales que los enga\u00f1os y espejismos de la vida misma\u201d<\/em>.<\/p>\n<p>En aquella ocasi\u00f3n, los encargados de retratar los primeros viajes de los AVE entre Madrid y Barcelona fueron dibujantes y humoristas de la talla de Guillermo Summers, Krahn, Munta\u00f1ola o Romeu, entre otros, al lado de muchos que repiten en esta segunda aventura, como Gallego &amp; Rey o Toni Batllori.<\/p>\n<\/div>\n<p><script>\n!function(f,b,e,v,n,t,s){if(f.fbq)return;n=f.fbq=function(){n.callMethod?\nn.callMethod.apply(n,arguments):n.queue.push(arguments)};if(!f._fbq)f._fbq=n;\nn.push=n;n.loaded=!0;n.version='2.0';n.queue=[];t=b.createElement(e);t.async=!0;\nt.src=v;s=b.getElementsByTagName(e)[0];s.parentNode.insertBefore(t,s)}(window,\ndocument,'script','\/\/connect.facebook.net\/en_US\/fbevents.js');\nfbq('init', '1760867457466831');\nfbq('track', \"PageView\");<\/script><br \/>\n<br \/><\/p>\n<p><em> &#8221; Fuentes www.inoutviajes.com &#8221; <\/em><\/p>\n","protected":false},"excerpt":{"rendered":"<p>Con motivo de la celebraci\u00f3n del 30 aniversario de la llegada del AVE, Renfe actualiza el libro \u201cEn el AVE con humor\u201d que se public\u00f3 en 2009, coincidiendo con el primer aniversario de la puesta en funcionamiento de los servicios de alta velocidad entre Madrid y Barcelona. Para esta edici\u00f3n se ha contado con la [&hellip;]<\/p>\n","protected":false},"author":4,"featured_media":347328,"comment_status":"open","ping_status":"closed","sticky":false,"template":"","format":"standard","meta":{"om_disable_all_campaigns":false,"jnews-multi-image_gallery":[],"jnews_single_post":[],"jnews_primary_category":[],"jnews_social_meta":[],"footnotes":""},"categories":[39],"tags":[9885,4479],"class_list":["post-347327","post","type-post","status-publish","format-standard","has-post-thumbnail","hentry","category-viajes","tag-ave","tag-humor"],"_links":{"self":[{"href":"https:\/\/dimensionturistica.com\/es\/wp-json\/wp\/v2\/posts\/347327","targetHints":{"allow":["GET"]}}],"collection":[{"href":"https:\/\/dimensionturistica.com\/es\/wp-json\/wp\/v2\/posts"}],"about":[{"href":"https:\/\/dimensionturistica.com\/es\/wp-json\/wp\/v2\/types\/post"}],"author":[{"embeddable":true,"href":"https:\/\/dimensionturistica.com\/es\/wp-json\/wp\/v2\/users\/4"}],"replies":[{"embeddable":true,"href":"https:\/\/dimensionturistica.com\/es\/wp-json\/wp\/v2\/comments?post=347327"}],"version-history":[{"count":0,"href":"https:\/\/dimensionturistica.com\/es\/wp-json\/wp\/v2\/posts\/347327\/revisions"}],"wp:featuredmedia":[{"embeddable":true,"href":"https:\/\/dimensionturistica.com\/es\/wp-json\/wp\/v2\/media\/347328"}],"wp:attachment":[{"href":"https:\/\/dimensionturistica.com\/es\/wp-json\/wp\/v2\/media?parent=347327"}],"wp:term":[{"taxonomy":"category","embeddable":true,"href":"https:\/\/dimensionturistica.com\/es\/wp-json\/wp\/v2\/categories?post=347327"},{"taxonomy":"post_tag","embeddable":true,"href":"https:\/\/dimensionturistica.com\/es\/wp-json\/wp\/v2\/tags?post=347327"}],"curies":[{"name":"wp","href":"https:\/\/api.w.org\/{rel}","templated":true}]}}