{"id":347073,"date":"2022-07-07T20:16:35","date_gmt":"2022-07-07T20:16:35","guid":{"rendered":"https:\/\/dimensionturistica.com\/es\/?p=347073"},"modified":"2022-07-07T20:17:44","modified_gmt":"2022-07-07T20:17:44","slug":"presentan-hay-festival-queretaro-en-su-septima-edicion","status":"publish","type":"post","link":"https:\/\/dimensionturistica.com\/es\/presentan-hay-festival-queretaro-en-su-septima-edicion\/","title":{"rendered":"Presentan \u00abHay Festival Quer\u00e9taro\u00bb en su s\u00e9ptima edici\u00f3n"},"content":{"rendered":"<p><img decoding=\"async\" class=\"size-medium wp-image-347086 alignright\" src=\"https:\/\/dimensionturistica.com\/es\/wp-content\/uploads\/2022\/07\/y-Festival-2022-4-300x200.jpg\" alt=\"\" width=\"300\" height=\"200\" srcset=\"https:\/\/dimensionturistica.com\/es\/wp-content\/uploads\/2022\/07\/y-Festival-2022-4-300x200.jpg 300w, https:\/\/dimensionturistica.com\/es\/wp-content\/uploads\/2022\/07\/y-Festival-2022-4.jpg 500w\" sizes=\"(max-width: 300px) 100vw, 300px\" \/>Presentamos la programaci\u00f3n de la s\u00e9ptima edici\u00f3n del Hay Festival Quer\u00e9taro 2022, a celebrarse en las siete delegaciones de la ciudad y con actividades por primera vez en los municipios queretanos de Ezequiel Montes, Corregidora y Tequisquiapan. Un programa de actividades culturales de calidad para todos y todas, con un listado de participantes que abarca 15 pa\u00edses, adem\u00e1s de grandes nombres nacionales y locales que llegan a Quer\u00e9taro a imaginar el mundo a trav\u00e9s de conversaciones, presentaciones, talleres y conciertos, ofreciendo un mapa actual del panorama cultural internacional; Hay Festival Quer\u00e9taro vuelve con la experiencia de las actividades presenciales y, adem\u00e1s, algunas de estas ser\u00e1n transmitidas en digital tambi\u00e9n, acercando el festival al p\u00fablico global.<br \/>\nPara dar este importante anuncio, nos acompa\u00f1aron: Juan L\u00f3pez-D\u00f3riga P\u00e9rez, Embajador de Espa\u00f1a en M\u00e9xico; Jon Benjamin, Embajador del Reino Unido en M\u00e9xico; Patricia Hoyos Belmont, <img decoding=\"async\" class=\"size-full wp-image-347088 alignleft\" src=\"https:\/\/dimensionturistica.com\/es\/wp-content\/uploads\/2022\/07\/FESTIVAL1.jpg\" alt=\"\" width=\"300\" height=\"270\" \/>Gerente de Sostenibilidad y Comunicaci\u00f3n Externa. SURA Asset Management M\u00e9xico; Secretar\u00edas Estatales de Turismo y Cultura de Quer\u00e9taro; Mariela Mor\u00e1n Ocampo y Marcela Herbert Pesquera; as\u00ed como las Secretar\u00edas Municipales de Turismo y Cultura de Quer\u00e9taro: Alejandra Iturbe Rosas y Mar\u00eda Teresa Garc\u00eda Besn\u00e9; Luis Bernardo Nava Guerrero, Presidente Municipal de Quer\u00e9taro; Cristina Fuentes La Roche, Directora Internacional del Hay Festival; Izara Garc\u00eda Rodr\u00edguez, Coordinadora Internacional del Hay Festival y a trav\u00e9s de un videomensaje Mauricio Kuri Gonz\u00e1lez, Gobernador del Estado de Quer\u00e9taro; quienes compartieron la extensa propuesta de este a\u00f1o.<br \/>\nSin m\u00e1s que a\u00f1adir, este es el Programa Oficial 2022 del Hay Festival Quer\u00e9taro, as\u00ed como informaci\u00f3n sobre las colaboraciones con nuestras y nuestros socios, que como cada a\u00f1o, hacen posible esta fiesta de las letras, las ideas y la imaginaci\u00f3n:<br \/>\nGrandes nombres: Premios Nobel<br \/>\nContaremos con la presencia de dos Premios Nobel: Wole Soyinka (Nigeria), Nobel de Literatura y uno de los escritores africanos m\u00e1s le\u00eddos y celebrados de la actualidad, que aporta al programa una mirada literaria desde el otro sur; y Tawakkol Karman (Yemen) Premio Nobel de la Paz, periodista y activista que ha luchado por la libertad de expresi\u00f3n y los derechos de las mujeres, participando en la resoluci\u00f3n de diversos conflictos en Medio Oriente.<br \/>\nLiteratura<\/p>\n<p>Voces de Europa, Am\u00e9rica y \u00c1frica, celebrando la literatura contempor\u00e1nea y nuevos nombres internacionales y nacionales. En las conversaciones sobre literatura se presentar\u00e1n novedades, se compartir\u00e1n experiencias de escritura y se dialogar\u00e1 sobre la literatura en espa\u00f1ol desde diferentes latitudes. Destacados nombres como Rosa Montero, Luc\u00eda Lijtmaer, Jes\u00fas Carrasco o Bibiana Candia de Espa\u00f1a; Viet Thanh Nguyen o Vivian Gornick de los Estados Unidos; Paul Muldoon de Irlanda, poeta ganador del Premio Pulitzer; Jean-Baptiste del Amo y Leila Slimani de Francia, acompa\u00f1ados de Wilfried N&#8217;Sond\u00e9 de Senegal; Dolores Reyes de Argentina; Felipe Restrepo Pombo de Colombia; Jerem\u00edas Gamboa de Per\u00fa; Horacio Castellanos Moya del Salvador, presentando su nueva novela el hombre amansado ; Guillermo Fadanelli, Gisela Leal, Emiliano Monge, M\u00f3nica Lav\u00edn, Gonzalo Celorio, Pedro \u00c1ngel Palou y Alma Delia Murillo de M\u00e9xico, que presentan sus nuevas novelas; autores\/as nacionales m\u00e1s emergentes como Clyo Mendoza, Paola Llamas Dinero, Alberto Villarreal (poeta, booktuber y todo un fen\u00f3meno literario en redes), Nadia \u00d1uu Savi, Horacio Warpola, Xel-ha L\u00f3pez M\u00e9ndez o Andr\u00e9s Cota Hiriart, que es adem\u00e1s cient\u00edfico y participar\u00e1 tambi\u00e9n en el programa para hablarnos de esta otra vertiente.<br \/>\nCelebraremos la extraordinaria carrera de la multi premiada autora Margo Glantz y contaremos con un acercamiento nuevo a la obra de Juan Rulfo, de la mano del acad\u00e9mico Francisco Carrillo. El \u00faltimo d\u00eda del festival contaremos con una actividad en la que, a trav\u00e9s de la lectura,<\/p>\n<p><img decoding=\"async\" class=\"size-medium wp-image-347090\" src=\"https:\/\/dimensionturistica.com\/es\/wp-content\/uploads\/2022\/07\/FESTIVAL2-238x300.jpg\" alt=\"\" width=\"238\" height=\"300\" srcset=\"https:\/\/dimensionturistica.com\/es\/wp-content\/uploads\/2022\/07\/FESTIVAL2-238x300.jpg 238w, https:\/\/dimensionturistica.com\/es\/wp-content\/uploads\/2022\/07\/FESTIVAL2.jpg 450w\" sizes=\"(max-width: 238px) 100vw, 238px\" \/><\/p>\n<p>homenajeamos a la recientemente fallecida escritora espa\u00f1ola Almudena Grandes, lectura a la que se podr\u00e1 sumar el p\u00fablico.<br \/>\nCiencia y Medioambiente<br \/>\nPor un lado, tendremos el privilegio de conocer el trabajo de cient\u00edficos como Carlos Briones y Antonio Mart\u00ednez Ron (ambos espa\u00f1oles), pero tambi\u00e9n hablaremos de la riqueza y biodiversidad de M\u00e9xico con Tiziana Ulian (Kew Gardens, Reino Unido) y Patricia D\u00e1vila Aranda (M\u00e9xico), y del poder de la mente humana y sus capacidades con el psiquiatra y psicoanalista George Makari (Estados Unidos).<br \/>\nM\u00fasica y Artes:<br \/>\nContaremos con la exclusiva visita de Jarvis Cocker, m\u00fasico, poeta y cara visible de la ya legendaria banda de pop brit\u00e1nico Pulp, en conversaci\u00f3n con Mariana H; tendremos el concierto de piano de Jorge Viladoms, con Luz de Luna, y una muy especial obra de teatro de las salvadore\u00f1as de La Cachada, compa\u00f1\u00eda de teatro formada por vendedoras ambulantes que ahora se dedican a la actuaci\u00f3n.<br \/>\nHistoria y Ensayo<br \/>\nPor un lado, Natalie Haynes (Reino Unido) nos invita a revisitar el mundo cl\u00e1sico desde una perspectiva silenciada por cientos de a\u00f1os: la de las mujeres. Por otro lado, nos acercamos a los museos y su relevancia hist\u00f3rica, simb\u00f3lica y respecto de la construcci\u00f3n de narrativas identitarias para los pa\u00edses, con la novela Obra Maestra de Juan Tall\u00f3n (Espa\u00f1a), y la mesa del lanzamiento de la antolog\u00eda Volver a contar, escritores latinoamericanos en los archivos del Museo Brit\u00e1nico un proyecto del Hay Festival en colaboraci\u00f3n con el Museo Brit\u00e1nico, con Yasnaya Elena Aguilar, Cristina Rivera Garza, Dolores Reyes y Joseph Z\u00e1rate, conversando con Amanda de la Garza, directora del MUAC. Carlos Gran\u00e9s (Colombia) presenta Delirio americano, donde analiza todas las corrientes culturales, pol\u00edticas e ideolog\u00edas que contribuyeron a la invenci\u00f3n de la Am\u00e9rica Latina moderna. Adem\u00e1s, Francois Hartog, historiador franc\u00e9s que ofrecer\u00e1 una conferencia magistral sobre la historia y el tiempo. E Iris Calder\u00f3n, Benjam\u00edn Kumantuk Xuxp\u00eb y Fernando Palma, quienes conversar\u00e1n con Isela Xospa sobre las ideolog\u00edas que han modificado radicalmente las m\u00faltiples formas de concebir lo que en t\u00e9rminos occidentales conocemos como: escritura, lectura, escuela, libros, bibliotecas, cat\u00e1logos y acervos.<br \/>\nIgualdades<br \/>\nNos importa acercarnos a las actividades culturales desde el \u00e1ngulo de la igualdad, en t\u00e9rminos<\/p>\n<p><img decoding=\"async\" class=\"size-medium wp-image-347091\" src=\"https:\/\/dimensionturistica.com\/es\/wp-content\/uploads\/2022\/07\/FESTIVAL3-225x300.jpg\" alt=\"\" width=\"225\" height=\"300\" srcset=\"https:\/\/dimensionturistica.com\/es\/wp-content\/uploads\/2022\/07\/FESTIVAL3-225x300.jpg 225w, https:\/\/dimensionturistica.com\/es\/wp-content\/uploads\/2022\/07\/FESTIVAL3.jpg 450w\" sizes=\"(max-width: 225px) 100vw, 225px\" \/><\/p>\n<p>de representaci\u00f3n, visibilizaci\u00f3n y debate. Este a\u00f1o a\u00f1o inclu\u00edmos la participaci\u00f3n de escritoras como Caitlin Moran (Reino Unido), que presentar\u00e1 con Gabriela Warkentin su nuevo libro Mas que una mujer ( La continuaci\u00f3n del ya cl\u00e1sico C\u00f3mo ser mujer); por su parte, Luc\u00eda Litjmaer, escritora y co-presentadora del podcast feminista en espa\u00f1ol m\u00e1s escuchado (Deforme Semanal) y Dahlia de la Cerda (M\u00e9xico, co fundadora del podcast Morras help Morras), desgranan estas tem\u00e1ticas en sus trabajos de ficci\u00f3n y no ficci\u00f3n; tres participantes debatir\u00e1n sobre igualdad y tecnolog\u00eda (Y\u00e1snaya Elena Aguilar, Emma Graham-Harrison y Marta Peirano) y adem\u00e1s hablaremos de racismo y de narrativas hist\u00f3ricas con celebrado escritor y acad\u00e9mico vietnamita Viet Thanh Nguyen.<\/p>\n<p>&nbsp;<\/p>\n<p>Educaci\u00f3n y cultura<\/p>\n<p>Reflexionaremos del urgente tema del acceso a la educaci\u00f3n gratuita y de calidad, con Elisa Guerra, educadora mexicana celebrada por la UNESCO y otras entidades internacionales como una innovadora en este campo. Este a\u00f1o tambi\u00e9n Hay Festival Quer\u00e9taro contar\u00e1 con una secci\u00f3n gratuita para universitarios, Hay Joven, que se celebra en los campuses de la UAQ, la UNAM, el Tec o la Anahuac; adem\u00e1s, nuestro programa para las infancias, el Hay Festivalito, llega tambi\u00e9n a las delegaciones y a las casas hogar de la ciudad, colaborando con las asociaciones civiles queretanas Zorro Rojo, LEO, En el Sem\u00e1foro se aprende y La otra banda, donde participar\u00e1n autores\/as como Liliana Blum, Juan Gedovius o Natalia Toledo, y tendremos paseos por la ciudad para los m\u00e1s peque\u00f1os\/as, con la actividad CaminaLee y un precioso \u201cmuro de los deseos\u201d en el Jard\u00edn Guerrero. El programa del Hay Delegaciones llevar\u00e1 lo mejor del festival a las seis delegaciones fuera del centro hist\u00f3rico y, por primera vez, estaremos organizando actividades a Ezequiel Montes, Corregidora y Tequisquiapan.<br \/>\nTecnolog\u00eda<\/p>\n<p>La tecnolog\u00eda es parte fundamental de nuestras vidas, \u00bfc\u00f3mo sacarle el mejor partido de una manera \u00e9tica y cuidando nuestra privacidad? \u00bfQu\u00e9 debemos saber sobre internet? \u00bfPor qu\u00e9 son tan importantes los podcasts para informarnos? Con Marta Peirano y Esther Paniagua (Espa\u00f1a) que conversar\u00e1n sobre los riesgos y ventajas del internet; y Carole Cadwalladr (Reino Unido), la investigadora que destap\u00f3 el caso de Cambridge Analytica. Adem\u00e1s, dos eventos muy especiales sobre podcasts, por un lado, el lanzamiento en exclusiva en el Hay Festival Quer\u00e9taro de la nueva temporada de Radio Ambulante, el podcast en espa\u00f1ol que fue pionero en formato y contenidos y que cuenta las mejores historias de Am\u00e9rica Latina, y por otro lado, una mesa sobre podcasts exitosos con Eliezer Budassoff, editor de proyectos especiales en El Pa\u00eds, entre otros.<br \/>\nPeriodismo y actualidad<br \/>\nLos mejores profesionales de los mejores medios participar\u00e1n en el programa, entrevistando y tambi\u00e9n reflexionando sobre su profesi\u00f3n, con Alma Guillermoprieto, la gran cronista y reportera mexicana, Joseph Z\u00e1rate de Per\u00fa, Emma Graham-Harrison del Reino Unido, as\u00ed como Denise Maerker, Yuriria Sierra, Jacobo Garc\u00eda, Karla Iberia S\u00e1nchez y Olivia Zer\u00f3n, entre muchos otros\/as. Emiliano Ruiz Parra y Lidiette Carri\u00f3n estar\u00e1n conversando con Felipe Rosete sobre su trabajo como cronistas sobre Ecatepec, un espacio urbano que ejemplifica muchos de los problemas y posibilidades del M\u00e9xico actual. BBC Mundo, El Pa\u00eds y NPR son nuestros socios medi\u00e1ticos<\/p>\n<figure id=\"attachment_347095\" aria-describedby=\"caption-attachment-347095\" style=\"width: 274px\" class=\"wp-caption alignleft\"><img decoding=\"async\" class=\"size-medium wp-image-347095\" src=\"https:\/\/dimensionturistica.com\/es\/wp-content\/uploads\/2022\/07\/FESTIVAL5-274x300.jpg\" alt=\"\" width=\"274\" height=\"300\" srcset=\"https:\/\/dimensionturistica.com\/es\/wp-content\/uploads\/2022\/07\/FESTIVAL5-274x300.jpg 274w, https:\/\/dimensionturistica.com\/es\/wp-content\/uploads\/2022\/07\/FESTIVAL5.jpg 450w\" sizes=\"(max-width: 274px) 100vw, 274px\" \/><figcaption id=\"caption-attachment-347095\" class=\"wp-caption-text\">smart<\/figcaption><\/figure>\n<p>internacionales.<br \/>\nTalento Editorial<br \/>\nDentro de esta secci\u00f3n del programa, donde miramos a las nuevas tendencias en edici\u00f3n, a los proyectos novedosos y a las librer\u00edas, contaremos con representantes de librer\u00edas espa\u00f1olas y mexicanas, como Letras Corsarias (Salamanca, Espa\u00f1a) o U-t\u00f3picas (M\u00e9xico), editoras de la talla de Silvia Ses\u00e9 de Anagrama u Hoja de Lata, y editoriales queretanas como Pal\u00edndroma.<br \/>\n\u00bfC\u00f3mo adquirir boletos?<br \/>\nPara el acceso a los eventos presenciales del programa general, pueden adquirir sus boletos en la web del festival o, a partir del 29 de agosto, en la taquilla del Teatro de la Ciudad; estas actividades con coste son gratuitas si usted es estudiante universitario o mayor de 65 a\u00f1os, solo debe registrarse en nuestra web. Los eventos del Hay Festivalito, Hay Delegaciones y las actividades en Ezequiel Montes, Corregidora y Tequisquiapan, son gratuitos hasta completar aforo. Hay Joven tambi\u00e9n es gratuito, solo deben registrarse en nuestra web.<br \/>\nFinalmente, revise nuestra web para ver las actividades que se pasar\u00e1n en streaming y hacer un registro gratis para su visionado en directo o en diferido.<br \/>\nGracias a nuestros socios<br \/>\nEl Municipio y el Estado de Quer\u00e9taro, a trav\u00e9s de sus secretar\u00edas de Cultura y Turismo respectivamente, y con apoyo de la Secretar\u00eda de Turismo Municipal y de la Secretar\u00eda Estatal de Cultura, son nuestros socios principales. Su apoyo es fundamental no solo para realizar el festival, sino para su continuidad a\u00f1o a a\u00f1o, llegando cada vez m\u00e1s a espacios fuera de la ciudad; muchas gracias por hacer de este evento un ejemplo de actividades culturales sostenibles y con impacto en la poblaci\u00f3n.<br \/>\nA trav\u00e9s de un mensaje v\u00eda streaming, Mauricio Kuri Gonz\u00e1lez, Gobernador del Estado de Quer\u00e9taro, resalt\u00f3: \u201cDesde hace siete a\u00f1os, las y los queretanos adoptamos el Hay Festival como un espacio muy nuestro. Desde entonces, hemos encendido luces que no se apagan, ideas inclusivas, pensamientos accesibles, voces que dialogan, textos que se comparten y encuentros que generan comunidad; cultura hecha por todos y para todos. En Quer\u00e9taro ya estamos listos para celebrar el arte, la literatura, y el di\u00e1logo colectivo, para convivir con lo mejor del talento nacional e internacional, para reencontrarnos en comunidad en iniciativas y proyectos, para construir un mundo sin barreras, que defienda la libertad de so\u00f1ar, de sentir, de expresar y de crear\u201d.<br \/>\nEl Presidente Municipal de Quer\u00e9taro, Luis Nava, destac\u00f3 y agradeci\u00f3 que la ciudad sea sede por s\u00e9ptimo a\u00f1o consecutivo de uno de los festivales m\u00e1s importantes del mundo, sobre todo en un momento en el que la palabra, el arte y la cultura, son el camino para imaginar nuevas formas de organizarnos como sociedad y hacer frente a los retos que se nos presentan en todas las \u00e1reas.<br \/>\nNuestro aliado para Am\u00e9rica Latina, SURA, permite no solo la celebraci\u00f3n del Hay Quer\u00e9taro, si no tambi\u00e9n de nuestros proyectos hermanos en la regi\u00f3n, tejiendo una red de festivales de prestigio. Gracias por creer en el poder transformador de la cultura.<br \/>\nPatricia Hoyos Belmont, Gerente de Sostenibilidad y Comunicaci\u00f3n Externa. SURA Asset Management M\u00e9xico se\u00f1al\u00f3: \u201cEn SURA nos enorgullece ser el aliado del Hay Festival Quer\u00e9taro por siete a\u00f1os consecutivos. Nuestra Compa\u00f1\u00eda est\u00e1 consciente de la importancia de apoyar iniciativas que promuevan el conocimiento, el di\u00e1logo, la cultura, el arte y las conversaciones diversas que nos permitan construir desde la diferencia. Sin duda, Hay Festival Quer\u00e9taro se encuentra en sinton\u00eda con el prop\u00f3sito de SURA de contribuir a la creaci\u00f3n de bienestar y desarrollo sostenible de las sociedades y ciudadanos\u201d,<br \/>\nDOW consolida su apoyo al festival, ayud\u00e1ndonos a hacerlo m\u00e1s sustentable a trav\u00e9s de la medici\u00f3n y neutralizaci\u00f3n de nuestra huella de carbono, permitiendo que durante el evento los espectadores\/as puedan reciclar residuos y acceder a agua potable entre charla y charla y apoyando la restauraci\u00f3n de las ciclov\u00edas de la ciudad de Quer\u00e9taro, un sistema de transporte limpio, seguro y sustentable. Mauricio Alvarado, Director de Ciudadan\u00eda Global para Dow Am\u00e9rica Latina y Asuntos P\u00fablicos para Dow Regi\u00f3n Norte de Am\u00e9rica Latina se\u00f1al\u00f3: \u201cHoy, m\u00e1s que nunca, el mundo necesita liderazgo en sostenibilidad ambiental y generar alianzas para generar un impacto positivo para el planeta. El cambio clim\u00e1tico tiene graves consecuencias para la econom\u00eda mundial y la salud y el bienestar de las personas.<br \/>\nLos objetivos de \u201cProtecci\u00f3n del clima\u201d de Dow reflejan nuestro compromiso de acelerar nuestro trabajo con nuestros proveedores, clientes, comunidades y socios de la cadena de valor para garantizar que el ecosistema de Dow sea neutral en carbono para 2050. Queremos hacernos responsables en cada paso del camino, desde nuestras materias primas hasta el final de la vida de nuestros productos.<br \/>\nEn este mismo sentido, en Dow nos unimos nuevamente al Hay Festival para colaborar y concientizar a los asistentes y aliados sobre la responsabilidad que todos tenemos en la protecci\u00f3n del planeta, no solo a trav\u00e9s de la generaci\u00f3n de ideas, sino tambi\u00e9n en poner en marcha acciones que marquen la diferencia.<br \/>\nComo empresa de ciencias con 125 a\u00f1os de historia de innovaci\u00f3n, sabemos que juntos, empresas, gobierno y ciudadan\u00eda podemos Imaginar un mejor futuro para todos\u201d.<br \/>\nAgradecemos a nuestros socios medi\u00e1ticos globales, BBC Mundo y El Pa\u00eds, su apoyo a lo largo de estos a\u00f1os, ayud\u00e1ndonos a comunicar el festival m\u00e1s all\u00e1 de las actividades, y damos la bienvenida a un nuevo socio medi\u00e1tico para Latinoam\u00e9rica, NPR- Radio Ambulante, que no estar\u00e1 acompa\u00f1ando en esta aventura.<br \/>\nNuestros socios globales AC\/E, AECID, Cymru Wales y el British Council nos permiten incluir participantes que llegan desde muchas partes del mundo a enriquecer el programa y ense\u00f1arnos otras maneras de ver el mundo.<br \/>\nTambi\u00e9n agradecer su apoyo a Baillie Gifford, a la UNAM, a CAF, a Open Society Foundation, al Eccles Center for American Studies, a Kew Gardens, a la Embajada de Francia \/ IFAL en M\u00e9xico, a RTQ, Chilango, LEO, Zorro Rojo, La Otra Banda, En el sem\u00e1foro se aprende y Educaci\u00f3n Imaginativa, por ser parte de esta gran familia que hace posible el festival.<br \/>\nEl Hay Joven solo se puede llevar a cabo por la valiosa colaboraci\u00f3n de la Universidad An\u00e1huac, ITESM, Universidad Aut\u00f3noma de Quer\u00e9taro, la UNAM y el ITMS.<br \/>\nLlegamos a Dallas, en los Estados Unidos, con The Wild Detectives, con el apoyo de instituciones educativas como South Methodist University, University or North Texas, University of Texas at Arlington y el Consulado de M\u00e9xico en Dallas<br \/>\nTambi\u00e9n agradecer su apoyo a las editoriales grandes y peque\u00f1as que nos acompa\u00f1an con sus libros en el festival.<\/p>\n","protected":false},"excerpt":{"rendered":"<p>Presentamos la programaci\u00f3n de la s\u00e9ptima edici\u00f3n del Hay Festival Quer\u00e9taro 2022, a celebrarse en las siete delegaciones de la ciudad y con actividades por primera vez en los municipios queretanos de Ezequiel Montes, Corregidora y Tequisquiapan. Un programa de actividades culturales de calidad para todos y todas, con un listado de participantes que abarca [&hellip;]<\/p>\n","protected":false},"author":1,"featured_media":347087,"comment_status":"open","ping_status":"closed","sticky":false,"template":"","format":"standard","meta":{"om_disable_all_campaigns":false,"jnews-multi-image_gallery":[],"jnews_single_post":{"source_name":"","source_url":"","via_name":"","via_url":"","override_template":"0","override":[{"template":"1","single_blog_custom":"","parallax":"1","fullscreen":"1","layout":"right-sidebar","sidebar":"default-sidebar","second_sidebar":"default-sidebar","sticky_sidebar":"1","share_position":"top","share_float_style":"share-monocrhome","show_share_counter":"1","show_view_counter":"1","show_featured":"1","show_post_meta":"1","show_post_author":"1","show_post_author_image":"1","show_post_date":"1","post_date_format":"default","post_date_format_custom":"Y\/m\/d","show_post_category":"1","show_post_reading_time":"0","post_reading_time_wpm":"300","show_zoom_button":"0","zoom_button_out_step":"2","zoom_button_in_step":"3","show_post_tag":"1","show_prev_next_post":"1","show_popup_post":"1","number_popup_post":"1","show_author_box":"0","show_post_related":"0","show_inline_post_related":"0"}],"override_image_size":"0","image_override":[{"single_post_thumbnail_size":"crop-500","single_post_gallery_size":"crop-500"}],"trending_post":"0","trending_post_position":"meta","trending_post_label":"Trending","sponsored_post":"0","sponsored_post_label":"Sponsored by","sponsored_post_name":"","sponsored_post_url":"","sponsored_post_logo_enable":"0","sponsored_post_logo":"","sponsored_post_desc":"","disable_ad":"0"},"jnews_primary_category":{"id":""},"jnews_social_meta":{"fb_title":"","fb_description":"","fb_image":"","twitter_title":"","twitter_description":"","twitter_image":""},"footnotes":""},"categories":[40],"tags":[],"class_list":["post-347073","post","type-post","status-publish","format-standard","has-post-thumbnail","hentry","category-industria"],"_links":{"self":[{"href":"https:\/\/dimensionturistica.com\/es\/wp-json\/wp\/v2\/posts\/347073","targetHints":{"allow":["GET"]}}],"collection":[{"href":"https:\/\/dimensionturistica.com\/es\/wp-json\/wp\/v2\/posts"}],"about":[{"href":"https:\/\/dimensionturistica.com\/es\/wp-json\/wp\/v2\/types\/post"}],"author":[{"embeddable":true,"href":"https:\/\/dimensionturistica.com\/es\/wp-json\/wp\/v2\/users\/1"}],"replies":[{"embeddable":true,"href":"https:\/\/dimensionturistica.com\/es\/wp-json\/wp\/v2\/comments?post=347073"}],"version-history":[{"count":0,"href":"https:\/\/dimensionturistica.com\/es\/wp-json\/wp\/v2\/posts\/347073\/revisions"}],"wp:featuredmedia":[{"embeddable":true,"href":"https:\/\/dimensionturistica.com\/es\/wp-json\/wp\/v2\/media\/347087"}],"wp:attachment":[{"href":"https:\/\/dimensionturistica.com\/es\/wp-json\/wp\/v2\/media?parent=347073"}],"wp:term":[{"taxonomy":"category","embeddable":true,"href":"https:\/\/dimensionturistica.com\/es\/wp-json\/wp\/v2\/categories?post=347073"},{"taxonomy":"post_tag","embeddable":true,"href":"https:\/\/dimensionturistica.com\/es\/wp-json\/wp\/v2\/tags?post=347073"}],"curies":[{"name":"wp","href":"https:\/\/api.w.org\/{rel}","templated":true}]}}