{"id":346838,"date":"2022-07-07T11:58:38","date_gmt":"2022-07-07T11:58:38","guid":{"rendered":"https:\/\/dimensionturistica.com\/es\/?p=346838"},"modified":"2022-07-07T11:58:38","modified_gmt":"2022-07-07T11:58:38","slug":"viaje-a-un-paisaje-de-roca-y-arte-de-vanguardia","status":"publish","type":"post","link":"https:\/\/dimensionturistica.com\/es\/viaje-a-un-paisaje-de-roca-y-arte-de-vanguardia\/","title":{"rendered":"viaje a un paisaje de roca y arte de vanguardia"},"content":{"rendered":"<p> <br \/>\n<\/p>\n<div>\n<p class=\"date\"> <time itemprop=\"dateModified\" datetime=\"2022-07-07T13:25:00+02:00\" data-timestamp=\"1657200300\">&#13;07 de julio de 2022 \u00b7 13:25<\/time>&#13;<\/p>\n<\/div>\n<div id=\"article-sumary\">\n<div class=\"article-txt ad-mobile-top\">\n<p>La ciudad nueva da la bienvenida en una vega pl\u00e1cida mientras la vieja vigila desde un promontorio angosto que forman la confluencia de dos profundas hoces: la del Hu\u00e9car y la del J\u00facar.<strong> Se construy\u00f3 sobre una especie de pen\u00ednsula flotante donde es tradici\u00f3n crear el arte menos tradicional. <\/strong>Hoy ya no existen esas murallas que, en alianza con los acantilados, imped\u00edan subir desde la vega, y hay calles asfaltadas que se retuercen para salvar los precipicios.\u00a0\u00a0<\/p>\n<p>Pero esta ruta entra a <a rel=\"nofollow noopener\" target=\"_blank\" href=\"https:\/\/viajes.nationalgeographic.com.es\/c\/cuenca\">Cuenca<\/a> desde las alturas, a trav\u00e9s del istmo de dicha pen\u00ednsula, por una fortificaci\u00f3n que hac\u00eda de cerrojo. Esto permite recorrer esta delgada l\u00ednea, flanqueada por miradores y rascacielos medievales que se asoman peligrosamente al vac\u00edo, visitar un templo que es campo de pruebas de un arte que traspasa la religi\u00f3n, descubrir\u00a0los mitos m\u00e1s m\u00e1gicos de la Reconquista, descender a las riberas para asaltar una serran\u00eda de formas caprichosas y evocar aquella Cuenca neblinosa, inundada por marismas y humedales, que habitaban seres extraordinarios.\u00a0<\/p>\n<\/div>\n<\/div>\n\n<p><em> &#8221; Fuentes viajes.nationalgeographic.com.es &#8221; <\/em><\/p>\n","protected":false},"excerpt":{"rendered":"<p>&#13;07 de julio de 2022 \u00b7 13:25&#13; La ciudad nueva da la bienvenida en una vega pl\u00e1cida mientras la vieja vigila desde un promontorio angosto que forman la confluencia de dos profundas hoces: la del Hu\u00e9car y la del J\u00facar. Se construy\u00f3 sobre una especie de pen\u00ednsula flotante donde es tradici\u00f3n crear el arte menos [&hellip;]<\/p>\n","protected":false},"author":4,"featured_media":346839,"comment_status":"open","ping_status":"closed","sticky":false,"template":"","format":"standard","meta":{"om_disable_all_campaigns":false,"jnews-multi-image_gallery":[],"jnews_single_post":[],"jnews_primary_category":[],"jnews_social_meta":[],"footnotes":""},"categories":[39],"tags":[47258,47257],"class_list":["post-346838","post","type-post","status-publish","format-standard","has-post-thumbnail","hentry","category-viajes","tag-cargado-desde-el-fichero-de-recursos","tag-keywords-por-defecto"],"_links":{"self":[{"href":"https:\/\/dimensionturistica.com\/es\/wp-json\/wp\/v2\/posts\/346838","targetHints":{"allow":["GET"]}}],"collection":[{"href":"https:\/\/dimensionturistica.com\/es\/wp-json\/wp\/v2\/posts"}],"about":[{"href":"https:\/\/dimensionturistica.com\/es\/wp-json\/wp\/v2\/types\/post"}],"author":[{"embeddable":true,"href":"https:\/\/dimensionturistica.com\/es\/wp-json\/wp\/v2\/users\/4"}],"replies":[{"embeddable":true,"href":"https:\/\/dimensionturistica.com\/es\/wp-json\/wp\/v2\/comments?post=346838"}],"version-history":[{"count":0,"href":"https:\/\/dimensionturistica.com\/es\/wp-json\/wp\/v2\/posts\/346838\/revisions"}],"wp:featuredmedia":[{"embeddable":true,"href":"https:\/\/dimensionturistica.com\/es\/wp-json\/wp\/v2\/media\/346839"}],"wp:attachment":[{"href":"https:\/\/dimensionturistica.com\/es\/wp-json\/wp\/v2\/media?parent=346838"}],"wp:term":[{"taxonomy":"category","embeddable":true,"href":"https:\/\/dimensionturistica.com\/es\/wp-json\/wp\/v2\/categories?post=346838"},{"taxonomy":"post_tag","embeddable":true,"href":"https:\/\/dimensionturistica.com\/es\/wp-json\/wp\/v2\/tags?post=346838"}],"curies":[{"name":"wp","href":"https:\/\/api.w.org\/{rel}","templated":true}]}}