{"id":346637,"date":"2022-07-07T02:10:46","date_gmt":"2022-07-07T02:10:46","guid":{"rendered":"https:\/\/dimensionturistica.com\/es\/?p=346637"},"modified":"2022-07-07T02:10:46","modified_gmt":"2022-07-07T02:10:46","slug":"iberia-en-sus-95-anos-de-operaciones-la-aerolinea-se-reinventa-viajar-vida","status":"publish","type":"post","link":"https:\/\/dimensionturistica.com\/es\/iberia-en-sus-95-anos-de-operaciones-la-aerolinea-se-reinventa-viajar-vida\/","title":{"rendered":"Iberia: En sus 95 a\u00f1os de operaciones, la aerol\u00ednea se reinventa &#8211; Viajar &#8211; Vida"},"content":{"rendered":"<p> <br \/>\n<\/p>\n<div itemprop=\"articleBody\">\n<!-- inread - article_add_mudules.html.twig --><\/p>\n<p class=\"contenido\" id=\"p684699-m557-556-558\"><b>El verano lleg\u00f3 a Europa y se convierte en sin\u00f3nimo de vacaciones, sol, descanso y mucha diversi\u00f3n<\/b>, de hecho, es f\u00e1cil encontrarse en las ciudades capitales con ferias y festividades en las calles, la mayor\u00eda de ellas son de car\u00e1cter gratuito y de gran contenido social y cultural.<\/p>\n<p>(De seguro le interesa leer:\u00a0<a rel=\"nofollow noopener\" target=\"_blank\" href=\"https:\/\/www.eltiempo.com\/vida\/viajar\/iberia-y-madrid-presentan-un-avion-para-promocionar-la-ciudad-como-destino-675346\">Iberia y Madrid presentan un avi\u00f3n para promocionar la ciudad como destino)<\/a><\/p>\n<p class=\"contenido\" id=\"p684699-m601-2-602\">El verano\u00a0 inici\u00f3 el 21 de junio y va hasta finales de agosto. Los d\u00edas son m\u00e1s largos y esto coincide con el fin de a\u00f1o escolar y con el cambio de moda: tonos frescos y claros, blusas ligeras, faldas en todos los estilos, bermudas, el objetivo: que aunque se tenga la sensaci\u00f3n de altas temperaturas se pueda disfrutar cada ocasi\u00f3n.<\/p>\n<p>(Lo invitamos a leer:\u00a0<a rel=\"nofollow noopener\" target=\"_blank\" href=\"https:\/\/www.eltiempo.com\/vida\/viajar\/turismo-los-destinos-ocultos-en-europa-y-el-mundo-para-visitar-en-2022-672777\">Las doce mejores &#8216;joyas ocultas&#8217; del mundo para visitar en 2022)<\/a><\/p>\n<p>Si lo piensa, esta es una de las mejores \u00e9pocas para visitar el llamado Viejo Continente y su recorrido puede iniciar en Madrid, Espa\u00f1a, una ciudad que no duerme y que cuenta con diversas actividades para desarrollar en familia, con la pareja o amigos, y si el plan es viajar solo, no lo dude, ya que\u00a0<b>Madrid es calificada como una de las ciudades m\u00e1s seguras de Europa.<\/b><\/p>\n<p>El viaje lo puede realizar en los modernos y c\u00f3modos aviones de Iberia, empresa espa\u00f1ola que cumple 95 a\u00f1os de servicio y que est\u00e1 votando la casa por la ventana en su aniversario y en la b\u00fasqueda de sobrepasar sus propios est\u00e1ndares de confort a sus usuarios.<\/p>\n<p>(Le sugerimos leer:\u00a0<a rel=\"nofollow noopener\" target=\"_blank\" href=\"https:\/\/www.eltiempo.com\/vida\/viajar\/los-paises-mas-baratos-para-viajar-en-vacaciones-segun-skyscanner-674718\">Los seis pa\u00edses m\u00e1s econ\u00f3micos para viajar, seg\u00fan Skyscanner)<\/a><\/p>\n<div class=\"fotografia vertical\" id=\"p684699-m652-4-653\">\n<div class=\"imagen-cuerpo-bk\">\n<figure itemscope=\"\" itemtype=\"https:\/\/schema.org\/ImageObject\" itemprop=\"image\" id=\"m657-656-658\" class=\"foto-galeria-articulo\"><img decoding=\"async\" alt=\"Nuevos uniformes Iberia 2022\" src=\"https:\/\/www.eltiempo.com\/images\/1x1.png\" style=\" display: inline;\" width=\"312px\" height=\"470px\" data-original=\"\/files\/article_vertical_content_new\/uploads\/2022\/07\/06\/62c5f61dc4a86.jpeg\"\/><meta itemprop=\"width\" content=\"312\"\/><meta itemprop=\"height\" content=\"470\"\/><meta itemprop=\"url\" content=\"https:\/\/www.eltiempo.com\/files\/article_vertical_content_new\/uploads\/2022\/07\/06\/62c5f61dc4a86.jpeg\"\/><\/figure>\n<\/div>\n<div class=\"figcaption-cuerpo-bk credito-image-bk\"><figcaption class=\"foto-info\">\n<div class=\"titulo-foto-bk\">\n<p id=\"m664-1-665\" class=\"titulo\">los uniformes que fueron dise\u00f1ados por Teresa Helbig, quien se centr\u00f3 en la elegancia, pero dise\u00f1o prendas c\u00f3modas.<\/p>\n<\/div>\n<\/figcaption><\/div>\n<\/div>\n<p class=\"contenido\" id=\"p684699-m678-5-679\">En medio de esta apuesta, la aerol\u00ednea present\u00f3 los nuevos uniformes que en una primera fase lucen pilotos y el private de vuelo que cubre las rutas internas en Espa\u00f1a y algunos vuelos internacionales. <\/p>\n<p>(Por contexto, lo invitamos a leer:\u00a0<a rel=\"nofollow noopener\" target=\"_blank\" href=\"https:\/\/www.eltiempo.com\/vida\/viajar\/los-mejores-planes-para-hacer-si-viaja-a-madrid-espana-596397\">Los mejores planes para sacarle provecho a su viaje a Madrid, Espa\u00f1a)<\/a><\/p>\n<p>En este momento, son cerca de 7.000 trabajadores de la aerol\u00ednea los que visten los uniformes que fueron dise\u00f1ados por Teresa Helbig, quien se centr\u00f3 en la elegancia, pero dise\u00f1o prendas c\u00f3modas en las que son predominantes los tonos azules, rojos y amarillos, que representan los valores de Iberia: \u201c<b>vanguardia, proximidad, vitalidad, excelencia y vocaci\u00f3n de servicio\u201d.<br \/>\u200b<\/b><br \/>Este proceso de transformaci\u00f3n se ira desarrollando durante el segundo semestre de 2022, y se basa en mejorar la atenci\u00f3n a bordo de cada pasajero partiendo de la premisa de que \u201c<b>cada cliente es \u00fanico y cada viaje distinto<\/b>\u201d, y por ello, la experiencia en clase turista, turista premium y enterprise class, debe ser la mejor e inolvidable si vuela en Iberia.<\/p>\n<p>(Podr\u00eda ser de su inter\u00e9s leer:\u00a0<a rel=\"nofollow noopener\" target=\"_blank\" href=\"https:\/\/www.eltiempo.com\/vida\/viajar\/iberia-recupera-sus-vuelos-con-america-latina-con-18-destinos-594168\">Iberia recupera sus vuelos con Am\u00e9rica Latina con 18 destinos)<\/a><\/p>\n<p>En ese orden de concepts la aerol\u00ednea se mantiene y prioriza el cuidado del medio ambiente, por lo que aprovechando la tecnolog\u00eda brinda a sus pasajeros la opci\u00f3n de escoger el men\u00fa \u2013 desayuno, almuerzo o cena \u2013 dependiendo de las horas de vuelo a trav\u00e9s de un men\u00fa digital; esto tiene dos objetivos: reducir el consumo de papel y un eventual desperdicio de comida.<\/p>\n<p><span class=\"articulo-subtitulo\" id=\"p684699-m684-6-685\">A bordo, lo mejor de la gastronom\u00eda espa\u00f1ola<\/span><\/p>\n<p class=\"contenido\" id=\"p684699-m690-7-691\">Ese men\u00fa se puede observar \u2013 en tiempo actual &#8211; a trav\u00e9s de un c\u00f3digo QR as\u00ed no se tenga conexi\u00f3n a una crimson; de hecho, para los vuelos trasatl\u00e1nticos como lo es la ruta Bogot\u00e1 \u2013 Madrid, Iberia renov\u00f3 su apuesta gastron\u00f3mica.<\/p>\n<p>\u201c<b>Quisimos darle un toque espa\u00f1ol y a la vez, mezclarlo con la saz\u00f3n internacional. Manejamos un selecto grupo de proveedores nacionales y jugamos con los sabores y los colores, que sean muy llamativos<\/b>\u201d, dijo a VIAJAR, Carlos Polvorosa, subchef al servicio de la aerol\u00ednea.<\/p>\n<p>Polvorosa, es uno de los 6 subchef \u2013 al frente de las cocinas de la empresa- encargados de dirigir la preparaci\u00f3n de unos 20.000 o 30.000 platos diarios, que bajo el liderazgo de un cheff ejecutivo y el director de producci\u00f3n cuenta con la mano de obra de unas 180 personas (ayudantes, cocineros) entrenadas y capacitadas en el manejo y preparaci\u00f3n de alimentos.<\/p>\n<p>(De seguro le interesa leer:\u00a0<a rel=\"nofollow noopener\" target=\"_blank\" href=\"https:\/\/www.eltiempo.com\/vida\/viajar\/ibiza-recupera-la-fiesta-tras-dos-anos-de-pandemia-682297\">La fiesta vuelve a Ibiza despu\u00e9s de las restricciones)<\/a><\/p>\n<p>\u201cNuestros productos son nacionales y en clase business podr\u00e1n disfrutar de un buen cordero (con una preparaci\u00f3n previa de 24 horas en salsas), un bacalao confitado a baja temperatura, pastas elaboradas de manera artesanal, son productos de alta calidad, al cien por ciento\u201d, asegur\u00f3 el chef.<\/p>\n<p>De igual forma, el profesional en culinaria se\u00f1al\u00f3 que cada plato se prepara a diario, \u201c<b>los productos son frescos, nada congelado, por eso, nosotros los chef experimentados jugamos con los sabores para que no se pierda el sabor de los alimentos a 30.000 pies de altura, ya que a esa altura las gl\u00e1ndulas gustativas cambian porque la humedad baja en un 12 por ciento<\/b>\u201d, puntualiz\u00f3 Polvorosa.<\/p>\n<p>Para mejorar la experiencia gastron\u00f3mica a bordo, los pasajeros businnes tendr\u00e1n de entrada una selecci\u00f3n de aceitunas y almendras previas a escoger entre un ross beat &#8211; muy tierno, con un toque de piment\u00f3n de La Vega, t\u00edpico espa\u00f1ol \u2013 y una llamativa opci\u00f3n vegetariana.<\/p>\n<p>Y de postre, lo mejor de lo mejor de Espa\u00f1a, ya que Iberia cuenta con su pasteler\u00eda propia y una opci\u00f3n exquisita e helado acompa\u00f1ada de un caramelo t\u00edpico de Madrid.<\/p>\n<div class=\"fotografia\" id=\"p684699-m696-8-697\">\n<div class=\"imagen-cuerpo-bk\">\n<figure itemscope=\"\" itemtype=\"https:\/\/schema.org\/ImageObject\" itemprop=\"image\" id=\"m701-700-702\" class=\"foto-galeria-articulo\"><img decoding=\"async\" alt=\"Iberia se moderniza\" src=\"https:\/\/www.eltiempo.com\/images\/1x1.png\" style=\" display: inline;\" width=\"652px\" height=\"366px\" data-original=\"\/files\/article_content_new\/files\/crop\/uploads\/2022\/07\/06\/62c5f8ca93767.r_1657159293870.0-304-1200-977.jpeg\"\/><meta itemprop=\"width\" content=\"652\"\/><meta itemprop=\"height\" content=\"366\"\/><meta itemprop=\"url\" content=\"https:\/\/www.eltiempo.com\/files\/article_content_new\/files\/crop\/uploads\/2022\/07\/06\/62c5f8ca93767.r_1657159293870.0-304-1200-977.jpeg\"\/><\/figure>\n<\/div>\n<div class=\"figcaption-cuerpo-bk credito-image-bk\"><figcaption class=\"foto-info\">\n<div class=\"titulo-foto-bk\">\n<p id=\"m708-1-709\" class=\"titulo\">Cabinas en businnes class.<\/p>\n<\/div>\n<div class=\"credito-apertura-strong-bk credito-image-bk\">\n<strong>Foto:<\/strong><\/p>\n<p id=\"m714-2-715\" class=\"autor\">Alicia Liliana M\u00e9ndez\/EL TIEMPO<\/p>\n<\/div>\n<\/figcaption><\/div>\n<\/div>\n<p><span class=\"articulo-subtitulo\" id=\"p684699-m722-9-723\">Wifi a 14.000 metros de altura<\/span><\/p>\n<p class=\"contenido\" id=\"p684699-m728-10-729\">Para Iberia, el confort prima para sus pasajeros y m\u00e1s cuando se trata de un vuelo de 9 o 10 horas, como es el caso Bogot\u00e1 \u2013 Madrid, para ello, cada asiento cuenta con su sistema de entretenimiento, una pantalla en la que se puede seguir \u2013 en tiempo actual \u2013 el recorrido del vuelo, altura, velocidad, punto geogr\u00e1fico por el que se est\u00e1 volando; adem\u00e1s de 160 pel\u00edculas, en su mayor\u00eda estrenos y 480 documentales, collection, m\u00fasica \u2013 230 opciones entre playlist y podcasts.<\/p>\n<p>A esto se sum\u00f3, a partir de junio, que los clientes del programa de fidelizaci\u00f3n Iberia Plus y los pasajeros que viajan en businnes class gozan de la posibilidad de<b> acceder a wifi de manera gratuita a trav\u00e9s de una conexi\u00f3n satelital sobre los 14.000 pies de altura.<\/b><\/p>\n<p>(Lo invitamos a leer:\u00a0<a rel=\"nofollow noopener\" target=\"_blank\" href=\"https:\/\/www.eltiempo.com\/vida\/viajar\/jantar-mantar-asi-es-el-observatorio-astronomico-creado-hace-300-anos-680188\">As\u00ed es Jantar Mantar, el observatorio astron\u00f3mico de hace 300 a\u00f1os)<\/a><\/p>\n<p>Esto le permitir\u00e1 viajero mantenerse en contacto (laboral o private) a trav\u00e9s de WhatsApp, Telegram, Fb Messeneger, y enviar correos (sin archivos o im\u00e1genes adjuntas).<\/p>\n<p>A lo que se suma, en businnes class, la incorporaci\u00f3n de un protector acolchado, que har\u00e1 su viaje m\u00e1s descansado y placido en caso de que desee dormir.<\/p>\n<p><span class=\"articulo-subtitulo\" id=\"p684699-m779-12-780\">Los mejores vinos\u00a0<\/span><\/p>\n<div class=\"fotografia vertical\" id=\"p684699-m785-13-786\">\n<div class=\"imagen-cuerpo-bk\">\n<figure itemscope=\"\" itemtype=\"https:\/\/schema.org\/ImageObject\" itemprop=\"image\" id=\"m790-789-791\" class=\"foto-galeria-articulo\"><img decoding=\"async\" alt=\"Cata de vinos Iberia\" src=\"https:\/\/www.eltiempo.com\/images\/1x1.png\" style=\" display: inline;\" width=\"312px\" height=\"470px\" data-original=\"\/files\/article_vertical_content_new\/files\/crop\/uploads\/2022\/07\/04\/62c3620b73ca4.r_1657159293891.443-0-953-768.jpeg\"\/><meta itemprop=\"width\" content=\"312\"\/><meta itemprop=\"height\" content=\"470\"\/><meta itemprop=\"url\" content=\"https:\/\/www.eltiempo.com\/files\/article_vertical_content_new\/files\/crop\/uploads\/2022\/07\/04\/62c3620b73ca4.r_1657159293891.443-0-953-768.jpeg\"\/><\/figure>\n<\/div>\n<div class=\"figcaption-cuerpo-bk credito-image-bk\"><figcaption class=\"foto-info\">\n<div class=\"titulo-foto-bk\">\n<p id=\"m797-1-798\" class=\"titulo\">Cata de vinos en el Centro de Experiencias de Iberia, en Madrid, Espa\u00f1a. Jos\u00e9 Manuel Elvira, sumiller del Membership del Vino de Iberia.<\/p>\n<\/div>\n<div class=\"credito-apertura-strong-bk credito-image-bk\">\n<strong>Foto:<\/strong><\/p>\n<p id=\"m803-2-804\" class=\"autor\">Alicia Liliana M\u00e9ndez \/EL TIEMPO<\/p>\n<\/div>\n<\/figcaption><\/div>\n<\/div>\n<p class=\"contenido\" id=\"p684699-m811-14-812\">Y claro, Espa\u00f1a es sin\u00f3nimo del buen vino, y en ese aspecto la aerol\u00ednea no se queda atr\u00e1s y como en cada temporada cambio su oferta en vuelo.<\/p>\n<p>\u201c<b>Todos los vinos que servimos a bordo son vinos espa\u00f1oles, vinos de productores peque\u00f1os. Vinos categor\u00eda premium, de alta calidad<\/b>\u201d, afirm\u00f3 a VIAJAR, Jos\u00e9 Manuel Elvira, sumiller del Membership del Vino de Iberia.<\/p>\n<p>Elvira, dijo que en esta temporada se est\u00e1 ofreciendo un vino cava, espumoso, que se suele servir como aperitivo o de entrada; un blanco, verdejo, \u201ces un vino seco, entre un punto amargo de entrada, pero ya en el paladar dulce\u201d, describi\u00f3 el sumiller.<\/p>\n<p>Y un tinto, de la regi\u00f3n Rioja Alabeza, reserva 2014, para acompa\u00f1ar carnes suaves. \u201c<b>Los vimos espa\u00f1oles sobresalen por la emoci\u00f3n que se pone a la hora de elaborarlos, es la forma de poner empe\u00f1o, de dar lo mejor en su preparaci\u00f3n y ese toque especial al paladar<\/b>\u201d, puntualiz\u00f3 Elvira.\u200b<\/p>\n<p><span class=\"articulo-subtitulo\" id=\"p684699-m817-15-818\">Asociaci\u00f3n Envera<\/span><\/p>\n<p class=\"contenido\" id=\"p684699-m823-16-824\">Los pasajeros reciben un equipment de aseo (crema de dientes, cepillo, alcohol, medias de compresi\u00f3n, entre otros) <b>\u00a0elaborado por los integrantes de la Asociaci\u00f3n Envera<\/b>, cuyo valor es agregado es que es una asociaci\u00f3n de empleados de Iberia, padres de personas con discapacidad, en la que trabajan unas 750 personas, 500 de ellas con discapacidades, quienes por m\u00e1s de 30 a\u00f1os han elaborado varios productos de la aerol\u00ednea como las servilletas.<\/p>\n<p><span class=\"articulo-subtitulo\" id=\"p684699-m829-17-830\">A descansar en NH Resort Group<\/span><\/p>\n<p class=\"contenido\" id=\"p684699-m835-18-836\">Ya en Madrid, podr\u00e1 alojare en uno de 21 hoteles de la<b> cadena NH Resort Group<\/b>, que cuenta con instalaciones de 3, 4 y 5 estrellas, ubicados en puntos estrat\u00e9gicos de la ciudad como el NH La Gran V\u00eda, instalado sobre este punto tur\u00edstico y de visita obligada a la capital espa\u00f1ola.<\/p>\n<p>O el NH Balboa, ubicado en una de las zonas empresariales de Madrid, muy cerca al metro y otros puntos tur\u00edsticos como la Puerta de Alcal\u00e1 o el parque El Retiro.<\/p>\n<p>NH sobresale por la atenci\u00f3n al cliente, sus habitaciones amplias y con grandes ventanales, wifi gratuito, limpieza y\u00a0 exquisitos platos en cada uno de sus restaurantes.<\/p>\n<p>Una noche en Madrid debe acompa\u00f1arse de unas buenas tapas y la cerveza de la casa, <b>Mahou, cervecera espa\u00f1ola fundada en 1890<\/b>, que cuenta con gran variedad de gamas, desde la Mahou cl\u00e1sica, una cerveza dorada, con cierto sabor afrutado y cerca de 5 grados de alcohol.<\/p>\n<p>O la Mahou maestra, doble l\u00fapulo, con 7 grados de alcohol, una cerveza amarga, pero suave y ligera; Madrid lo espera, es un excelente destino lleno de cultura, historia y mucha diversi\u00f3n.<b>*Invitaci\u00f3n de Iberia.<\/b><\/p>\n<p><span class=\"articulo-subtitulo\" id=\"p684699-m841-19-842\">Otros art\u00edculos de la revista Viajar:\u00a0<\/span><\/p>\n<p class=\"contenido\" id=\"p684699-m847-20-848\">&#8211;<a rel=\"nofollow noopener\" target=\"_blank\" href=\"https:\/\/www.eltiempo.com\/vida\/viajar\/turismo-en-colombia-informe-de-anato-sobre-viajeros-extranjeros-en-2022-684584\">\u00a0Avanza la reactivaci\u00f3n del turismo extranjero en el pa\u00eds<\/a><\/p>\n<p>&#8211;\u00a0<a rel=\"nofollow noopener\" target=\"_blank\" href=\"https:\/\/www.eltiempo.com\/vida\/viajar\/crucero-volador-puede-durar-en-el-aire-durante-anos-683915\">As\u00ed ser\u00eda el primer viaje en un crucero a\u00e9reo<\/a><\/p>\n<p>En Twitter: @Viajar ET<\/p>\n<\/div>\n\n<p><em> &#8221; Fuentes www.eltiempo.com &#8221; <\/em><\/p>\n","protected":false},"excerpt":{"rendered":"<p>El verano lleg\u00f3 a Europa y se convierte en sin\u00f3nimo de vacaciones, sol, descanso y mucha diversi\u00f3n, de hecho, es f\u00e1cil encontrarse en las ciudades capitales con ferias y festividades en las calles, la mayor\u00eda de ellas son de car\u00e1cter gratuito y de gran contenido social y cultural. (De seguro le interesa leer:\u00a0Iberia y Madrid [&hellip;]<\/p>\n","protected":false},"author":4,"featured_media":346638,"comment_status":"open","ping_status":"closed","sticky":false,"template":"","format":"standard","meta":{"om_disable_all_campaigns":false,"jnews-multi-image_gallery":[],"jnews_single_post":[],"jnews_primary_category":[],"jnews_social_meta":[],"footnotes":""},"categories":[39],"tags":[770,808,700,790],"class_list":["post-346637","post","type-post","status-publish","format-standard","has-post-thumbnail","hentry","category-viajes","tag-espana","tag-iberia","tag-madrid","tag-viajar"],"_links":{"self":[{"href":"https:\/\/dimensionturistica.com\/es\/wp-json\/wp\/v2\/posts\/346637","targetHints":{"allow":["GET"]}}],"collection":[{"href":"https:\/\/dimensionturistica.com\/es\/wp-json\/wp\/v2\/posts"}],"about":[{"href":"https:\/\/dimensionturistica.com\/es\/wp-json\/wp\/v2\/types\/post"}],"author":[{"embeddable":true,"href":"https:\/\/dimensionturistica.com\/es\/wp-json\/wp\/v2\/users\/4"}],"replies":[{"embeddable":true,"href":"https:\/\/dimensionturistica.com\/es\/wp-json\/wp\/v2\/comments?post=346637"}],"version-history":[{"count":0,"href":"https:\/\/dimensionturistica.com\/es\/wp-json\/wp\/v2\/posts\/346637\/revisions"}],"wp:featuredmedia":[{"embeddable":true,"href":"https:\/\/dimensionturistica.com\/es\/wp-json\/wp\/v2\/media\/346638"}],"wp:attachment":[{"href":"https:\/\/dimensionturistica.com\/es\/wp-json\/wp\/v2\/media?parent=346637"}],"wp:term":[{"taxonomy":"category","embeddable":true,"href":"https:\/\/dimensionturistica.com\/es\/wp-json\/wp\/v2\/categories?post=346637"},{"taxonomy":"post_tag","embeddable":true,"href":"https:\/\/dimensionturistica.com\/es\/wp-json\/wp\/v2\/tags?post=346637"}],"curies":[{"name":"wp","href":"https:\/\/api.w.org\/{rel}","templated":true}]}}