{"id":346470,"date":"2022-07-06T19:37:25","date_gmt":"2022-07-06T19:37:25","guid":{"rendered":"https:\/\/dimensionturistica.com\/es\/?p=346470"},"modified":"2022-07-06T19:37:25","modified_gmt":"2022-07-06T19:37:25","slug":"inicia-el-registro-para-la-37-edicion-presencial-de-abastur-2022","status":"publish","type":"post","link":"https:\/\/dimensionturistica.com\/es\/inicia-el-registro-para-la-37-edicion-presencial-de-abastur-2022\/","title":{"rendered":"Inicia el registro para la 37 edici\u00f3n presencial de Abastur 2022"},"content":{"rendered":"<p><img decoding=\"async\" class=\"size-medium wp-image-346514 alignleft\" src=\"https:\/\/dimensionturistica.com\/es\/wp-content\/uploads\/2022\/07\/ABABSTUR4-300x200.jpg\" alt=\"\" width=\"300\" height=\"200\" srcset=\"https:\/\/dimensionturistica.com\/es\/wp-content\/uploads\/2022\/07\/ABABSTUR4-300x200.jpg 300w, https:\/\/dimensionturistica.com\/es\/wp-content\/uploads\/2022\/07\/ABABSTUR4.jpg 450w\" sizes=\"(max-width: 300px) 100vw, 300px\" \/> Ya inici\u00f3 el registro para la 37\u00aa edici\u00f3n de ABASTUR 2022, el evento que este a\u00f1o reunir\u00e1 las mejores oportunidades de negocio para empresas proveedoras de Hoteles, Restaurantes, Catering y Cafeter\u00edas de M\u00e9xico y Latinoam\u00e9rica, en un solo lugar de manera presencial. Este magno evento tendr\u00e1 lugar del 31 de agosto al 2 de septiembre en Centro Citibanamex.<br \/>\nEn ABASTUR 2022 los asistentes encontrar\u00e1n en un mismo lugar a expositores de M\u00e9xico y del mundo, tanto en el piso de exhibici\u00f3n presencial como en la plataforma digital, a trav\u00e9s de los cuales podr\u00e1n disfrutar de diferentes opciones de contenido y conferencias basadas en los temas m\u00e1s relevantes para la industria.<img decoding=\"async\" class=\"size-medium wp-image-346516 alignright\" src=\"https:\/\/dimensionturistica.com\/es\/wp-content\/uploads\/2022\/07\/ABASTUR2-300x199.jpg\" alt=\"\" width=\"300\" height=\"199\" srcset=\"https:\/\/dimensionturistica.com\/es\/wp-content\/uploads\/2022\/07\/ABASTUR2-300x199.jpg 300w, https:\/\/dimensionturistica.com\/es\/wp-content\/uploads\/2022\/07\/ABASTUR2.jpg 450w\" sizes=\"(max-width: 300px) 100vw, 300px\" \/><br \/>\nPresentando lo \u00faltimo en tendencias, tecnolog\u00eda y novedades de esta industria en constante crecimiento, los asistentes podr\u00e1n visitar los pabellones especializados en donde encontrar\u00e1n aplicaciones e innovaciones de nuestros expositores y marcas l\u00edderes del sector.<br \/>\nUno de los pabellones m\u00e1s esperados ser\u00e1 el pabell\u00f3n de Nuevos Negocios, un espacio destinado a los nuevos talentos y promesas empresariales, desde nuevos lanzamientos de la industria, hasta emprendedores que desean crecer en el sector. Adem\u00e1s, se llevar\u00e1 a cabo el Hospitality Summit programa educativo desarrollado con contenido especializado para los profesionales que buscan la excelencia en sus servicios.<br \/>\nEste a\u00f1o ABASTUR y Expo Med contar\u00e1n con el Pabellon ISSA como tendencia, la asociaci\u00f3n l\u00edder en la industria de la limpieza a nivel mundial, a trav\u00e9s del cual expositores y asistentes podr\u00e1n tener la oportunidad de conectar con compradores y tomadores de decisi\u00f3n tanto de la industria de hoteles, restaurantes, servicios de banquetes como del sector salud, donde se presentar\u00e1n nuevos productos y servicios que le permitan descubrir c\u00f3mo incrementar la rentabilidad y la<img decoding=\"async\" class=\"size-medium wp-image-346518 alignleft\" src=\"https:\/\/dimensionturistica.com\/es\/wp-content\/uploads\/2022\/07\/ABASTURFOTO-300x171.jpg\" alt=\"\" width=\"300\" height=\"171\" srcset=\"https:\/\/dimensionturistica.com\/es\/wp-content\/uploads\/2022\/07\/ABASTURFOTO-300x171.jpg 300w, https:\/\/dimensionturistica.com\/es\/wp-content\/uploads\/2022\/07\/ABASTURFOTO.jpg 450w\" sizes=\"(max-width: 300px) 100vw, 300px\" \/> productividad en su negocio.<br \/>\nEntre los expositores confirmados, se encuentra Grupo Aislac\u00f3n, quien presentar\u00e1 soluciones en refrigeraci\u00f3n comercial e industrial para tiendas de conveniencia; Vollrath Co, compa\u00f1\u00eda que proporciona equipos comerciales de alta calidad para cocinar y servir; Akupara, empresa mexicana que desarolla productos 100% compostables y comestibles; LAPPSA, l\u00edder a nivel nacional en la venta de suministros y amenidades para hoteles, entre muchas m\u00e1s compa\u00f1\u00edas listas para estos dos d\u00edas de networking, aprendizaje y crecimiento para las compa\u00f1\u00edas de la industria.<br \/>\nCuidando la salud y bienestar de cada asistente, ABASTUR 2022 se llevar\u00e1 a cabo de acuerdo con la norma de salud y seguridad de Informa AllSecure. Informa Markets, principal organizador de eventos en el mundo ha desarrollado un conjunto detallado de medidas mejoradas para proporcionar los m\u00e1s altos niveles de higiene y seguridad en sus eventos, proporcionando la seguridad y confianza de participar en un ambiente seguro y controlado.<br \/>\nLos interesados en asistir a la edici\u00f3n presencial de ABASTUR de manera gratuita podr\u00e1n hacer su registro en esta liga para vivir de primera mano las novedades del sector.<\/p>\n","protected":false},"excerpt":{"rendered":"<p>Ya inici\u00f3 el registro para la 37\u00aa edici\u00f3n de ABASTUR 2022, el evento que este a\u00f1o reunir\u00e1 las mejores oportunidades de negocio para empresas proveedoras de Hoteles, Restaurantes, Catering y Cafeter\u00edas de M\u00e9xico y Latinoam\u00e9rica, en un solo lugar de manera presencial. Este magno evento tendr\u00e1 lugar del 31 de agosto al 2 de septiembre [&hellip;]<\/p>\n","protected":false},"author":1,"featured_media":346515,"comment_status":"open","ping_status":"closed","sticky":false,"template":"","format":"standard","meta":{"om_disable_all_campaigns":false,"jnews-multi-image_gallery":[],"jnews_single_post":{"source_name":"","source_url":"","via_name":"","via_url":"","override_template":"0","override":[{"template":"1","single_blog_custom":"","parallax":"1","fullscreen":"1","layout":"right-sidebar","sidebar":"default-sidebar","second_sidebar":"default-sidebar","sticky_sidebar":"1","share_position":"top","share_float_style":"share-monocrhome","show_share_counter":"1","show_view_counter":"1","show_featured":"1","show_post_meta":"1","show_post_author":"1","show_post_author_image":"1","show_post_date":"1","post_date_format":"default","post_date_format_custom":"Y\/m\/d","show_post_category":"1","show_post_reading_time":"0","post_reading_time_wpm":"300","show_zoom_button":"0","zoom_button_out_step":"2","zoom_button_in_step":"3","show_post_tag":"1","show_prev_next_post":"1","show_popup_post":"1","number_popup_post":"1","show_author_box":"0","show_post_related":"0","show_inline_post_related":"0"}],"override_image_size":"0","image_override":[{"single_post_thumbnail_size":"crop-500","single_post_gallery_size":"crop-500"}],"trending_post":"0","trending_post_position":"meta","trending_post_label":"Trending","sponsored_post":"0","sponsored_post_label":"Sponsored by","sponsored_post_name":"","sponsored_post_url":"","sponsored_post_logo_enable":"0","sponsored_post_logo":"","sponsored_post_desc":"","disable_ad":"0"},"jnews_primary_category":{"id":""},"jnews_social_meta":{"fb_title":"","fb_description":"","fb_image":"","twitter_title":"","twitter_description":"","twitter_image":""},"footnotes":""},"categories":[40],"tags":[],"class_list":["post-346470","post","type-post","status-publish","format-standard","has-post-thumbnail","hentry","category-industria"],"_links":{"self":[{"href":"https:\/\/dimensionturistica.com\/es\/wp-json\/wp\/v2\/posts\/346470","targetHints":{"allow":["GET"]}}],"collection":[{"href":"https:\/\/dimensionturistica.com\/es\/wp-json\/wp\/v2\/posts"}],"about":[{"href":"https:\/\/dimensionturistica.com\/es\/wp-json\/wp\/v2\/types\/post"}],"author":[{"embeddable":true,"href":"https:\/\/dimensionturistica.com\/es\/wp-json\/wp\/v2\/users\/1"}],"replies":[{"embeddable":true,"href":"https:\/\/dimensionturistica.com\/es\/wp-json\/wp\/v2\/comments?post=346470"}],"version-history":[{"count":0,"href":"https:\/\/dimensionturistica.com\/es\/wp-json\/wp\/v2\/posts\/346470\/revisions"}],"wp:featuredmedia":[{"embeddable":true,"href":"https:\/\/dimensionturistica.com\/es\/wp-json\/wp\/v2\/media\/346515"}],"wp:attachment":[{"href":"https:\/\/dimensionturistica.com\/es\/wp-json\/wp\/v2\/media?parent=346470"}],"wp:term":[{"taxonomy":"category","embeddable":true,"href":"https:\/\/dimensionturistica.com\/es\/wp-json\/wp\/v2\/categories?post=346470"},{"taxonomy":"post_tag","embeddable":true,"href":"https:\/\/dimensionturistica.com\/es\/wp-json\/wp\/v2\/tags?post=346470"}],"curies":[{"name":"wp","href":"https:\/\/api.w.org\/{rel}","templated":true}]}}