{"id":346452,"date":"2022-07-06T18:25:02","date_gmt":"2022-07-06T18:25:02","guid":{"rendered":"https:\/\/dimensionturistica.com\/es\/?p=346452"},"modified":"2022-07-06T18:25:02","modified_gmt":"2022-07-06T18:25:02","slug":"compiten-ocho-proyectos-mexicanos-de-arte-ciencia-y-tecnologia-en-el-programa-europeo-flash-act","status":"publish","type":"post","link":"https:\/\/dimensionturistica.com\/es\/compiten-ocho-proyectos-mexicanos-de-arte-ciencia-y-tecnologia-en-el-programa-europeo-flash-act\/","title":{"rendered":"Compiten ocho proyectos mexicanos de arte, ciencia y tecnolog\u00eda en el programa europeo Flash ACT"},"content":{"rendered":"<p><img decoding=\"async\" class=\"size-medium wp-image-346456 alignleft\" src=\"https:\/\/dimensionturistica.com\/es\/wp-content\/uploads\/2022\/07\/AI.LIEN2_-300x169.jpg\" alt=\"\" width=\"300\" height=\"169\" srcset=\"https:\/\/dimensionturistica.com\/es\/wp-content\/uploads\/2022\/07\/AI.LIEN2_-300x169.jpg 300w, https:\/\/dimensionturistica.com\/es\/wp-content\/uploads\/2022\/07\/AI.LIEN2_-768x431.jpg 768w, https:\/\/dimensionturistica.com\/es\/wp-content\/uploads\/2022\/07\/AI.LIEN2_-750x421.jpg 750w, https:\/\/dimensionturistica.com\/es\/wp-content\/uploads\/2022\/07\/AI.LIEN2_.jpg 794w\" sizes=\"(max-width: 300px) 100vw, 300px\" \/>Ocho proyectos mexicanos que conjugan arte, ciencia y tecnolog\u00eda, enfocados al medio ambiente, fueron seleccionados dentro del programa Flash ACT de apoyo a la creaci\u00f3n interdisciplinaria, cuya segunda edici\u00f3n tiene como tema \u201cLa \u00e9tica de la tierra\u201d.<br \/>\nLas propuestas elegidas en abril pasado recibieron un monto de 3,500 euros (unos 3,600 d\u00f3lares americanos) para su desarrollo. El pr\u00f3ximo 9 de julio ser\u00e1n presentadas en el<img decoding=\"async\" class=\"size-medium wp-image-346457 alignright\" src=\"https:\/\/dimensionturistica.com\/es\/wp-content\/uploads\/2022\/07\/Biofonia1-300x168.png\" alt=\"\" width=\"300\" height=\"168\" srcset=\"https:\/\/dimensionturistica.com\/es\/wp-content\/uploads\/2022\/07\/Biofonia1-300x168.png 300w, https:\/\/dimensionturistica.com\/es\/wp-content\/uploads\/2022\/07\/Biofonia1-768x429.png 768w, https:\/\/dimensionturistica.com\/es\/wp-content\/uploads\/2022\/07\/Biofonia1-750x419.png 750w, https:\/\/dimensionturistica.com\/es\/wp-content\/uploads\/2022\/07\/Biofonia1.png 794w\" sizes=\"(max-width: 300px) 100vw, 300px\" \/> Goethe-Institut Mexiko (Tonal\u00e1 43, colonia Roma, CDMX), a las 11 horas, en un evento retransmitido al p\u00fablico en redes sociales, en donde los equipos finalistas presentar\u00e1n su trabajo final ante un jurado internacional, que seleccionar\u00e1 la propuesta m\u00e1s s\u00f3lida. El ganador recibir\u00e1 asesor\u00eda para la difusi\u00f3n de su proyecto.<br \/>\nLas propuestas abordan la contaminaci\u00f3n sonora en ecosistemas marinos, una soluci\u00f3n biol\u00f3gica contra la poluci\u00f3n causada por las criptomonedas, el uso de plantas ex\u00f3ticas invasoras en ambientes urbanos, as\u00ed como comportamientos y trastornos en cuerpos de agua.<img decoding=\"async\" class=\"size-medium wp-image-346458 alignright\" src=\"https:\/\/dimensionturistica.com\/es\/wp-content\/uploads\/2022\/07\/Chinampa-del-futuro-2-300x230.jpg\" alt=\"\" width=\"300\" height=\"230\" srcset=\"https:\/\/dimensionturistica.com\/es\/wp-content\/uploads\/2022\/07\/Chinampa-del-futuro-2-300x230.jpg 300w, https:\/\/dimensionturistica.com\/es\/wp-content\/uploads\/2022\/07\/Chinampa-del-futuro-2-1024x786.jpg 1024w, https:\/\/dimensionturistica.com\/es\/wp-content\/uploads\/2022\/07\/Chinampa-del-futuro-2-768x589.jpg 768w, https:\/\/dimensionturistica.com\/es\/wp-content\/uploads\/2022\/07\/Chinampa-del-futuro-2-1536x1179.jpg 1536w, https:\/\/dimensionturistica.com\/es\/wp-content\/uploads\/2022\/07\/Chinampa-del-futuro-2-2048x1572.jpg 2048w, https:\/\/dimensionturistica.com\/es\/wp-content\/uploads\/2022\/07\/Chinampa-del-futuro-2-750x576.jpg 750w, https:\/\/dimensionturistica.com\/es\/wp-content\/uploads\/2022\/07\/Chinampa-del-futuro-2-1140x875.jpg 1140w\" sizes=\"(max-width: 300px) 100vw, 300px\" \/><br \/>\nTambi\u00e9n tratan la importancia del trabajo comunitario para mitigar crisis culturales derivadas de la devastaci\u00f3n ambiental en zonas biodiversas, la concientizaci\u00f3n sobre la protecci\u00f3n a flora, fauna y recursos naturales, el impacto por el uso indiscriminado de los productos de consumo humano, y la experimentaci\u00f3n y la domesticaci\u00f3n forzada de las plantas.<br \/>\nFlash ACT surgi\u00f3 de la colaboraci\u00f3n entre el Goethe-Institut Mexiko, la Embajada de Francia en M\u00e9xico-Instituto Franc\u00e9s de Am\u00e9rica Latina (IFAL), el Centro Cultural de Espa\u00f1a, la Delegaci\u00f3n de la Uni\u00f3n Europea en M\u00e9xico y el colectivo mexicano Mermelada de Juegos. Cuenta con el apoyo de EUNIC-European Union National Institutes for Culture, una red compuesta por organizaciones culturales de la Uni\u00f3n Europea que opera en m\u00e1s de 90 pa\u00edses.<img decoding=\"async\" class=\"size-medium wp-image-346466 alignright\" src=\"https:\/\/dimensionturistica.com\/es\/wp-content\/uploads\/2022\/07\/ACTA-300x300.jpg\" alt=\"\" width=\"300\" height=\"300\" srcset=\"https:\/\/dimensionturistica.com\/es\/wp-content\/uploads\/2022\/07\/ACTA-300x300.jpg 300w, https:\/\/dimensionturistica.com\/es\/wp-content\/uploads\/2022\/07\/ACTA-150x150.jpg 150w, https:\/\/dimensionturistica.com\/es\/wp-content\/uploads\/2022\/07\/ACTA-75x75.jpg 75w, https:\/\/dimensionturistica.com\/es\/wp-content\/uploads\/2022\/07\/ACTA-350x350.jpg 350w, https:\/\/dimensionturistica.com\/es\/wp-content\/uploads\/2022\/07\/ACTA.jpg 500w\" sizes=\"(max-width: 300px) 100vw, 300px\" \/><br \/>\nSe trata de un programa gratuito y en l\u00ednea que, desde su primera edici\u00f3n, ha fomentado el di\u00e1logo entre disciplinas, la difusi\u00f3n del conocimiento cient\u00edfico y la producci\u00f3n de piezas de arte e innovaci\u00f3n tecnol\u00f3gica para promover la conciencia ecol\u00f3gica, contribuyendo con los Objetivos de Desarrollo Sostenible de la Organizaci\u00f3n de las Naciones Unidas.<br \/>\nSe adjuntan bolet\u00edn de prensa, im\u00e1genes de los ocho proyectos participantes y el cartel del programa. En esta liga pueden descargar un video de 30 segundos: https:\/\/drive.google.com\/file\/d\/1meH93D48sJrUJloS_PVcEns3qSo6epwR\/view?usp=sharing<br \/>\nLos organizadores y los l\u00edderes de los proyectos participantes est\u00e1n disponibles para entrevistas.<\/p>\n","protected":false},"excerpt":{"rendered":"<p>Ocho proyectos mexicanos que conjugan arte, ciencia y tecnolog\u00eda, enfocados al medio ambiente, fueron seleccionados dentro del programa Flash ACT de apoyo a la creaci\u00f3n interdisciplinaria, cuya segunda edici\u00f3n tiene como tema \u201cLa \u00e9tica de la tierra\u201d. Las propuestas elegidas en abril pasado recibieron un monto de 3,500 euros (unos 3,600 d\u00f3lares americanos) para su [&hellip;]<\/p>\n","protected":false},"author":1,"featured_media":346467,"comment_status":"open","ping_status":"closed","sticky":false,"template":"","format":"standard","meta":{"om_disable_all_campaigns":false,"jnews-multi-image_gallery":[],"jnews_single_post":{"source_name":"","source_url":"","via_name":"","via_url":"","override_template":"0","override":[{"template":"1","single_blog_custom":"","parallax":"1","fullscreen":"1","layout":"right-sidebar","sidebar":"default-sidebar","second_sidebar":"default-sidebar","sticky_sidebar":"1","share_position":"top","share_float_style":"share-monocrhome","show_share_counter":"1","show_view_counter":"1","show_featured":"1","show_post_meta":"1","show_post_author":"1","show_post_author_image":"1","show_post_date":"1","post_date_format":"default","post_date_format_custom":"Y\/m\/d","show_post_category":"1","show_post_reading_time":"0","post_reading_time_wpm":"300","show_zoom_button":"0","zoom_button_out_step":"2","zoom_button_in_step":"3","show_post_tag":"1","show_prev_next_post":"1","show_popup_post":"1","number_popup_post":"1","show_author_box":"0","show_post_related":"0","show_inline_post_related":"0"}],"override_image_size":"0","image_override":[{"single_post_thumbnail_size":"crop-500","single_post_gallery_size":"crop-500"}],"trending_post":"0","trending_post_position":"meta","trending_post_label":"Trending","sponsored_post":"0","sponsored_post_label":"Sponsored by","sponsored_post_name":"","sponsored_post_url":"","sponsored_post_logo_enable":"0","sponsored_post_logo":"","sponsored_post_desc":"","disable_ad":"0"},"jnews_primary_category":{"id":""},"jnews_social_meta":{"fb_title":"","fb_description":"","fb_image":"","twitter_title":"","twitter_description":"","twitter_image":""},"footnotes":""},"categories":[40],"tags":[],"class_list":["post-346452","post","type-post","status-publish","format-standard","has-post-thumbnail","hentry","category-industria"],"_links":{"self":[{"href":"https:\/\/dimensionturistica.com\/es\/wp-json\/wp\/v2\/posts\/346452","targetHints":{"allow":["GET"]}}],"collection":[{"href":"https:\/\/dimensionturistica.com\/es\/wp-json\/wp\/v2\/posts"}],"about":[{"href":"https:\/\/dimensionturistica.com\/es\/wp-json\/wp\/v2\/types\/post"}],"author":[{"embeddable":true,"href":"https:\/\/dimensionturistica.com\/es\/wp-json\/wp\/v2\/users\/1"}],"replies":[{"embeddable":true,"href":"https:\/\/dimensionturistica.com\/es\/wp-json\/wp\/v2\/comments?post=346452"}],"version-history":[{"count":0,"href":"https:\/\/dimensionturistica.com\/es\/wp-json\/wp\/v2\/posts\/346452\/revisions"}],"wp:featuredmedia":[{"embeddable":true,"href":"https:\/\/dimensionturistica.com\/es\/wp-json\/wp\/v2\/media\/346467"}],"wp:attachment":[{"href":"https:\/\/dimensionturistica.com\/es\/wp-json\/wp\/v2\/media?parent=346452"}],"wp:term":[{"taxonomy":"category","embeddable":true,"href":"https:\/\/dimensionturistica.com\/es\/wp-json\/wp\/v2\/categories?post=346452"},{"taxonomy":"post_tag","embeddable":true,"href":"https:\/\/dimensionturistica.com\/es\/wp-json\/wp\/v2\/tags?post=346452"}],"curies":[{"name":"wp","href":"https:\/\/api.w.org\/{rel}","templated":true}]}}