{"id":346306,"date":"2022-07-06T16:15:02","date_gmt":"2022-07-06T16:15:02","guid":{"rendered":"https:\/\/dimensionturistica.com\/es\/?p=346306"},"modified":"2022-07-06T16:15:02","modified_gmt":"2022-07-06T16:15:02","slug":"sectur-y-concanaco-servytur-juntos-para-fortalecer-la-cadena-de-servicios-turisticos","status":"publish","type":"post","link":"https:\/\/dimensionturistica.com\/es\/sectur-y-concanaco-servytur-juntos-para-fortalecer-la-cadena-de-servicios-turisticos\/","title":{"rendered":"Sectur y Concanaco-Servytur, juntos para fortalecer la cadena de servicios tur\u00edsticos"},"content":{"rendered":"<p><img decoding=\"async\" class=\"size-medium wp-image-346369 alignright\" src=\"https:\/\/dimensionturistica.com\/es\/wp-content\/uploads\/2022\/07\/REUNION-CONCANACO-SERVYTUR-1-300x200.jpeg\" alt=\"\" width=\"300\" height=\"200\" srcset=\"https:\/\/dimensionturistica.com\/es\/wp-content\/uploads\/2022\/07\/REUNION-CONCANACO-SERVYTUR-1-300x200.jpeg 300w, https:\/\/dimensionturistica.com\/es\/wp-content\/uploads\/2022\/07\/REUNION-CONCANACO-SERVYTUR-1-1024x682.jpeg 1024w, https:\/\/dimensionturistica.com\/es\/wp-content\/uploads\/2022\/07\/REUNION-CONCANACO-SERVYTUR-1-768x512.jpeg 768w, https:\/\/dimensionturistica.com\/es\/wp-content\/uploads\/2022\/07\/REUNION-CONCANACO-SERVYTUR-1-1536x1023.jpeg 1536w, https:\/\/dimensionturistica.com\/es\/wp-content\/uploads\/2022\/07\/REUNION-CONCANACO-SERVYTUR-1-750x500.jpeg 750w, https:\/\/dimensionturistica.com\/es\/wp-content\/uploads\/2022\/07\/REUNION-CONCANACO-SERVYTUR-1-1140x760.jpeg 1140w, https:\/\/dimensionturistica.com\/es\/wp-content\/uploads\/2022\/07\/REUNION-CONCANACO-SERVYTUR-1.jpeg 1600w\" sizes=\"(max-width: 300px) 100vw, 300px\" \/>El secretario de Turismo del Gobierno de M\u00e9xico, Miguel Torruco Marqu\u00e9s, asisti\u00f3 como invitado de honor a la Reuni\u00f3n Plenaria de la Confederaci\u00f3n de C\u00e1maras Nacionales de Comercio, Servicios y Turismo (Concanaco-Servytur), que preside H\u00e9ctor Tejada Shaar, con el prop\u00f3sito de estrechar lazos de cooperaci\u00f3n que fortalezcan la cadena de servicios tur\u00edsticos.<br \/>\nEl titular de la Secretar\u00eda de Turismo (Sectur) destac\u00f3, ante los presidentes de las C\u00e1maras de Comercio de M\u00e9xico que integran esta Confederaci\u00f3n, el gran trabajo que realizaron los prestadores de servicios tur\u00edsticos, que junto con las acertadas pol\u00edticas implementadas por el presidente Andr\u00e9s Manuel L\u00f3pez Obrador<img decoding=\"async\" class=\"size-medium wp-image-346368 alignright\" src=\"https:\/\/dimensionturistica.com\/es\/wp-content\/uploads\/2022\/07\/REUNION-CONCANACO-SERVYTUR-2-300x200.jpeg\" alt=\"\" width=\"300\" height=\"200\" srcset=\"https:\/\/dimensionturistica.com\/es\/wp-content\/uploads\/2022\/07\/REUNION-CONCANACO-SERVYTUR-2-300x200.jpeg 300w, https:\/\/dimensionturistica.com\/es\/wp-content\/uploads\/2022\/07\/REUNION-CONCANACO-SERVYTUR-2-1024x682.jpeg 1024w, https:\/\/dimensionturistica.com\/es\/wp-content\/uploads\/2022\/07\/REUNION-CONCANACO-SERVYTUR-2-768x512.jpeg 768w, https:\/\/dimensionturistica.com\/es\/wp-content\/uploads\/2022\/07\/REUNION-CONCANACO-SERVYTUR-2-1536x1023.jpeg 1536w, https:\/\/dimensionturistica.com\/es\/wp-content\/uploads\/2022\/07\/REUNION-CONCANACO-SERVYTUR-2-750x500.jpeg 750w, https:\/\/dimensionturistica.com\/es\/wp-content\/uploads\/2022\/07\/REUNION-CONCANACO-SERVYTUR-2-1140x760.jpeg 1140w, https:\/\/dimensionturistica.com\/es\/wp-content\/uploads\/2022\/07\/REUNION-CONCANACO-SERVYTUR-2.jpeg 1600w\" sizes=\"(max-width: 300px) 100vw, 300px\" \/> durante la pandemia, permitieron una r\u00e1pida recuperaci\u00f3n del sector tur\u00edstico.<br \/>\nSe\u00f1al\u00f3 que sin duda, el gran potencial de este sector y sus amplias posibilidades de gestar negocios exitosos y productivos, lo hacen proclive a la inversi\u00f3n tanto nacional como extranjera, motor fundamental en el crecimiento y desarrollo de cualquier actividad.<br \/>\n\u201cEn los nuevos tiempos que vivimos, con diversos y numerosos retos, el sector privado y p\u00fablico, trabajamos de la mano y en completa coordinaci\u00f3n, donde el primero asume el papel protag\u00f3nico como inversor, aportando el capital econ\u00f3mico necesario para la creaci\u00f3n de infraestructura, y el segundo, como impulsor y facilitador, generando las condiciones para el pleno y correcto desarrollo empresarial\u201d, declar\u00f3 Torruco Marqu\u00e9s.<br \/>\nDurante su intervenci\u00f3n, el titular de Sectur agradeci\u00f3 la invitaci\u00f3n de Hector Tejada Shaar, y<img decoding=\"async\" class=\"size-medium wp-image-346365 alignright\" src=\"https:\/\/dimensionturistica.com\/es\/wp-content\/uploads\/2022\/07\/REUNION-CONCANACO-SERVYTUR-9-300x200.jpeg\" alt=\"\" width=\"300\" height=\"200\" srcset=\"https:\/\/dimensionturistica.com\/es\/wp-content\/uploads\/2022\/07\/REUNION-CONCANACO-SERVYTUR-9-300x200.jpeg 300w, https:\/\/dimensionturistica.com\/es\/wp-content\/uploads\/2022\/07\/REUNION-CONCANACO-SERVYTUR-9-1024x682.jpeg 1024w, https:\/\/dimensionturistica.com\/es\/wp-content\/uploads\/2022\/07\/REUNION-CONCANACO-SERVYTUR-9-768x512.jpeg 768w, https:\/\/dimensionturistica.com\/es\/wp-content\/uploads\/2022\/07\/REUNION-CONCANACO-SERVYTUR-9-1536x1023.jpeg 1536w, https:\/\/dimensionturistica.com\/es\/wp-content\/uploads\/2022\/07\/REUNION-CONCANACO-SERVYTUR-9-750x500.jpeg 750w, https:\/\/dimensionturistica.com\/es\/wp-content\/uploads\/2022\/07\/REUNION-CONCANACO-SERVYTUR-9-1140x760.jpeg 1140w, https:\/\/dimensionturistica.com\/es\/wp-content\/uploads\/2022\/07\/REUNION-CONCANACO-SERVYTUR-9.jpeg 1600w\" sizes=\"(max-width: 300px) 100vw, 300px\" \/> record\u00f3 que en sus 51 a\u00f1os de trayectoria en el sector tur\u00edstico, est\u00e1 el haber sido parte de la Concanaco-Servytur.<br \/>\nPor su parte, H\u00e9ctor Tejada Shaar, afirm\u00f3 que \u201cen la Concanaco-Servytur estamos trabajando de manera coordinada con el secretario de Turismo, buscando una pronta recuperaci\u00f3n de <img decoding=\"async\" class=\"size-medium wp-image-346366 alignleft\" src=\"https:\/\/dimensionturistica.com\/es\/wp-content\/uploads\/2022\/07\/REUNION-CONCANACO-SERVYTUR-8-300x200.jpeg\" alt=\"\" width=\"300\" height=\"200\" srcset=\"https:\/\/dimensionturistica.com\/es\/wp-content\/uploads\/2022\/07\/REUNION-CONCANACO-SERVYTUR-8-300x200.jpeg 300w, https:\/\/dimensionturistica.com\/es\/wp-content\/uploads\/2022\/07\/REUNION-CONCANACO-SERVYTUR-8-1024x682.jpeg 1024w, https:\/\/dimensionturistica.com\/es\/wp-content\/uploads\/2022\/07\/REUNION-CONCANACO-SERVYTUR-8-768x512.jpeg 768w, https:\/\/dimensionturistica.com\/es\/wp-content\/uploads\/2022\/07\/REUNION-CONCANACO-SERVYTUR-8-1536x1023.jpeg 1536w, https:\/\/dimensionturistica.com\/es\/wp-content\/uploads\/2022\/07\/REUNION-CONCANACO-SERVYTUR-8-750x500.jpeg 750w, https:\/\/dimensionturistica.com\/es\/wp-content\/uploads\/2022\/07\/REUNION-CONCANACO-SERVYTUR-8-1140x760.jpeg 1140w, https:\/\/dimensionturistica.com\/es\/wp-content\/uploads\/2022\/07\/REUNION-CONCANACO-SERVYTUR-8.jpeg 1600w\" sizes=\"(max-width: 300px) 100vw, 300px\" \/>todos y cada uno de los prestadores de servicios tur\u00edsticos\u201d.<br \/>\nSe\u00f1al\u00f3 que el trabajo coordinado permite fortalecer las cadenas de servicios tur\u00edsticos compuesta, en su mayor\u00eda, por micro, peque\u00f1as y medianas empresas.<br \/>\nDurante la reuni\u00f3n de los presidentes del Consejo de Concanaco-Servytur, se devel\u00f3 la obra \u201cYacatecuhtli\u201d, dios mexica del comercio, ubicada en la b\u00f3veda central de la Sala de Consejo de esta Confederaci\u00f3n. Esta obra fue realizada por Miguel Navarrete Bonilla, y fue elaborada por iniciativa del secretario de Turismo, Miguel Torruco Marqu\u00e9s.<\/p>\n<p>&nbsp;<\/p>\n","protected":false},"excerpt":{"rendered":"<p>El secretario de Turismo del Gobierno de M\u00e9xico, Miguel Torruco Marqu\u00e9s, asisti\u00f3 como invitado de honor a la Reuni\u00f3n Plenaria de la Confederaci\u00f3n de C\u00e1maras Nacionales de Comercio, Servicios y Turismo (Concanaco-Servytur), que preside H\u00e9ctor Tejada Shaar, con el prop\u00f3sito de estrechar lazos de cooperaci\u00f3n que fortalezcan la cadena de servicios tur\u00edsticos. El titular de [&hellip;]<\/p>\n","protected":false},"author":1,"featured_media":346364,"comment_status":"open","ping_status":"closed","sticky":false,"template":"","format":"standard","meta":{"om_disable_all_campaigns":false,"jnews-multi-image_gallery":[],"jnews_single_post":{"source_name":"","source_url":"","via_name":"","via_url":"","override_template":"0","override":[{"template":"1","single_blog_custom":"","parallax":"1","fullscreen":"1","layout":"right-sidebar","sidebar":"default-sidebar","second_sidebar":"default-sidebar","sticky_sidebar":"1","share_position":"top","share_float_style":"share-monocrhome","show_share_counter":"1","show_view_counter":"1","show_featured":"1","show_post_meta":"1","show_post_author":"1","show_post_author_image":"1","show_post_date":"1","post_date_format":"default","post_date_format_custom":"Y\/m\/d","show_post_category":"1","show_post_reading_time":"0","post_reading_time_wpm":"300","show_zoom_button":"0","zoom_button_out_step":"2","zoom_button_in_step":"3","show_post_tag":"1","show_prev_next_post":"1","show_popup_post":"1","number_popup_post":"1","show_author_box":"0","show_post_related":"0","show_inline_post_related":"0"}],"override_image_size":"0","image_override":[{"single_post_thumbnail_size":"crop-500","single_post_gallery_size":"crop-500"}],"trending_post":"0","trending_post_position":"meta","trending_post_label":"Trending","sponsored_post":"0","sponsored_post_label":"Sponsored by","sponsored_post_name":"","sponsored_post_url":"","sponsored_post_logo_enable":"0","sponsored_post_logo":"","sponsored_post_desc":"","disable_ad":"0"},"jnews_primary_category":{"id":""},"jnews_social_meta":{"fb_title":"","fb_description":"","fb_image":"","twitter_title":"","twitter_description":"","twitter_image":""},"footnotes":""},"categories":[39],"tags":[],"class_list":["post-346306","post","type-post","status-publish","format-standard","has-post-thumbnail","hentry","category-viajes"],"_links":{"self":[{"href":"https:\/\/dimensionturistica.com\/es\/wp-json\/wp\/v2\/posts\/346306","targetHints":{"allow":["GET"]}}],"collection":[{"href":"https:\/\/dimensionturistica.com\/es\/wp-json\/wp\/v2\/posts"}],"about":[{"href":"https:\/\/dimensionturistica.com\/es\/wp-json\/wp\/v2\/types\/post"}],"author":[{"embeddable":true,"href":"https:\/\/dimensionturistica.com\/es\/wp-json\/wp\/v2\/users\/1"}],"replies":[{"embeddable":true,"href":"https:\/\/dimensionturistica.com\/es\/wp-json\/wp\/v2\/comments?post=346306"}],"version-history":[{"count":0,"href":"https:\/\/dimensionturistica.com\/es\/wp-json\/wp\/v2\/posts\/346306\/revisions"}],"wp:featuredmedia":[{"embeddable":true,"href":"https:\/\/dimensionturistica.com\/es\/wp-json\/wp\/v2\/media\/346364"}],"wp:attachment":[{"href":"https:\/\/dimensionturistica.com\/es\/wp-json\/wp\/v2\/media?parent=346306"}],"wp:term":[{"taxonomy":"category","embeddable":true,"href":"https:\/\/dimensionturistica.com\/es\/wp-json\/wp\/v2\/categories?post=346306"},{"taxonomy":"post_tag","embeddable":true,"href":"https:\/\/dimensionturistica.com\/es\/wp-json\/wp\/v2\/tags?post=346306"}],"curies":[{"name":"wp","href":"https:\/\/api.w.org\/{rel}","templated":true}]}}