{"id":346173,"date":"2022-07-06T10:06:29","date_gmt":"2022-07-06T10:06:29","guid":{"rendered":"https:\/\/dimensionturistica.com\/es\/?p=346173"},"modified":"2022-07-06T10:06:29","modified_gmt":"2022-07-06T10:06:29","slug":"a-coruna-convention-bureau-invita-a-organizadores-de-eventos-a-un-fam-trip","status":"publish","type":"post","link":"https:\/\/dimensionturistica.com\/es\/a-coruna-convention-bureau-invita-a-organizadores-de-eventos-a-un-fam-trip\/","title":{"rendered":"A Coru\u00f1a Convention Bureau invita a organizadores de eventos a un &#8216;fam trip&#8217;"},"content":{"rendered":"<p> <br \/>\n<\/p>\n<div>\n<p>A Coru\u00f1a Conference Bureau ha organizado para los d\u00edas 12, 13 y 14 de julio un viaje en el que ha invitado a una serie de organizadores profesionales de eventos de toda Espa\u00f1a a visitar nuestra ciudad. Con esta iniciativa pretende dar a conocer a fondo la atractiva oferta de A Coru\u00f1a para el turismo MICE, que engloba eventos, ferias, reuniones y congresos, y posicionar a la ciudad como un referente en este tipo de actividades.<\/p>\n<p>El programa del viaje incluye visitas a los mejores hoteles y restaurantes de la ciudad, a los lugares de celebraci\u00f3n de eventos y sedes de reuniones, todos ellos socios de ACCB. Tambi\u00e9n se celebrar\u00e1n reuniones de networking entre los participantes y distintos actores del turismo coru\u00f1\u00e9s.<\/p>\n<p>A lo largo de los tres d\u00edas los visitantes realizar\u00e1n numerosas actividades. Ser\u00e1n recibidos el d\u00eda 12 de julio por la tarde en el Palacio de Mar\u00eda Pita, en una visita realizada por Mois\u00e9s Jorge, gerente del Consorcio de Turismo y Congresos de A Coru\u00f1a. Los participantes se alojar\u00e1n en el Lodge Riazor, y visitar\u00e1n otros como el Finisterre, el Mar\u00eda Pita y el \u00c1ttica21; degustar\u00e1n las propuestas gastron\u00f3micas de restaurantes como A Mundi\u00f1a, La Caseta de Aurora y el \u00c1rbore da Veira; conocer\u00e1n los grandes espacios de celebraci\u00f3n de eventos de la ciudad, Palexco, Palacio de la \u00d3pera y EXPOCoru\u00f1a; tambi\u00e9n otros lugares de celebraci\u00f3n de eventos como el Pazo de Santa Cruz de Mondoi, el Pazo de Vilaboa y la Finca Montesqueiro. Tendr\u00e1n tiempo para visitar los lugares m\u00e1s emblem\u00e1ticos de la ciudad, como el Museo MEGA de Estrella Galicia, la torre de H\u00e9rcules, la Lonja y el Monte de San Pedro.<\/p>\n<p>Ocho representantes de otras tantas agencias especializadas en la organizaci\u00f3n de eventos visitar\u00e1n A Coru\u00f1a la segunda semana de julio. Las empresas invitadas han sido visitadas previamente por el gerente de ACCB, \u00c1lvaro Lens. Para \u00e9l, este viaje es una \u201coportunidad para promocionar A Coru\u00f1a como destino de turismo profesional\u201d. \u201cQueremos mostrarles a los asistentes profesionales a un congreso, feria, incentivo, evento o cualquier otro desplazamiento en grupo, todas las ventajas que tenemos en A Coru\u00f1a, tanto a nivel de infraestructuras e instalaciones como de servicios y, por supuesto, de gastronom\u00eda\u201d, a\u00f1ade Lens.<\/p>\n<p>El viaje est\u00e1 subvencionado por la Diputaci\u00f3n de A Coru\u00f1a y organizado por A Coru\u00f1a Conference Bureau, y se prev\u00e9 repetir esta acci\u00f3n hacia finales de a\u00f1o. Forma parte de un programa de acciones comerciales cofinanciado por la Diputaci\u00f3n de A Coru\u00f1a, que present\u00f3 las ventajas de nuestra ciudad, hasta ahora, en Madrid, Barcelona y Bilbao. Tambi\u00e9n se celebraron los talleres profesionales Assembly Incentive Summit (MIS) en Madrid o el Iberian Mice Discussion board, recientemente celebrado en Gij\u00f3n, superando el medio centenar de entrevistas presenciales, as\u00ed como la feria internacional IMEX (Frankfurt), acompa\u00f1ando a Mois\u00e9s Jorge.<\/p>\n<p><strong>Sobre A Coru\u00f1a Conference Bureau<\/strong><\/p>\n<p>La instituci\u00f3n es una apuesta decisiva y alineada con la direcci\u00f3n que marca el Plan Estrat\u00e9gico de Turismo de A Coru\u00f1a. Se trata de una iniciativa p\u00fablico-privada que nace de la alianza entre el Consorcio de Turismo y Congresos, Palexco, Expocoru\u00f1a, la Asociaci\u00f3n de Hoteles Hospeco y m\u00e1s de 50 empresas de la ciudad de gastronom\u00eda, agencias de viaje, OPC y servicios tur\u00edsticos en common, con el apoyo como socio estrat\u00e9gico de Mega-Estrella de Galicia.<\/p>\n<p>Para asociarse a ACCB o contactar por otro asunto: https:\/\/acorunacb.com\/contacto\/<\/p>\n<\/p><\/div>\n\n<p><em> &#8221; Fuentes www.hosteltur.com &#8221; <\/em><\/p>\n","protected":false},"excerpt":{"rendered":"<p>A Coru\u00f1a Conference Bureau ha organizado para los d\u00edas 12, 13 y 14 de julio un viaje en el que ha invitado a una serie de organizadores profesionales de eventos de toda Espa\u00f1a a visitar nuestra ciudad. Con esta iniciativa pretende dar a conocer a fondo la atractiva oferta de A Coru\u00f1a para el turismo [&hellip;]<\/p>\n","protected":false},"author":4,"featured_media":334568,"comment_status":"open","ping_status":"closed","sticky":false,"template":"","format":"standard","meta":{"om_disable_all_campaigns":false,"jnews-multi-image_gallery":[],"jnews_single_post":[],"jnews_primary_category":[],"jnews_social_meta":[],"footnotes":""},"categories":[40],"tags":[1140],"class_list":["post-346173","post","type-post","status-publish","format-standard","has-post-thumbnail","hentry","category-industria","tag-hoteles-y-alojamientos"],"_links":{"self":[{"href":"https:\/\/dimensionturistica.com\/es\/wp-json\/wp\/v2\/posts\/346173","targetHints":{"allow":["GET"]}}],"collection":[{"href":"https:\/\/dimensionturistica.com\/es\/wp-json\/wp\/v2\/posts"}],"about":[{"href":"https:\/\/dimensionturistica.com\/es\/wp-json\/wp\/v2\/types\/post"}],"author":[{"embeddable":true,"href":"https:\/\/dimensionturistica.com\/es\/wp-json\/wp\/v2\/users\/4"}],"replies":[{"embeddable":true,"href":"https:\/\/dimensionturistica.com\/es\/wp-json\/wp\/v2\/comments?post=346173"}],"version-history":[{"count":0,"href":"https:\/\/dimensionturistica.com\/es\/wp-json\/wp\/v2\/posts\/346173\/revisions"}],"wp:featuredmedia":[{"embeddable":true,"href":"https:\/\/dimensionturistica.com\/es\/wp-json\/wp\/v2\/media\/334568"}],"wp:attachment":[{"href":"https:\/\/dimensionturistica.com\/es\/wp-json\/wp\/v2\/media?parent=346173"}],"wp:term":[{"taxonomy":"category","embeddable":true,"href":"https:\/\/dimensionturistica.com\/es\/wp-json\/wp\/v2\/categories?post=346173"},{"taxonomy":"post_tag","embeddable":true,"href":"https:\/\/dimensionturistica.com\/es\/wp-json\/wp\/v2\/tags?post=346173"}],"curies":[{"name":"wp","href":"https:\/\/api.w.org\/{rel}","templated":true}]}}