{"id":345951,"date":"2022-07-05T21:53:54","date_gmt":"2022-07-05T21:53:54","guid":{"rendered":"https:\/\/dimensionturistica.com\/es\/?p=345951"},"modified":"2022-07-05T21:53:54","modified_gmt":"2022-07-05T21:53:54","slug":"emite-gobierno-de-eu-alerta-de-viajes-por-delincuencia-en-tijuana-y-rosarito-noticias-de-tijuana","status":"publish","type":"post","link":"https:\/\/dimensionturistica.com\/es\/emite-gobierno-de-eu-alerta-de-viajes-por-delincuencia-en-tijuana-y-rosarito-noticias-de-tijuana\/","title":{"rendered":"Emite gobierno de EU alerta de viajes por delincuencia en Tijuana y Rosarito | Noticias de Tijuana"},"content":{"rendered":"<p> <br \/>\n<\/p>\n<div>\n<p>Tijuana BC.- Debido a los <strong>recientes incidentes<\/strong> y el <strong>ascenso en la violencia<\/strong> que se vive en <strong>Tijuana y Rosarito<\/strong> tras la detenci\u00f3n de \u2018\u2019<strong>El Tol\u00edn<\/strong>\u2019\u2019, es que el <strong>Gobierno de los Estados Unidos<\/strong> emiti\u00f3 una alerta de viaje.<\/p>\n<p>Por medio del consulado common de Tijuana, se lanz\u00f3 una alerta en la que aconsejaban a la ciudadan\u00eda <strong>evitar los viajes a la ciudad de Tijuana y Rosarito<\/strong>,<\/p>\n<p>Dicha alerta se\u00f1alaba que que exist\u00eda la posibilidad de enfrentamientos entre grupos criminales y fuerzas de seguridad.<\/p>\n<h2>Las recomendaciones\u00a0<\/h2>\n<p>La instituci\u00f3n invit\u00f3 a tomar las siguientes acciones.<\/p>\n<ul>\n<li>Ten cuidado en tu entorno<\/li>\n<li>Ten un alto nivel de vigilancia y mant\u00e9n un perfil bajo<\/li>\n<li>Monitorea los medios locales y en caso de una emergencia llama al 911<\/li>\n<li>Haz planes de seguridad y sigue las instrucciones de las autoridades locales<\/li>\n<\/ul>\n<p>Por lo que a trav\u00e9s de un comunicado se indic\u00f3 que el aviso de viaje a <strong>Baja California<\/strong> estaba dentro del <strong>nivel 3 <\/strong>y se solicita reconsiderar sus viajes por delincuencia y secuestro.<\/p>\n<h2>Alcaldesa descarta<\/h2>\n<p>Ante el cierre de la vialidad donde se localiza la <strong>Fiscal\u00eda Basic de la Rep\u00fablica<\/strong> en Zona R\u00edo, la Alcaldesa de Tijuana, Montserrat Caballero Ram\u00edrez indic\u00f3 que agentes de tr\u00e1nsito permanecieron ah\u00ed para proteger a la ciudadan\u00eda.<\/p>\n<blockquote>\n<p>Agentes de tr\u00e1nsito est\u00e1n trabajando en proteger a los ciudadanos, como siempre la prevenci\u00f3n es m\u00e1s importante y aunque haya tr\u00e1fico preferimos prevenir que lamentar, estamos casi seguros que no se dar\u00e1 un enfrentamiento\u201d<\/p>\n<\/blockquote>\n<p>Asegur\u00f3.<\/p>\n<p>La Alcaldesa de Tijuana, declar\u00f3 adem\u00e1s que la seguridad de los ciudadanos es m\u00e1s importante que instruir a los elementos de seguridad para generar un conflicto armado a causa de la detenci\u00f3n del \u2018<strong>Tol\u00edn Infante<\/strong>\u2019.<\/p>\n<div class=\"sources\">\n<p>\n\t\t\t\t\t\t\t\t\t\tEsta nota incluye informaci\u00f3n de:<br \/>\n\t\t\t\t\t\t\t<span class=\"sources__name\">Carlos Hern\u00e1ndez<\/span>\n\t\t\t\t\t    \t\t\t\t\t<\/p>\n<\/p><\/div>\n<section class=\"tags\">\n\t\t\t\t\t\t\t\t<span class=\"tags__text\">En esta nota<\/span><\/p>\n<\/section><\/div>\n\n<p><em> &#8221; Fuentes www.elimparcial.com &#8221; <\/em><\/p>\n","protected":false},"excerpt":{"rendered":"<p>Tijuana BC.- Debido a los recientes incidentes y el ascenso en la violencia que se vive en Tijuana y Rosarito tras la detenci\u00f3n de \u2018\u2019El Tol\u00edn\u2019\u2019, es que el Gobierno de los Estados Unidos emiti\u00f3 una alerta de viaje. Por medio del consulado common de Tijuana, se lanz\u00f3 una alerta en la que aconsejaban a [&hellip;]<\/p>\n","protected":false},"author":4,"featured_media":345952,"comment_status":"open","ping_status":"closed","sticky":false,"template":"","format":"standard","meta":{"om_disable_all_campaigns":false,"jnews-multi-image_gallery":[],"jnews_single_post":[],"jnews_primary_category":[],"jnews_social_meta":[],"footnotes":""},"categories":[40],"tags":[2898,2258,1363],"class_list":["post-345951","post","type-post","status-publish","format-standard","has-post-thumbnail","hentry","category-industria","tag-baja-california","tag-delincuencia","tag-estados-unidos"],"_links":{"self":[{"href":"https:\/\/dimensionturistica.com\/es\/wp-json\/wp\/v2\/posts\/345951","targetHints":{"allow":["GET"]}}],"collection":[{"href":"https:\/\/dimensionturistica.com\/es\/wp-json\/wp\/v2\/posts"}],"about":[{"href":"https:\/\/dimensionturistica.com\/es\/wp-json\/wp\/v2\/types\/post"}],"author":[{"embeddable":true,"href":"https:\/\/dimensionturistica.com\/es\/wp-json\/wp\/v2\/users\/4"}],"replies":[{"embeddable":true,"href":"https:\/\/dimensionturistica.com\/es\/wp-json\/wp\/v2\/comments?post=345951"}],"version-history":[{"count":0,"href":"https:\/\/dimensionturistica.com\/es\/wp-json\/wp\/v2\/posts\/345951\/revisions"}],"wp:featuredmedia":[{"embeddable":true,"href":"https:\/\/dimensionturistica.com\/es\/wp-json\/wp\/v2\/media\/345952"}],"wp:attachment":[{"href":"https:\/\/dimensionturistica.com\/es\/wp-json\/wp\/v2\/media?parent=345951"}],"wp:term":[{"taxonomy":"category","embeddable":true,"href":"https:\/\/dimensionturistica.com\/es\/wp-json\/wp\/v2\/categories?post=345951"},{"taxonomy":"post_tag","embeddable":true,"href":"https:\/\/dimensionturistica.com\/es\/wp-json\/wp\/v2\/tags?post=345951"}],"curies":[{"name":"wp","href":"https:\/\/api.w.org\/{rel}","templated":true}]}}