{"id":345905,"date":"2022-07-05T21:04:51","date_gmt":"2022-07-05T21:04:51","guid":{"rendered":"https:\/\/dimensionturistica.com\/es\/?p=345905"},"modified":"2022-07-05T21:04:51","modified_gmt":"2022-07-05T21:04:51","slug":"fovissste-acerca-atencion-y-servicios-a-derechohabientes-de-la-sep","status":"publish","type":"post","link":"https:\/\/dimensionturistica.com\/es\/fovissste-acerca-atencion-y-servicios-a-derechohabientes-de-la-sep\/","title":{"rendered":"Fovissste acerca atenci\u00f3n y servicios a derechohabientes de la SEP"},"content":{"rendered":"<p><img decoding=\"async\" class=\"size-medium wp-image-345912 alignright\" src=\"https:\/\/dimensionturistica.com\/es\/wp-content\/uploads\/2022\/07\/FOVISSSTE-bol-128-DM-5-300x196.jpg\" alt=\"\" width=\"300\" height=\"196\" srcset=\"https:\/\/dimensionturistica.com\/es\/wp-content\/uploads\/2022\/07\/FOVISSSTE-bol-128-DM-5-300x196.jpg 300w, https:\/\/dimensionturistica.com\/es\/wp-content\/uploads\/2022\/07\/FOVISSSTE-bol-128-DM-5-1024x669.jpg 1024w, https:\/\/dimensionturistica.com\/es\/wp-content\/uploads\/2022\/07\/FOVISSSTE-bol-128-DM-5-768x502.jpg 768w, https:\/\/dimensionturistica.com\/es\/wp-content\/uploads\/2022\/07\/FOVISSSTE-bol-128-DM-5-1536x1004.jpg 1536w, https:\/\/dimensionturistica.com\/es\/wp-content\/uploads\/2022\/07\/FOVISSSTE-bol-128-DM-5-2048x1338.jpg 2048w, https:\/\/dimensionturistica.com\/es\/wp-content\/uploads\/2022\/07\/FOVISSSTE-bol-128-DM-5-750x490.jpg 750w, https:\/\/dimensionturistica.com\/es\/wp-content\/uploads\/2022\/07\/FOVISSSTE-bol-128-DM-5-1140x745.jpg 1140w\" sizes=\"(max-width: 300px) 100vw, 300px\" \/>Con el objetivo de promover los diferentes esquemas de financiamiento y ofrecer atenci\u00f3n directa a las y los derechohabientes y personas acreditadas adscritas a la Secretar\u00eda de Educaci\u00f3n P\u00fablica (SEP), el Fondo de la Vivienda del Instituto de Seguridad y Servicios Sociales de los Trabajadores del Estado (Fovissste) inaugur\u00f3 la Feria de la Vivienda SEP-Fovissste, la cual permanecer\u00e1 del 4 al 8 de julio.<br \/>\nEn nombre del vocal ejecutivo del Fovissste, C\u00e9sar Buenrostro Moreno, la subdirectora de Cr\u00e9dito, Priscila Adriana Blasco Magaldi, detall\u00f3 que los trabajadores de la SEP conforman 43 por ciento de los derechohabientes del Issste y 32 por ciento de los acreditados al Fondo de la Vivienda.<br \/>\nAsimismo, inform\u00f3 que desde el inicio de la administraci\u00f3n a la fecha se han formalizado 80 mil cr\u00e9ditos para el personal de la SEP, de los cuales 12 mil fueron otorgados en lo que va de<img decoding=\"async\" class=\"size-medium wp-image-345913 alignright\" src=\"https:\/\/dimensionturistica.com\/es\/wp-content\/uploads\/2022\/07\/FOVISSSTE-bol-128-DM-2-300x200.jpg\" alt=\"\" width=\"300\" height=\"200\" srcset=\"https:\/\/dimensionturistica.com\/es\/wp-content\/uploads\/2022\/07\/FOVISSSTE-bol-128-DM-2-300x200.jpg 300w, https:\/\/dimensionturistica.com\/es\/wp-content\/uploads\/2022\/07\/FOVISSSTE-bol-128-DM-2-1024x683.jpg 1024w, https:\/\/dimensionturistica.com\/es\/wp-content\/uploads\/2022\/07\/FOVISSSTE-bol-128-DM-2-768x512.jpg 768w, https:\/\/dimensionturistica.com\/es\/wp-content\/uploads\/2022\/07\/FOVISSSTE-bol-128-DM-2-1536x1024.jpg 1536w, https:\/\/dimensionturistica.com\/es\/wp-content\/uploads\/2022\/07\/FOVISSSTE-bol-128-DM-2-2048x1365.jpg 2048w, https:\/\/dimensionturistica.com\/es\/wp-content\/uploads\/2022\/07\/FOVISSSTE-bol-128-DM-2-750x500.jpg 750w, https:\/\/dimensionturistica.com\/es\/wp-content\/uploads\/2022\/07\/FOVISSSTE-bol-128-DM-2-1140x760.jpg 1140w\" sizes=\"(max-width: 300px) 100vw, 300px\" \/> 2022. Adem\u00e1s, existen 14 mil cr\u00e9ditos en espera de ser aprobados.<br \/>\nDurante su mensaje en la inauguraci\u00f3n de esta actividad, la subdirectora de Cr\u00e9dito del Fondo de la Vivienda record\u00f3 que durante la \u00faltima Junta Directiva del Issste se autoriz\u00f3 la inscripci\u00f3n continua, mecanismo que permite a derechohabientes solicitar un cr\u00e9dito en el momento que lo deseen, es decir, sin la necesidad de esperar las convocatorias anuales.<br \/>\nBlasco Magaldi resalt\u00f3 que la decisi\u00f3n patrimonial de los individuos es la m\u00e1s importante que toman a lo largo de su vida. Por ello, adem\u00e1s de esta feria se promueven visitas a distintas dependencias ya que, consider\u00f3, es la forma m\u00e1s eficaz de acercamiento con los derechohabientes. \u201cEstamos conscientes de nuestra responsabilidad de acercar soluciones acorde a sus necesidades. Estamos y estaremos, durante los pr\u00f3ximos a\u00f1os, trabajando en ello\u201d, enfatiz\u00f3.<br \/>\nLa servidora p\u00fablica detall\u00f3 que la Feria de la Vivienda SEP-Fovissste cuenta con la participaci\u00f3n de 20 stands, dos instituciones bancarias, 17 desarrolladores con ofertas en Puebla, Ciudad de M\u00e9xico, Estado de M\u00e9xico y Morelos, adem\u00e1s del M\u00f3dulo de Atenci\u00f3n<img decoding=\"async\" class=\"size-medium wp-image-345911 alignright\" src=\"https:\/\/dimensionturistica.com\/es\/wp-content\/uploads\/2022\/07\/FOVISSSTE-bol-128-DM-6-300x201.jpg\" alt=\"\" width=\"300\" height=\"201\" srcset=\"https:\/\/dimensionturistica.com\/es\/wp-content\/uploads\/2022\/07\/FOVISSSTE-bol-128-DM-6-300x201.jpg 300w, https:\/\/dimensionturistica.com\/es\/wp-content\/uploads\/2022\/07\/FOVISSSTE-bol-128-DM-6-1024x688.jpg 1024w, https:\/\/dimensionturistica.com\/es\/wp-content\/uploads\/2022\/07\/FOVISSSTE-bol-128-DM-6-768x516.jpg 768w, https:\/\/dimensionturistica.com\/es\/wp-content\/uploads\/2022\/07\/FOVISSSTE-bol-128-DM-6-1536x1031.jpg 1536w, https:\/\/dimensionturistica.com\/es\/wp-content\/uploads\/2022\/07\/FOVISSSTE-bol-128-DM-6-2048x1375.jpg 2048w, https:\/\/dimensionturistica.com\/es\/wp-content\/uploads\/2022\/07\/FOVISSSTE-bol-128-DM-6-750x504.jpg 750w, https:\/\/dimensionturistica.com\/es\/wp-content\/uploads\/2022\/07\/FOVISSSTE-bol-128-DM-6-1140x766.jpg 1140w\" sizes=\"(max-width: 300px) 100vw, 300px\" \/> Ciudadana del Fovissste.<br \/>\n\u201cSe dar\u00e1 asesor\u00eda de manera personalizada a quienes deseen originar un cr\u00e9dito. Tambi\u00e9n, se aclarar\u00e1n las dudas a aquellos que ya han sido beneficiados de un financiamiento del Fovissste, dando las recomendaciones para que mantengan un cr\u00e9dito sano\u201d, se\u00f1al\u00f3.<br \/>\nEl titular de la Unidad de Administraci\u00f3n y Finanzas de la SEP, \u00d3scar Flores Jim\u00e9nez, invit\u00f3 a los trabajadores de la educaci\u00f3n a acercarse a esta Feria de la Vivienda SEP-Fovissste, la cual se realiza tambi\u00e9n con el objetivo de asegurar el bienestar y seguridad patrimonial de las familias.<br \/>\nLa subdirectora de Cr\u00e9dito del Fondo de la Vivienda del Instituto de Seguridad y Servicios Sociales de los Trabajadores del Estado agradeci\u00f3 el apoyo recibido de parte de la Secretar\u00eda de Educaci\u00f3n P\u00fablica, gracias al cual se lleva a cabo esta feria en beneficio de las y los trabajadores de la educaci\u00f3n.<\/p>\n","protected":false},"excerpt":{"rendered":"<p>Con el objetivo de promover los diferentes esquemas de financiamiento y ofrecer atenci\u00f3n directa a las y los derechohabientes y personas acreditadas adscritas a la Secretar\u00eda de Educaci\u00f3n P\u00fablica (SEP), el Fondo de la Vivienda del Instituto de Seguridad y Servicios Sociales de los Trabajadores del Estado (Fovissste) inaugur\u00f3 la Feria de la Vivienda SEP-Fovissste, [&hellip;]<\/p>\n","protected":false},"author":1,"featured_media":345914,"comment_status":"open","ping_status":"closed","sticky":false,"template":"","format":"standard","meta":{"om_disable_all_campaigns":false,"jnews-multi-image_gallery":[],"jnews_single_post":{"source_name":"","source_url":"","via_name":"","via_url":"","override_template":"0","override":[{"template":"1","single_blog_custom":"","parallax":"1","fullscreen":"1","layout":"right-sidebar","sidebar":"default-sidebar","second_sidebar":"default-sidebar","sticky_sidebar":"1","share_position":"top","share_float_style":"share-monocrhome","show_share_counter":"1","show_view_counter":"1","show_featured":"1","show_post_meta":"1","show_post_author":"1","show_post_author_image":"1","show_post_date":"1","post_date_format":"default","post_date_format_custom":"Y\/m\/d","show_post_category":"1","show_post_reading_time":"0","post_reading_time_wpm":"300","show_zoom_button":"0","zoom_button_out_step":"2","zoom_button_in_step":"3","show_post_tag":"1","show_prev_next_post":"1","show_popup_post":"1","number_popup_post":"1","show_author_box":"0","show_post_related":"0","show_inline_post_related":"0"}],"override_image_size":"0","image_override":[{"single_post_thumbnail_size":"crop-500","single_post_gallery_size":"crop-500"}],"trending_post":"0","trending_post_position":"meta","trending_post_label":"Trending","sponsored_post":"0","sponsored_post_label":"Sponsored by","sponsored_post_name":"","sponsored_post_url":"","sponsored_post_logo_enable":"0","sponsored_post_logo":"","sponsored_post_desc":"","disable_ad":"0"},"jnews_primary_category":{"id":""},"jnews_social_meta":{"fb_title":"","fb_description":"","fb_image":"","twitter_title":"","twitter_description":"","twitter_image":""},"footnotes":""},"categories":[40],"tags":[],"class_list":["post-345905","post","type-post","status-publish","format-standard","has-post-thumbnail","hentry","category-industria"],"_links":{"self":[{"href":"https:\/\/dimensionturistica.com\/es\/wp-json\/wp\/v2\/posts\/345905","targetHints":{"allow":["GET"]}}],"collection":[{"href":"https:\/\/dimensionturistica.com\/es\/wp-json\/wp\/v2\/posts"}],"about":[{"href":"https:\/\/dimensionturistica.com\/es\/wp-json\/wp\/v2\/types\/post"}],"author":[{"embeddable":true,"href":"https:\/\/dimensionturistica.com\/es\/wp-json\/wp\/v2\/users\/1"}],"replies":[{"embeddable":true,"href":"https:\/\/dimensionturistica.com\/es\/wp-json\/wp\/v2\/comments?post=345905"}],"version-history":[{"count":0,"href":"https:\/\/dimensionturistica.com\/es\/wp-json\/wp\/v2\/posts\/345905\/revisions"}],"wp:featuredmedia":[{"embeddable":true,"href":"https:\/\/dimensionturistica.com\/es\/wp-json\/wp\/v2\/media\/345914"}],"wp:attachment":[{"href":"https:\/\/dimensionturistica.com\/es\/wp-json\/wp\/v2\/media?parent=345905"}],"wp:term":[{"taxonomy":"category","embeddable":true,"href":"https:\/\/dimensionturistica.com\/es\/wp-json\/wp\/v2\/categories?post=345905"},{"taxonomy":"post_tag","embeddable":true,"href":"https:\/\/dimensionturistica.com\/es\/wp-json\/wp\/v2\/tags?post=345905"}],"curies":[{"name":"wp","href":"https:\/\/api.w.org\/{rel}","templated":true}]}}