{"id":345609,"date":"2022-07-05T12:00:06","date_gmt":"2022-07-05T12:00:06","guid":{"rendered":"https:\/\/dimensionturistica.com\/es\/?p=345609"},"modified":"2022-07-05T12:00:06","modified_gmt":"2022-07-05T12:00:06","slug":"cuba-asiste-a-congreso-de-cocal-en-colombia","status":"publish","type":"post","link":"https:\/\/dimensionturistica.com\/es\/cuba-asiste-a-congreso-de-cocal-en-colombia\/","title":{"rendered":"Cuba asiste a Congreso de Cocal en Colombia"},"content":{"rendered":"<p> <br \/>\n<\/p>\n<div property=\"schema:text\">\n<p><span><span><span>Hasta el pr\u00f3ximo 7 de julio la ciudad de Medell\u00edn, en Colombia, acoge la edici\u00f3n 38 del c\u00f3nclave de la Federaci\u00f3n de Entidades Organizadoras de Congresos y Afines de Am\u00e9rica Latina (Cocal), al que asiste una delegaci\u00f3n de Cuba.<\/span><\/span><\/span><\/p>\n<p><span><span><span>La comitiva cubana est\u00e1 encabezada por el embajador de Javier Caama\u00f1o, el consejero de Turismo de Cuba en Colombia, Mariano Fern\u00e1ndez, la jefa del departamento de eventos del Ministerio de Turismo, Arias Janet de Armas, y representantes de Grupo Palco, Havanatur, Cubatur, Viajes Cubanac\u00e1n, y Ecotur, inform\u00f3 PL.<\/span><\/span><\/span><\/p>\n<p><span><span><span>El evento cuenta con la participaci\u00f3n de m\u00e1s de 40 ponentes entre nacionales y extranjeros, quienes abordan el tema de la industria de reuniones. De igual forma se organizar\u00e1 una muestra comercial donde Cuba tendr\u00e1 un stand.<\/span><\/span><\/span><\/p>\n<p><span><span><span>Este a\u00f1o, adem\u00e1s, la Mayor de las Antillas presentar\u00e1 su candidatura como sede del Congreso 2023, lo que muestra la importancia que da el pa\u00eds a esta modalidad tur\u00edstica.<\/span><\/span><\/span><\/p>\n<p><span><span><span>Cocal representa, forma e incentiva a todos los actores que conforman la cadena de valor de la Industria de Reuniones y Eventos de Negocios de Am\u00e9rica: organizadores, proveedores y generadores de esas actividades.<\/span><\/span><\/span><\/p>\n<\/div>\n\n<p><em> &#8221; Fuentes www.excelenciascuba.com &#8221; <\/em><\/p>\n","protected":false},"excerpt":{"rendered":"<p>Hasta el pr\u00f3ximo 7 de julio la ciudad de Medell\u00edn, en Colombia, acoge la edici\u00f3n 38 del c\u00f3nclave de la Federaci\u00f3n de Entidades Organizadoras de Congresos y Afines de Am\u00e9rica Latina (Cocal), al que asiste una delegaci\u00f3n de Cuba. La comitiva cubana est\u00e1 encabezada por el embajador de Javier Caama\u00f1o, el consejero de Turismo de [&hellip;]<\/p>\n","protected":false},"author":4,"featured_media":0,"comment_status":"open","ping_status":"closed","sticky":false,"template":"","format":"standard","meta":{"om_disable_all_campaigns":false,"jnews-multi-image_gallery":[],"jnews_single_post":[],"jnews_primary_category":[],"jnews_social_meta":[],"footnotes":""},"categories":[40],"tags":[48837,771,923,956,5557,705,633],"class_list":["post-345609","post","type-post","status-publish","format-standard","hentry","category-industria","tag-cocal","tag-colombia","tag-congreso","tag-cuba","tag-medellin","tag-noticias","tag-reuniones"],"_links":{"self":[{"href":"https:\/\/dimensionturistica.com\/es\/wp-json\/wp\/v2\/posts\/345609","targetHints":{"allow":["GET"]}}],"collection":[{"href":"https:\/\/dimensionturistica.com\/es\/wp-json\/wp\/v2\/posts"}],"about":[{"href":"https:\/\/dimensionturistica.com\/es\/wp-json\/wp\/v2\/types\/post"}],"author":[{"embeddable":true,"href":"https:\/\/dimensionturistica.com\/es\/wp-json\/wp\/v2\/users\/4"}],"replies":[{"embeddable":true,"href":"https:\/\/dimensionturistica.com\/es\/wp-json\/wp\/v2\/comments?post=345609"}],"version-history":[{"count":0,"href":"https:\/\/dimensionturistica.com\/es\/wp-json\/wp\/v2\/posts\/345609\/revisions"}],"wp:attachment":[{"href":"https:\/\/dimensionturistica.com\/es\/wp-json\/wp\/v2\/media?parent=345609"}],"wp:term":[{"taxonomy":"category","embeddable":true,"href":"https:\/\/dimensionturistica.com\/es\/wp-json\/wp\/v2\/categories?post=345609"},{"taxonomy":"post_tag","embeddable":true,"href":"https:\/\/dimensionturistica.com\/es\/wp-json\/wp\/v2\/tags?post=345609"}],"curies":[{"name":"wp","href":"https:\/\/api.w.org\/{rel}","templated":true}]}}