{"id":345557,"date":"2022-07-05T09:59:12","date_gmt":"2022-07-05T09:59:12","guid":{"rendered":"https:\/\/dimensionturistica.com\/es\/?p=345557"},"modified":"2022-07-05T09:59:12","modified_gmt":"2022-07-05T09:59:12","slug":"ftalks-food-summit22-dara-el-salto-de-espana-a-latinoamerica","status":"publish","type":"post","link":"https:\/\/dimensionturistica.com\/es\/ftalks-food-summit22-dara-el-salto-de-espana-a-latinoamerica\/","title":{"rendered":"ftalks Food Summit\u201922 dar\u00e1 el salto de Espa\u00f1a a Latinoam\u00e9rica"},"content":{"rendered":"<p> <br \/>\n<\/p>\n<div>\n<p><meta http-equiv=\"Content-Type\" content=\"text\/html; charset=UTF-8\"\/><\/p>\n<p><a target=\"_blank\" href=\"https:\/\/www.kmzerohub.com\/\" rel=\"noopener\">KM ZERO Food Innovation Hub<\/a>, uno de los principales impulsores de startups de alimentaci\u00f3n en Espa\u00f1a y a nivel world, lanza su cuarta edici\u00f3n de <a target=\"_blank\" href=\"https:\/\/www.ftalksfoodsummit.com\/\" rel=\"noopener\">ftalks Food Summit<\/a> con una relevante novedad geogr\u00e1fica. Por primera vez en su historia este evento internacional de referencia en innovaci\u00f3n en alimentaci\u00f3n no solo se celebrar\u00e1 en Espa\u00f1a, sino que dar\u00e1 el salto a Latinoam\u00e9rica, para apoyar el <strong>increase del foodtech en la regi\u00f3n<\/strong>. Seg\u00fan el informe de inversi\u00f3n en agroalimentaci\u00f3n 2022 de <a target=\"_blank\" href=\"https:\/\/agfunder.com\/\" rel=\"noopener\">AgFunder<\/a>, <strong>en Am\u00e9rica Latina las empresas agroalimentarias han registrado m\u00e1s de seis acuerdos de financiaci\u00f3n de nueve cifras<\/strong>, y las 15 principales rondas de inversi\u00f3n involucraron a compa\u00f1\u00edas emergentes del sector.<\/p>\n<blockquote><p>&#13;<\/p>\n<p>\u201cEl foodtech est\u00e1 viviendo una <strong>explosi\u00f3n en Latinoam\u00e9rica<\/strong> y es un espacio de oportunidad muy importante para KM ZERO y su ecosistema. Este paso supone para nosotros un hito en el camino hacia convertirnos en el <strong>think tank de innovaci\u00f3n<\/strong> en alimentaci\u00f3n m\u00e1s importante en habla hispana. Queremos acelerar la transformaci\u00f3n del sistema alimentario en la regi\u00f3n apoyando a los emprendedores y conectar a los diferentes agentes del cambio. <a target=\"_blank\" href=\"https:\/\/www.ftalksfoodsummit.com\/mexico\" rel=\"noopener\">Esta primera edici\u00f3n la celebraremos en M\u00e9xico<\/a>, que adem\u00e1s de ser la puerta de entrada a Estados Unidos es uno de los mercados m\u00e1s grandes de LATAM\u201d, afirma la directora de KM ZERO, <strong>Beatriz Jacoste<\/strong>.<\/p>\n<p>&#13;\n<\/p><\/blockquote>\n<p>Tras el \u00e9xito de asistencia de sus tres anteriores ediciones en Valencia,<strong> ftalks\u201922 ser\u00e1 nuevamente punto de encuentro de industria, startups, proyectos emprendedores, inversores y l\u00edderes de opini\u00f3n y congregar\u00e1 a m\u00e1s de 50 figuras mundiales de referencia<\/strong> que est\u00e1n liderando la transici\u00f3n del sector hacia uno m\u00e1s sostenible, saludable y accesible. Todos ellos abordar\u00e1n los principales retos a los que se enfrenta el sistema alimentario: salud y bienestar, biodiversidad y resiliencia, prote\u00ednas 4.0 y digitalizaci\u00f3n. Adem\u00e1s, se pondr\u00e1 en valor la importancia de la inversi\u00f3n para consolidar proyectos emergentes disruptivos a trav\u00e9s de dos v\u00edas: fondos de inversi\u00f3n y company venturing. Los interesados en asistir a esta cita ineludible del mundo de la alimentaci\u00f3n <strong>pueden inscribirse<\/strong> a trav\u00e9s de este <a target=\"_blank\" href=\"https:\/\/www.ftalksfoodsummit.com\/\" rel=\"noopener\">enlace<\/a>. Tanto el evento espa\u00f1ol como el latinoamericano ser\u00e1n <strong>presenciales<\/strong> <strong>y adem\u00e1s se podr\u00e1n ver<\/strong> desde cualquier punto del mundo <strong>v\u00eda streaming<\/strong>.<\/p>\n<p>\u00a0<\/p>\n<p><strong>Ciudad de M\u00e9xico, primera ciudad de LATAM donde aterriza ftalks<\/strong><\/p>\n<p>El desembarco de ftalks\u201922 en Latinoam\u00e9rica ser\u00e1 los d\u00edas <strong>1 y 2 de septiembre en la Torre Diana de Ciudad de M\u00e9xico y contar\u00e1 con la participaci\u00f3n de los principales fondos de inversi\u00f3n<\/strong> como <a target=\"_blank\" href=\"https:\/\/arpegio.vc\/es\/\" rel=\"noopener\">Arpegio VC<\/a>, <a target=\"_blank\" href=\"https:\/\/acre.vc\/\" rel=\"noopener\">Acre Ventures<\/a> o FoodSparks, y con relevantes figuras del sector de la alimentaci\u00f3n a nivel mundial, entre ellas <strong>Paul Newnham<\/strong>, Director de <a target=\"_blank\" href=\"https:\/\/sdg2advocacyhub.org\/\" rel=\"noopener\">SDG2 Advocacy Hub<\/a> y fundador de Cooks\u2019 Manifesto, iniciativa que se encargar\u00e1 de ofrecer a los asistentes una future lunch de la mano de un reconocido chef native con gastronom\u00eda del pa\u00eds y alimentos del futuro; o <strong>Sam Schatz<\/strong>, Presidente en <a target=\"_blank\" href=\"https:\/\/www.biohmhealth.com\/\" rel=\"noopener\">Biohm Health<\/a> y ex Director de Aerofarms.<\/p>\n<blockquote><p>&#13;<\/p>\n<p>Los asistentes tambi\u00e9n podr\u00e1n conocer el trabajo que est\u00e1n realizando <strong>disruptivas startups de la regi\u00f3n<\/strong> como <a target=\"_blank\" href=\"https:\/\/www.unescogreencitizens.org\/projects\/microterra\/\" rel=\"noopener\">Microterra<\/a>, que desarrolla un ingrediente funcional para la <strong>industria \u2018plant-based\u2019<\/strong> a base de lemnas, utilizando la infraestructura de la acuicultura y reduciendo su impacto h\u00eddrico; o <a target=\"_blank\" href=\"https:\/\/www.frubana.com\/\" rel=\"noopener\">Frubana<\/a>, plataforma que <strong>conecta a productores de alimentos con restaurantes disminuyendo costes<\/strong> y que est\u00e1 presente ya en 10 ciudades de M\u00e9xico, Colombia y Brasil. Todas ellas expondr\u00e1n sus productos o soluciones en un future market, junto con otros proyectos. Tambi\u00e9n participar\u00e1n empresas relevantes del sector como Grupo Lala, Grupo Bimbo, Sigma y Grupo Arancia, entre otras.<\/p>\n<p>&#13;\n<\/p><\/blockquote>\n<p>\u00a0<\/p>\n<p><strong>Valencia, la capital de la innovaci\u00f3n en alimentaci\u00f3n<\/strong><\/p>\n<p style=\"text-align: justify;\">Y la <a target=\"_blank\" href=\"https:\/\/www.ftalksfoodsummit.com\/valencia\" rel=\"noopener\">cuarta edici\u00f3n de ftalks se celebrar\u00e1 en Valencia<\/a> los d\u00edas <strong>20 y 21 de octubre<\/strong>. El <strong>Palau de les Arts Reina Sof\u00eda<\/strong> acoger\u00e1 la primera jornada, que pondr\u00e1 el foco en las \u00faltimas disrupciones mundiales en alimentaci\u00f3n a trav\u00e9s de ponencias y mesas redondas; y la segunda, de car\u00e1cter experiencial, ser\u00e1 nuevamente en el <strong>Telar de Miguel Mart\u00ed<\/strong>, un espacio hist\u00f3rico protegido del siglo XII, donde se ubicar\u00e1 el future market y se dar\u00e1n cita la tecnolog\u00eda y los productos que encontraremos en los lineales en los pr\u00f3ximos 25 a\u00f1os.<\/p>\n<blockquote><p>&#13;<\/p>\n<p style=\"text-align: justify;\">Participar\u00e1n, entre otras, <a target=\"_blank\" href=\"https:\/\/www.proterabio.com\/\" rel=\"noopener\">Protera<\/a>, compa\u00f1\u00eda biotecnol\u00f3gica chilena que ha logrado m\u00e1s de 10 millones de d\u00f3lares de inversi\u00f3n para su plataforma de dise\u00f1o de prote\u00ednas mediante Inteligencia Synthetic; <a target=\"_blank\" href=\"https:\/\/www.bosquefoods.com\/\" rel=\"noopener\">Bosque Foods<\/a>, que desarrolla alternativas a la carne a base de micelio; o <a target=\"_blank\" href=\"https:\/\/climatetrade.com\/es\/inicio\/?gclid=EAIaIQobChMIwc-7-qrh-AIVLI1oCR0SEg8sEAAYASAAEgJmGfD_BwE\" rel=\"noopener\">Climate Trade<\/a>, startup valenciana que ayuda a las empresas a alcanzar la <strong>neutralidad de carbono<\/strong>.<\/p>\n<p>&#13;\n<\/p><\/blockquote>\n<p style=\"text-align: justify;\">En Espa\u00f1a tambi\u00e9n estar\u00e1n presentes los l\u00edderes del company venturing como <strong>Alexandre Bastos<\/strong>, Jefe de Innovaci\u00f3n en <a target=\"_blank\" href=\"https:\/\/www.givaudan.com\/\" rel=\"noopener\">Givaudan<\/a>, habr\u00e1 una notable presencia de <strong>figuras femeninas que lideran los principales fondos de inversi\u00f3n<\/strong> en foodtech como <strong>Henrietta Fireside<\/strong>, Vicepresidenta de <a target=\"_blank\" href=\"https:\/\/bigideaventures.com\/\" rel=\"noopener\">Big Idea Ventures<\/a> \u2013 que cuenta con un fondo de m\u00e1s de $450 millones, 50 de ellos para nuevas prote\u00ednas- y tambi\u00e9n participar\u00e1n personalidades como <strong>Pablo Zamora<\/strong>, Cofundador de <a target=\"_blank\" href=\"https:\/\/notco.com\/\" rel=\"noopener\">Notco<\/a> -empresa que a trav\u00e9s de la inteligencia synthetic est\u00e1 desarrollando <strong>alimentos \u2018plant-based\u2019<\/strong> replicando el sabor de alimentos como por ejemplo la mayonesa o la leche- y tambi\u00e9n Presidente de la Fundaci\u00f3n Chile, entre otros ponentes destacados. Adem\u00e1s, el evento contar\u00e1 con la presencia del <a target=\"_blank\" href=\"https:\/\/www.mapa.gob.es\/es\/\" rel=\"noopener\">Ministerio de Agricultura<\/a> y de numerosas empresas l\u00edderes del sector como <strong>PepsiCo, Vicky Meals, CAPSA Meals, Carrefour o Tony&#8217;s Chocolonely<\/strong>.<\/p>\n<p style=\"text-align: justify;\">En esta edici\u00f3n tambi\u00e9n se presentar\u00e1n los resultados del <strong>primer estudio de neurociencia sobre la percepci\u00f3n de las prote\u00ednas en Espa\u00f1a<\/strong>, entre ellas la nueva generaci\u00f3n de prote\u00ednas, liderado por la startup <a target=\"_blank\" href=\"https:\/\/thimus.com\/en\/home\/\" rel=\"noopener\">Thimus<\/a> en colaboraci\u00f3n con KM ZERO. Adem\u00e1s, habr\u00e1 una <strong>estaci\u00f3n de neurociencia<\/strong> in situ, para que las empresas conozcan el uso de esta tecnolog\u00eda para enfocar mejor la respuesta a las necesidades de los consumidores. Por primera vez, habr\u00e1 contenido expositivo sobre Meals Design, en el marco de la <strong>Capitalidad Mundial del Dise\u00f1o<\/strong> que ostenta Valencia, y ftalks volver\u00e1 a ser escenario de los ftalks Meals Summit Startups Awards en dos categor\u00edas, innovaci\u00f3n y sostenibilidad.<\/p>\n<\/p><\/div>\n\n<p><em> \u2018 The preceding article may include information circulated by third parties \u2019 <\/em><\/p>\n<p><em> \u2018 Some details of this article were extracted from the following source revistaalimentaria.es \u2019 <\/em><\/p>\n","protected":false},"excerpt":{"rendered":"<p>KM ZERO Food Innovation Hub, uno de los principales impulsores de startups de alimentaci\u00f3n en Espa\u00f1a y a nivel world, lanza su cuarta edici\u00f3n de ftalks Food Summit con una relevante novedad geogr\u00e1fica. Por primera vez en su historia este evento internacional de referencia en innovaci\u00f3n en alimentaci\u00f3n no solo se celebrar\u00e1 en Espa\u00f1a, sino [&hellip;]<\/p>\n","protected":false},"author":2,"featured_media":345558,"comment_status":"open","ping_status":"closed","sticky":false,"template":"","format":"standard","meta":{"om_disable_all_campaigns":false,"jnews-multi-image_gallery":[],"jnews_single_post":[],"jnews_primary_category":[],"jnews_social_meta":[],"footnotes":""},"categories":[43],"tags":[48826],"class_list":["post-345557","post","type-post","status-publish","format-standard","has-post-thumbnail","hentry","category-gourmet","tag-ftalks-food-summit22-dara-el-salto-de-espana-a-latinoamerica"],"_links":{"self":[{"href":"https:\/\/dimensionturistica.com\/es\/wp-json\/wp\/v2\/posts\/345557","targetHints":{"allow":["GET"]}}],"collection":[{"href":"https:\/\/dimensionturistica.com\/es\/wp-json\/wp\/v2\/posts"}],"about":[{"href":"https:\/\/dimensionturistica.com\/es\/wp-json\/wp\/v2\/types\/post"}],"author":[{"embeddable":true,"href":"https:\/\/dimensionturistica.com\/es\/wp-json\/wp\/v2\/users\/2"}],"replies":[{"embeddable":true,"href":"https:\/\/dimensionturistica.com\/es\/wp-json\/wp\/v2\/comments?post=345557"}],"version-history":[{"count":0,"href":"https:\/\/dimensionturistica.com\/es\/wp-json\/wp\/v2\/posts\/345557\/revisions"}],"wp:featuredmedia":[{"embeddable":true,"href":"https:\/\/dimensionturistica.com\/es\/wp-json\/wp\/v2\/media\/345558"}],"wp:attachment":[{"href":"https:\/\/dimensionturistica.com\/es\/wp-json\/wp\/v2\/media?parent=345557"}],"wp:term":[{"taxonomy":"category","embeddable":true,"href":"https:\/\/dimensionturistica.com\/es\/wp-json\/wp\/v2\/categories?post=345557"},{"taxonomy":"post_tag","embeddable":true,"href":"https:\/\/dimensionturistica.com\/es\/wp-json\/wp\/v2\/tags?post=345557"}],"curies":[{"name":"wp","href":"https:\/\/api.w.org\/{rel}","templated":true}]}}